{"id":1774,"date":"2012-04-26T14:07:28","date_gmt":"2012-04-26T17:07:28","guid":{"rendered":"http:\/\/www.ifbaiano.edu.br\/unidades\/santaines\/?p=1774"},"modified":"2012-04-30T18:52:09","modified_gmt":"2012-04-30T21:52:09","slug":"volta-as-aulas-com-novidades-para-os-estudantes","status":"publish","type":"post","link":"https:\/\/www.ifbaiano.edu.br\/unidades\/santaines\/volta-as-aulas-com-novidades-para-os-estudantes\/","title":{"rendered":"Volta \u00e0s aulas com novidades para os estudantes"},"content":{"rendered":"<p style=\"text-align: justify\">Na ter\u00e7a-feira (24), aconteceu a aula inaugural do nosso c\u00e2mpus para os calouros, onde o diretor geral, Nelson Vieira da Silva Filho, junto com sua equipe de gest\u00e3o (DDE, CGE, CGAE, CGAF e DAP) em conjunto com a equipe pedag\u00f3gica, apresentou aos alunos e pais presentes o organograma e um breve hist\u00f3rico do campus, seus cursos e miss\u00e3o.<\/p>\n<div id=\"attachment_1779\" style=\"width: 160px\" class=\"wp-caption alignright\"><a href=\"http:\/\/www.ifbaiano.edu.br\/unidades\/santaines\/files\/2012\/04\/Representates-da-Petrobras-com-estudantes1.jpg\"><img aria-describedby=\"caption-attachment-1779\" decoding=\"async\" loading=\"lazy\" class=\"size-thumbnail wp-image-1779\" src=\"http:\/\/www.ifbaiano.edu.br\/unidades\/santaines\/files\/2012\/04\/Representates-da-Petrobras-com-estudantes1-150x150.jpg\" alt=\"\" width=\"150\" height=\"150\" \/><\/a><p id=\"caption-attachment-1779\" class=\"wp-caption-text\">Representates da Petrobr\u00e1s com estudantes<\/p><\/div>\n<div id=\"attachment_1782\" style=\"width: 160px\" class=\"wp-caption alignright\"><a href=\"http:\/\/www.ifbaiano.edu.br\/unidades\/santaines\/files\/2012\/04\/Pais-e-estudantes-na-aula-inaugural2.jpg\"><img aria-describedby=\"caption-attachment-1782\" decoding=\"async\" loading=\"lazy\" class=\"size-thumbnail wp-image-1782\" src=\"http:\/\/www.ifbaiano.edu.br\/unidades\/santaines\/files\/2012\/04\/Pais-e-estudantes-na-aula-inaugural2-150x150.jpg\" alt=\"\" width=\"150\" height=\"150\" \/><\/a><p id=\"caption-attachment-1782\" class=\"wp-caption-text\">Pais e estudantes na aula inaugural<\/p><\/div>\n<p style=\"text-align: justify\">J\u00e1 na quinta-feira (26), acontecem reuni\u00f5es com parceiros do nosso Instituto, que possibilitar\u00e3o aos estudantes do c\u00e2mpus estagiarem nestas empresas, o que acrescentar\u00e3o experi\u00eancias fundamentais na forma\u00e7\u00e3o profissional desses estudantes. No audit\u00f3rio acontece reuni\u00e3o com os estudantes que concorrem a bolsas para o\u00a0 <a href=\"http:\/\/www.ifbaiano.edu.br\/unidades\/santaines\/2012\/04\/19\/retificacao-do-edital-do-programa-de-formacao-de-recursos-humanos-pfrh-da-petrobras-para-selecao-de-alunos-bolsistas\/\" target=\"_blank\">Programa de Forma\u00e7\u00e3o de Recursos Humanos (PFRH) da Petrobr\u00e1s<\/a> , logo em seguida o servidor F\u00e1bio Oliveira Barreto, Coordenador de Est\u00e1gios e Egressos, comanda reuni\u00e3o com Sr. Lessivan Marcos de Oliveira Pacheco, S\u00f3cio-Propriet\u00e1rio da Fazenda Lagoa do Morro, tamb\u00e9m visando um conv\u00eanio de est\u00e1gio, desta vez com a referida propriedade rural.<\/p>\n<div id=\"attachment_1783\" style=\"width: 310px\" class=\"wp-caption alignleft\"><a href=\"http:\/\/www.ifbaiano.edu.br\/unidades\/santaines\/files\/2012\/04\/Calouras-apos-recepcao-dos-veteranos2.jpg\"><img aria-describedby=\"caption-attachment-1783\" decoding=\"async\" loading=\"lazy\" class=\"size-medium wp-image-1783\" src=\"http:\/\/www.ifbaiano.edu.br\/unidades\/santaines\/files\/2012\/04\/Calouras-apos-recepcao-dos-veteranos2-300x225.jpg\" alt=\"\" width=\"300\" height=\"225\" srcset=\"https:\/\/www.ifbaiano.edu.br\/unidades\/santaines\/files\/2012\/04\/Calouras-apos-recepcao-dos-veteranos2-300x225.jpg 300w, https:\/\/www.ifbaiano.edu.br\/unidades\/santaines\/files\/2012\/04\/Calouras-apos-recepcao-dos-veteranos2-1024x768.jpg 1024w, https:\/\/www.ifbaiano.edu.br\/unidades\/santaines\/files\/2012\/04\/Calouras-apos-recepcao-dos-veteranos2-400x300.jpg 400w, https:\/\/www.ifbaiano.edu.br\/unidades\/santaines\/files\/2012\/04\/Calouras-apos-recepcao-dos-veteranos2.jpg 1280w\" sizes=\"(max-width: 300px) 100vw, 300px\" \/><\/a><p id=\"caption-attachment-1783\" class=\"wp-caption-text\">Calouras ap\u00f3s recep\u00e7\u00e3o dos veteranos<\/p><\/div>\n<p style=\"text-align: justify\">As fotos dos eventos, bem como a confraterniza\u00e7\u00e3o dos calouros com os veteranos podem ser visualizadas em nossa p\u00e1gina do <a href=\"http:\/\/www.facebook.com\/profile.php?id=100003227175737\" target=\"_blank\">facebook<\/a><\/p>\n","protected":false},"excerpt":{"rendered":"<p>Na ter\u00e7a-feira (24), aconteceu a aula inaugural do nosso c\u00e2mpus para os calouros, onde o diretor geral, Nelson Vieira da Silva Filho, junto com sua equipe de gest\u00e3o (DDE, CGE, CGAE, CGAF e DAP) em conjunto com a equipe pedag\u00f3gica, apresentou aos alunos e pais presentes o organograma e um breve hist\u00f3rico do campus, seus [&hellip;]<\/p>\n","protected":false},"author":26,"featured_media":0,"comment_status":"closed","ping_status":"closed","sticky":false,"template":"","format":"standard","meta":[],"categories":[10],"tags":[],"_links":{"self":[{"href":"https:\/\/www.ifbaiano.edu.br\/unidades\/santaines\/wp-json\/wp\/v2\/posts\/1774"}],"collection":[{"href":"https:\/\/www.ifbaiano.edu.br\/unidades\/santaines\/wp-json\/wp\/v2\/posts"}],"about":[{"href":"https:\/\/www.ifbaiano.edu.br\/unidades\/santaines\/wp-json\/wp\/v2\/types\/post"}],"author":[{"embeddable":true,"href":"https:\/\/www.ifbaiano.edu.br\/unidades\/santaines\/wp-json\/wp\/v2\/users\/26"}],"replies":[{"embeddable":true,"href":"https:\/\/www.ifbaiano.edu.br\/unidades\/santaines\/wp-json\/wp\/v2\/comments?post=1774"}],"version-history":[{"count":16,"href":"https:\/\/www.ifbaiano.edu.br\/unidades\/santaines\/wp-json\/wp\/v2\/posts\/1774\/revisions"}],"predecessor-version":[{"id":1792,"href":"https:\/\/www.ifbaiano.edu.br\/unidades\/santaines\/wp-json\/wp\/v2\/posts\/1774\/revisions\/1792"}],"wp:attachment":[{"href":"https:\/\/www.ifbaiano.edu.br\/unidades\/santaines\/wp-json\/wp\/v2\/media?parent=1774"}],"wp:term":[{"taxonomy":"category","embeddable":true,"href":"https:\/\/www.ifbaiano.edu.br\/unidades\/santaines\/wp-json\/wp\/v2\/categories?post=1774"},{"taxonomy":"post_tag","embeddable":true,"href":"https:\/\/www.ifbaiano.edu.br\/unidades\/santaines\/wp-json\/wp\/v2\/tags?post=1774"}],"curies":[{"name":"wp","href":"https:\/\/api.w.org\/{rel}","templated":true}]}}