{"id":17791,"date":"2022-11-30T22:43:21","date_gmt":"2022-12-01T01:43:21","guid":{"rendered":"https:\/\/www.ifbaiano.edu.br\/unidades\/santaines\/?p=17791"},"modified":"2022-11-30T22:44:27","modified_gmt":"2022-12-01T01:44:27","slug":"campus-santa-ines-entrega-diplomas-a-estudantes-do-curso-ead-tecnico-em-secretaria-escolar-em-maracas","status":"publish","type":"post","link":"https:\/\/www.ifbaiano.edu.br\/unidades\/santaines\/campus-santa-ines-entrega-diplomas-a-estudantes-do-curso-ead-tecnico-em-secretaria-escolar-em-maracas\/","title":{"rendered":"Campus Santa In\u00eas entrega diplomas a estudantes do Curso EaD &#8211; T\u00e9cnico em Secretaria Escolar, em Marac\u00e1s"},"content":{"rendered":"\n<p>No dia 17 de novembro de 2022, na Secretaria de Educa\u00e7\u00e3o de Marac\u00e1s-BA, aconteceu a cerim\u00f4nia de entrega de declara\u00e7\u00f5es e diplomas aos 35 estudantes concluintes da turma do Curso T\u00e9cnico em Secretaria Escolar do IF Baiano &#8211; Campus Santa In\u00eas, polo Marac\u00e1s.<\/p>\n\n\n\n<p>Estiveram presentes, na cerim\u00f4nia, a Diretora Geral do Campus Santa In\u00eas, Professora Genilda de Souza Lima, a Secret\u00e1ria de Educa\u00e7\u00e3o do munic\u00edpio de Marac\u00e1s, professora Adineide de Novaes Santos, a Coordenadora do polo EAD e Professora do Campus Santa In\u00eas, Cl\u00e1udia Bocchese de Lima, o mediador da turma, Professor Emerson Pires da Silva e os estudantes concluintes.<\/p>\n\n\n\n<figure class=\"wp-block-gallery columns-2 is-cropped wp-block-gallery-1 is-layout-flex\"><ul class=\"blocks-gallery-grid\"><li class=\"blocks-gallery-item\"><figure><a href=\"https:\/\/www.ifbaiano.edu.br\/unidades\/santaines\/files\/2022\/11\/d16d4522-5864-4ddc-930c-e363b17430c5.jpg\"><img decoding=\"async\" loading=\"lazy\" width=\"1280\" height=\"852\" src=\"https:\/\/www.ifbaiano.edu.br\/unidades\/santaines\/files\/2022\/11\/d16d4522-5864-4ddc-930c-e363b17430c5.jpg\" alt=\"\" data-id=\"17796\" data-link=\"https:\/\/www.ifbaiano.edu.br\/unidades\/santaines\/campus-santa-ines-entrega-diplomas-a-estudantes-do-curso-ead-tecnico-em-secretaria-escolar-em-maracas\/d16d4522-5864-4ddc-930c-e363b17430c5\/\" class=\"wp-image-17796\" \/><\/a><\/figure><\/li><li class=\"blocks-gallery-item\"><figure><a href=\"https:\/\/www.ifbaiano.edu.br\/unidades\/santaines\/files\/2022\/11\/e1b09220-848d-4bc9-be53-f5092c60af38-1.jpg\"><img decoding=\"async\" loading=\"lazy\" width=\"1280\" height=\"852\" src=\"https:\/\/www.ifbaiano.edu.br\/unidades\/santaines\/files\/2022\/11\/e1b09220-848d-4bc9-be53-f5092c60af38-1.jpg\" alt=\"\" data-id=\"17794\" data-link=\"https:\/\/www.ifbaiano.edu.br\/unidades\/santaines\/?attachment_id=17794\" class=\"wp-image-17794\" \/><\/a><\/figure><\/li><\/ul><\/figure>\n\n\n\n<p>A professora Genilda Lima, parabenizou os alunos pela conclus\u00e3o de um ciclo ressaltando a import\u00e2ncia dessa conquista, destacou a relev\u00e2ncia da parceria com a prefeitura municipal\u00a0 de Marac\u00e1s, atrav\u00e9s da Secretaria de Educa\u00e7\u00e3o, para o desenvolvimento das a\u00e7\u00f5es do curso e finalizou sua fala destacando: \u201c\u00e9 um compromisso do IF Baiano levar educa\u00e7\u00e3o p\u00fablica e de qualidade ao territ\u00f3rio onde ele est\u00e1 inserido, e \u00e9 extremamente importante o estabelecimento de parcerias com as prefeituras municipais, assim agradecemos o apoio da prefeitura de Marac\u00e1s e refirmamos que daremos continuidade\u00a0 \u00e0 parceria, j\u00e1 com previs\u00e3o de novas turmas para 2023\u201d.<\/p>\n\n\n\n<p>A professora Adineide Santos, ressaltou as melhorias na pr\u00e1tica profissional ocorridas nas escolas ap\u00f3s a capacita\u00e7\u00e3o dos secret\u00e1rios e acrescentou que \u201cfoi vis\u00edvel, nas escolas, a aplica\u00e7\u00e3o dos conhecimentos adquiridos, o que nos mostra que esse \u00e9 o caminho\u201d.<\/p>\n\n\n\n<p>Segundo a professora Cl\u00e1udia Lima, este curso teve in\u00edcio em agosto de 2019 com previs\u00e3o de t\u00e9rmino em dezembro de 2020. Por\u00e9m \u201cpor conta da pandemia de COVID-19, s\u00f3 agora foi poss\u00edvel realizar esse evento\u201d, acrescenta. A professora destaca, ainda, o baixo \u00edndice de evas\u00e3o como um fator importante \u201cessa turma que iniciou com quarenta e oito estudantes e, mesmo com tantos imprevistos, trinta e cinco conclu\u00edram o curso, o que representa um percentual de 72% de conclus\u00e3o e \u00eaxito, acima da m\u00e9dia nacional para os cursos EAD&#8221;. Finaliza.<\/p>\n\n\n\n<hr class=\"wp-block-separator\" \/>\n\n\n\n<p><\/p>\n","protected":false},"excerpt":{"rendered":"<p>No dia 17 de novembro de 2022, na Secretaria de Educa\u00e7\u00e3o de Marac\u00e1s-BA, aconteceu a cerim\u00f4nia de entrega de declara\u00e7\u00f5es e diplomas aos 35 estudantes concluintes da turma do Curso T\u00e9cnico em Secretaria Escolar do IF Baiano &#8211; Campus Santa In\u00eas, polo Marac\u00e1s. Estiveram presentes, na cerim\u00f4nia, a Diretora Geral do Campus Santa In\u00eas, Professora [&hellip;]<\/p>\n","protected":false},"author":86,"featured_media":17792,"comment_status":"closed","ping_status":"closed","sticky":false,"template":"","format":"standard","meta":[],"categories":[4,37,57],"tags":[],"_links":{"self":[{"href":"https:\/\/www.ifbaiano.edu.br\/unidades\/santaines\/wp-json\/wp\/v2\/posts\/17791"}],"collection":[{"href":"https:\/\/www.ifbaiano.edu.br\/unidades\/santaines\/wp-json\/wp\/v2\/posts"}],"about":[{"href":"https:\/\/www.ifbaiano.edu.br\/unidades\/santaines\/wp-json\/wp\/v2\/types\/post"}],"author":[{"embeddable":true,"href":"https:\/\/www.ifbaiano.edu.br\/unidades\/santaines\/wp-json\/wp\/v2\/users\/86"}],"replies":[{"embeddable":true,"href":"https:\/\/www.ifbaiano.edu.br\/unidades\/santaines\/wp-json\/wp\/v2\/comments?post=17791"}],"version-history":[{"count":2,"href":"https:\/\/www.ifbaiano.edu.br\/unidades\/santaines\/wp-json\/wp\/v2\/posts\/17791\/revisions"}],"predecessor-version":[{"id":17797,"href":"https:\/\/www.ifbaiano.edu.br\/unidades\/santaines\/wp-json\/wp\/v2\/posts\/17791\/revisions\/17797"}],"wp:featuredmedia":[{"embeddable":true,"href":"https:\/\/www.ifbaiano.edu.br\/unidades\/santaines\/wp-json\/wp\/v2\/media\/17792"}],"wp:attachment":[{"href":"https:\/\/www.ifbaiano.edu.br\/unidades\/santaines\/wp-json\/wp\/v2\/media?parent=17791"}],"wp:term":[{"taxonomy":"category","embeddable":true,"href":"https:\/\/www.ifbaiano.edu.br\/unidades\/santaines\/wp-json\/wp\/v2\/categories?post=17791"},{"taxonomy":"post_tag","embeddable":true,"href":"https:\/\/www.ifbaiano.edu.br\/unidades\/santaines\/wp-json\/wp\/v2\/tags?post=17791"}],"curies":[{"name":"wp","href":"https:\/\/api.w.org\/{rel}","templated":true}]}}