{"id":17798,"date":"2022-12-01T13:56:24","date_gmt":"2022-12-01T16:56:24","guid":{"rendered":"https:\/\/www.ifbaiano.edu.br\/unidades\/santaines\/?p=17798"},"modified":"2022-12-01T16:12:22","modified_gmt":"2022-12-01T19:12:22","slug":"campus-santa-ines-realiza-reuniao-com-pais-de-estudantes-dos-cursos-tecnicos-integrados","status":"publish","type":"post","link":"https:\/\/www.ifbaiano.edu.br\/unidades\/santaines\/campus-santa-ines-realiza-reuniao-com-pais-de-estudantes-dos-cursos-tecnicos-integrados\/","title":{"rendered":"Campus Santa In\u00eas convida pais de estudantes dos cursos T\u00e9cnicos Integrados para reuni\u00e3o"},"content":{"rendered":"\n<p>A Diretora Geral do IF Baiano &#8211; Campus Santa In\u00eas, Professora Genilda Lima, convida os pais e\/ou respons\u00e1veis\u00a0pelos estudantes dos 2\u00ba e 3\u00ba anos dos cursos T\u00e9cnicos Integrados em Agropecu\u00e1ria, Alimentos e Zootecnia, deste Campus, para participarem da Reuni\u00e3o de finaliza\u00e7\u00e3o do I Semestre do Ano Letivo 2022 que ser\u00e1 realizada no pr\u00f3ximo dia\u00a021, \u00e0s 13h30min, na quadra poliesportiva do Campus.<\/p>\n\n\n\n<p>Na oportunidade, informamos que o acesso ao Refeit\u00f3rio do Campus ser\u00e1 restrito aos Pais que residem em locais distantes.<\/p>\n\n\n\n<h2 class=\"wp-block-heading\">Pauta da reuni\u00e3o:<\/h2>\n\n\n\n<ul><li>13h30min \u2013 Apresenta\u00e7\u00e3o cultural <\/li><\/ul>\n\n\n\n<p><strong>Primeiro momento<\/strong>:<\/p>\n\n\n\n<ul><li>14h &#8211; Informes Gerais (Dire\u00e7\u00f5es, Coordena\u00e7\u00f5es, N\u00facleo de Rela\u00e7\u00f5es Institucionais &#8211; NRI;<\/li><\/ul>\n\n\n\n<ul><li>14h30min &#8211; Palestra: \u00a0Viol\u00eancia psicol\u00f3gica: desdobramentos do trote com o Psic\u00f3logo Lucas Warley da Silva da Costa CRP: 0321682.<\/li><\/ul>\n\n\n\n<p><strong>Segundo Momento<\/strong>:<\/p>\n\n\n\n<ul><li>15h30min &#8211; Atendimento pedag\u00f3gico com os docentes.<\/li><\/ul>\n\n\n\n<hr class=\"wp-block-separator\" \/>\n","protected":false},"excerpt":{"rendered":"<p>A Diretora Geral do IF Baiano &#8211; Campus Santa In\u00eas, Professora Genilda Lima, convida os pais e\/ou respons\u00e1veis\u00a0pelos estudantes dos 2\u00ba e 3\u00ba anos dos cursos T\u00e9cnicos Integrados em Agropecu\u00e1ria, Alimentos e Zootecnia, deste Campus, para participarem da Reuni\u00e3o de finaliza\u00e7\u00e3o do I Semestre do Ano Letivo 2022 que ser\u00e1 realizada no pr\u00f3ximo dia\u00a021, \u00e0s [&hellip;]<\/p>\n","protected":false},"author":86,"featured_media":0,"comment_status":"closed","ping_status":"closed","sticky":false,"template":"","format":"standard","meta":[],"categories":[4,19,13,5,7,57],"tags":[],"_links":{"self":[{"href":"https:\/\/www.ifbaiano.edu.br\/unidades\/santaines\/wp-json\/wp\/v2\/posts\/17798"}],"collection":[{"href":"https:\/\/www.ifbaiano.edu.br\/unidades\/santaines\/wp-json\/wp\/v2\/posts"}],"about":[{"href":"https:\/\/www.ifbaiano.edu.br\/unidades\/santaines\/wp-json\/wp\/v2\/types\/post"}],"author":[{"embeddable":true,"href":"https:\/\/www.ifbaiano.edu.br\/unidades\/santaines\/wp-json\/wp\/v2\/users\/86"}],"replies":[{"embeddable":true,"href":"https:\/\/www.ifbaiano.edu.br\/unidades\/santaines\/wp-json\/wp\/v2\/comments?post=17798"}],"version-history":[{"count":3,"href":"https:\/\/www.ifbaiano.edu.br\/unidades\/santaines\/wp-json\/wp\/v2\/posts\/17798\/revisions"}],"predecessor-version":[{"id":17801,"href":"https:\/\/www.ifbaiano.edu.br\/unidades\/santaines\/wp-json\/wp\/v2\/posts\/17798\/revisions\/17801"}],"wp:attachment":[{"href":"https:\/\/www.ifbaiano.edu.br\/unidades\/santaines\/wp-json\/wp\/v2\/media?parent=17798"}],"wp:term":[{"taxonomy":"category","embeddable":true,"href":"https:\/\/www.ifbaiano.edu.br\/unidades\/santaines\/wp-json\/wp\/v2\/categories?post=17798"},{"taxonomy":"post_tag","embeddable":true,"href":"https:\/\/www.ifbaiano.edu.br\/unidades\/santaines\/wp-json\/wp\/v2\/tags?post=17798"}],"curies":[{"name":"wp","href":"https:\/\/api.w.org\/{rel}","templated":true}]}}