{"id":17802,"date":"2022-12-02T09:15:09","date_gmt":"2022-12-02T12:15:09","guid":{"rendered":"https:\/\/www.ifbaiano.edu.br\/unidades\/santaines\/?p=17802"},"modified":"2022-12-02T09:15:10","modified_gmt":"2022-12-02T12:15:10","slug":"if-baiano-recebe-nova-demanda-e-volta-a-prestar-informacoes-solicitadas-pelo-tcu-sobre-o-ponto-eletronico","status":"publish","type":"post","link":"https:\/\/www.ifbaiano.edu.br\/unidades\/santaines\/if-baiano-recebe-nova-demanda-e-volta-a-prestar-informacoes-solicitadas-pelo-tcu-sobre-o-ponto-eletronico\/","title":{"rendered":"IF Baiano recebe nova demanda e volta a prestar informa\u00e7\u00f5es solicitadas pelo TCU sobre o Ponto Eletr\u00f4nico"},"content":{"rendered":"\n<p>O IF Baiano recebeu, na \u00faltima quarta-feira, 30, o Of\u00edcio 61159\/2022-TCU\/Seproc, proveniente do Tribunal de Contas da Uni\u00e3o (TCU) e destinado aos Institutos Federais, solicitando informa\u00e7\u00f5es sobre a Implanta\u00e7\u00e3o do Ponto Eletr\u00f4nico, com \u00eanfase no acompanhamento da jornada dos docentes; sobre a Governan\u00e7a de Tecnologia da Informa\u00e7\u00e3o e Comunica\u00e7\u00e3o (TIC); e sobre os aspectos relacionados \u00e0s auditorias internas da entidade.&nbsp;<\/p>\n\n\n\n<p>Com objetivo de compartilhar com a sua comunidade todos os detalhes destas tratativas e primando pela transpar\u00eancia, o IF Baiano informa ainda que foi solicitado, pelo TCU aos Institutos Federais, o preenchimento de quatro formul\u00e1rios sobre:<\/p>\n\n\n\n<p>a) Governan\u00e7a de TI;<\/p>\n\n\n\n<p>b) Ponto Eletr\u00f4nico e controles de carga hor\u00e1ria docente;<\/p>\n\n\n\n<p>c) Estrutura e posicionamento da Audin na entidade; e<\/p>\n\n\n\n<p>d) Transpar\u00eancia e Presta\u00e7\u00e3o de Contas.<\/p>\n\n\n\n<p>Foi utilizada a ferramenta Google Forms para a elabora\u00e7\u00e3o dos formul\u00e1rios, sendo que estes ser\u00e3o acessados pelas entidades a partir dos links disponibilizados no Of\u00edcio.&nbsp;<\/p>\n\n\n\n<p>Todas as respostas e documenta\u00e7\u00e3o comprobat\u00f3ria ser\u00e3o apresentadas dentro dos prazos estabelecidos e seguindo os ritos jur\u00eddicos pertinentes \u00e0 situa\u00e7\u00e3o.&nbsp;<\/p>\n\n\n\n<p>O IF Baiano refor\u00e7a que manter\u00e1 a comunidade atualizada das quest\u00f5es relacionadas a esse processo, ressaltando ainda que todos os documentos, que n\u00e3o tenham informa\u00e7\u00f5es sens\u00edveis, ser\u00e3o amplamente divulgados.<\/p>\n\n\n\n<p>Documento:<\/p>\n\n\n\n<p><a href=\"https:\/\/ifbaiano.edu.br\/portal\/wp-content\/uploads\/2022\/12\/Oficio-061.159_2022-SEPROC.pdf\">Of\u00edcio 61159\/2022-TCU\/Seproc<\/a><\/p>\n\n\n\n<hr class=\"wp-block-separator\" \/>\n\n\n\n<p>Mat\u00e9ria ASCOM dispon\u00edvel em: https:\/\/ifbaiano.edu.br\/portal\/blog\/if-baiano-recebe-nova-demanda-e-volta-a-prestar-informacoes-solicitadas-pelo-tcu-sobre-o-ponto-eletronico\/<\/p>\n","protected":false},"excerpt":{"rendered":"<p>O IF Baiano recebeu, na \u00faltima quarta-feira, 30, o Of\u00edcio 61159\/2022-TCU\/Seproc, proveniente do Tribunal de Contas da Uni\u00e3o (TCU) e destinado aos Institutos Federais, solicitando informa\u00e7\u00f5es sobre a Implanta\u00e7\u00e3o do Ponto Eletr\u00f4nico, com \u00eanfase no acompanhamento da jornada dos docentes; sobre a Governan\u00e7a de Tecnologia da Informa\u00e7\u00e3o e Comunica\u00e7\u00e3o (TIC); e sobre os aspectos relacionados [&hellip;]<\/p>\n","protected":false},"author":86,"featured_media":17559,"comment_status":"closed","ping_status":"closed","sticky":false,"template":"","format":"standard","meta":[],"categories":[4,5,10,57],"tags":[],"_links":{"self":[{"href":"https:\/\/www.ifbaiano.edu.br\/unidades\/santaines\/wp-json\/wp\/v2\/posts\/17802"}],"collection":[{"href":"https:\/\/www.ifbaiano.edu.br\/unidades\/santaines\/wp-json\/wp\/v2\/posts"}],"about":[{"href":"https:\/\/www.ifbaiano.edu.br\/unidades\/santaines\/wp-json\/wp\/v2\/types\/post"}],"author":[{"embeddable":true,"href":"https:\/\/www.ifbaiano.edu.br\/unidades\/santaines\/wp-json\/wp\/v2\/users\/86"}],"replies":[{"embeddable":true,"href":"https:\/\/www.ifbaiano.edu.br\/unidades\/santaines\/wp-json\/wp\/v2\/comments?post=17802"}],"version-history":[{"count":1,"href":"https:\/\/www.ifbaiano.edu.br\/unidades\/santaines\/wp-json\/wp\/v2\/posts\/17802\/revisions"}],"predecessor-version":[{"id":17803,"href":"https:\/\/www.ifbaiano.edu.br\/unidades\/santaines\/wp-json\/wp\/v2\/posts\/17802\/revisions\/17803"}],"wp:featuredmedia":[{"embeddable":true,"href":"https:\/\/www.ifbaiano.edu.br\/unidades\/santaines\/wp-json\/wp\/v2\/media\/17559"}],"wp:attachment":[{"href":"https:\/\/www.ifbaiano.edu.br\/unidades\/santaines\/wp-json\/wp\/v2\/media?parent=17802"}],"wp:term":[{"taxonomy":"category","embeddable":true,"href":"https:\/\/www.ifbaiano.edu.br\/unidades\/santaines\/wp-json\/wp\/v2\/categories?post=17802"},{"taxonomy":"post_tag","embeddable":true,"href":"https:\/\/www.ifbaiano.edu.br\/unidades\/santaines\/wp-json\/wp\/v2\/tags?post=17802"}],"curies":[{"name":"wp","href":"https:\/\/api.w.org\/{rel}","templated":true}]}}