{"id":17804,"date":"2022-12-02T22:25:08","date_gmt":"2022-12-03T01:25:08","guid":{"rendered":"https:\/\/www.ifbaiano.edu.br\/unidades\/santaines\/?p=17804"},"modified":"2022-12-02T22:28:10","modified_gmt":"2022-12-03T01:28:10","slug":"iii-semana-de-biologia-do-if-baiano-campus-santa-ines-encerra-com-exito","status":"publish","type":"post","link":"https:\/\/www.ifbaiano.edu.br\/unidades\/santaines\/iii-semana-de-biologia-do-if-baiano-campus-santa-ines-encerra-com-exito\/","title":{"rendered":"III Semana de Biologia do IF Baiano Campus Santa In\u00eas encerra com \u00eaxito"},"content":{"rendered":"\n<div class=\"wp-block-media-text alignwide is-stacked-on-mobile\" style=\"grid-template-columns:33% auto\"><figure class=\"wp-block-media-text__media\"><img decoding=\"async\" loading=\"lazy\" width=\"899\" height=\"1599\" src=\"https:\/\/www.ifbaiano.edu.br\/unidades\/santaines\/files\/2022\/12\/Recepcao.jpg\" alt=\"\" class=\"wp-image-17805 size-full\" \/><\/figure><div class=\"wp-block-media-text__content\">\n<p>Passados dois anos da <a href=\"https:\/\/www.ifbaiano.edu.br\/unidades\/santaines\/ensinando-com-arte-foi-o-tema-da-ii-semana-de-biologia-do-if-baiano-campus-santa-ines\/\">\u00faltima edi\u00e7\u00e3o<\/a>, a Semana de Biologia volta a acontecer no IF Baiano <em>Campus<\/em> Santa In\u00eas, no per\u00edodo de 29 de novembro a 01 de dezembro de 2022, em sua terceira edi\u00e7\u00e3o. O evento aconteceu predominantemente no Audit\u00f3rio da Biblioteca do <em>Campus<\/em> com a tem\u00e1tica \u201cDi\u00e1logo Intercultural: entre viv\u00eancia e ci\u00eancia\u201d.<\/p>\n\n\n\n<p>O evento encerrou ontem (1) e contou com a participa\u00e7\u00e3o de estudantes, servidores, professores e comunidade externa. Inicialmente, seu encerramento estava previsto para acontecer hoje (2), no entanto, acabou sendo antecipado, em virtude dos jogos da sele\u00e7\u00e3o Brasileira de Futebol na Copa do Mundo FIFA 2022.<\/p>\n\n\n\n<p>A III Semana de Biologia objetivou promover o di\u00e1logo Intercultural das produ\u00e7\u00f5es resultantes de pesquisa, ensino e extens\u00e3o do <em>Campus<\/em> Santa In\u00eas, bem como de todo Territ\u00f3rio do Vale do Jiquiri\u00e7\u00e1. Para tanto, contou com um rico \u2018card\u00e1pio\u2019 na programa\u00e7\u00e3o.<\/p>\n<\/div><\/div>\n\n\n\n<p>A noite de abertura contou com a palestra da Profa. Dra. Lilian Boccardo, da Universidade Estadual da Bahia &#8211; UESB, sobre \u201cDi\u00e1logo de Saberes: biodiversidade e conserva\u00e7\u00e3o\u201d que, por sua vez, gerou uma ponte para a segunda noite em que o Prof. Me. Al\u00edcio Rodrigues Matos versou sobre o tema com o t\u00edtulo \u201cSaberes e Pr\u00e1ticas em pesquisas com trabalhadores rurais assentados na Fazenda Palestina, em Cravol\u00e2ndia: uma rela\u00e7\u00e3o perigosa entre analfabetismo e o uso de agrot\u00f3xicos\u201d e, ap\u00f3s a palestra, ocorreram mais de 20 apresenta\u00e7\u00f5es orais de trabalhos submetidos. Na terceira e \u00faltima noite, o Prof. Me. Vin\u00edcius Mascarenhas dos Passos, continuou oportunizando o momento dial\u00f3gico com o tema \u201c<em>Queerizando<\/em> corpo, g\u00eanero e sexualidade no ensino de Biologia\u201d. Para al\u00e9m da programa\u00e7\u00e3o noturna, na manh\u00e3 e tarde de quinta-feira (01\/12) foram ofertados, no bloco do ensino superior, 10 op\u00e7\u00f5es entre minicursos e oficinas. O evento contou com mais de 150 inscritos.<\/p>\n\n\n\n<figure class=\"wp-block-gallery columns-3 is-cropped wp-block-gallery-1 is-layout-flex\"><ul class=\"blocks-gallery-grid\"><li class=\"blocks-gallery-item\"><figure><a href=\"https:\/\/www.ifbaiano.edu.br\/unidades\/santaines\/files\/2022\/12\/7760d0fb-ae51-4feb-9b4f-ea4c17afee5c.jpg\"><img decoding=\"async\" loading=\"lazy\" width=\"1600\" height=\"1200\" src=\"https:\/\/www.ifbaiano.edu.br\/unidades\/santaines\/files\/2022\/12\/7760d0fb-ae51-4feb-9b4f-ea4c17afee5c.jpg\" alt=\"\" data-id=\"17819\" data-link=\"https:\/\/www.ifbaiano.edu.br\/unidades\/santaines\/?attachment_id=17819\" class=\"wp-image-17819\" \/><\/a><\/figure><\/li><li class=\"blocks-gallery-item\"><figure><a href=\"https:\/\/www.ifbaiano.edu.br\/unidades\/santaines\/files\/2022\/12\/01.jpg\"><img decoding=\"async\" loading=\"lazy\" width=\"1599\" height=\"899\" src=\"https:\/\/www.ifbaiano.edu.br\/unidades\/santaines\/files\/2022\/12\/01.jpg\" alt=\"\" data-id=\"17806\" data-link=\"https:\/\/www.ifbaiano.edu.br\/unidades\/santaines\/?attachment_id=17806\" class=\"wp-image-17806\" \/><\/a><\/figure><\/li><li class=\"blocks-gallery-item\"><figure><a href=\"https:\/\/www.ifbaiano.edu.br\/unidades\/santaines\/files\/2022\/12\/7eb101b7-c021-45f8-be44-e09a51aafa58.jpg\"><img decoding=\"async\" loading=\"lazy\" width=\"1280\" height=\"960\" src=\"https:\/\/www.ifbaiano.edu.br\/unidades\/santaines\/files\/2022\/12\/7eb101b7-c021-45f8-be44-e09a51aafa58.jpg\" alt=\"\" data-id=\"17812\" data-link=\"https:\/\/www.ifbaiano.edu.br\/unidades\/santaines\/?attachment_id=17812\" class=\"wp-image-17812\" \/><\/a><\/figure><\/li><li class=\"blocks-gallery-item\"><figure><a href=\"https:\/\/www.ifbaiano.edu.br\/unidades\/santaines\/files\/2022\/12\/37d907aa-2491-4690-825c-777b8629b1b8.jpg\"><img decoding=\"async\" loading=\"lazy\" width=\"1200\" height=\"1600\" src=\"https:\/\/www.ifbaiano.edu.br\/unidades\/santaines\/files\/2022\/12\/37d907aa-2491-4690-825c-777b8629b1b8.jpg\" alt=\"\" data-id=\"17817\" data-link=\"https:\/\/www.ifbaiano.edu.br\/unidades\/santaines\/?attachment_id=17817\" class=\"wp-image-17817\" \/><\/a><\/figure><\/li><li class=\"blocks-gallery-item\"><figure><a href=\"https:\/\/www.ifbaiano.edu.br\/unidades\/santaines\/files\/2022\/12\/45bf2379-d6aa-4f94-b6f1-727442afdc3f.jpg\"><img decoding=\"async\" loading=\"lazy\" width=\"899\" height=\"1599\" src=\"https:\/\/www.ifbaiano.edu.br\/unidades\/santaines\/files\/2022\/12\/45bf2379-d6aa-4f94-b6f1-727442afdc3f.jpg\" alt=\"\" data-id=\"17818\" data-link=\"https:\/\/www.ifbaiano.edu.br\/unidades\/santaines\/?attachment_id=17818\" class=\"wp-image-17818\" \/><\/a><\/figure><\/li><li class=\"blocks-gallery-item\"><figure><a href=\"https:\/\/www.ifbaiano.edu.br\/unidades\/santaines\/files\/2022\/12\/7.jpg\"><img decoding=\"async\" loading=\"lazy\" width=\"1600\" height=\"1201\" src=\"https:\/\/www.ifbaiano.edu.br\/unidades\/santaines\/files\/2022\/12\/7.jpg\" alt=\"\" data-id=\"17811\" data-link=\"https:\/\/www.ifbaiano.edu.br\/unidades\/santaines\/?attachment_id=17811\" class=\"wp-image-17811\" \/><\/a><\/figure><\/li><li class=\"blocks-gallery-item\"><figure><a href=\"https:\/\/www.ifbaiano.edu.br\/unidades\/santaines\/files\/2022\/12\/1.jpg\"><img decoding=\"async\" loading=\"lazy\" width=\"1200\" height=\"1600\" src=\"https:\/\/www.ifbaiano.edu.br\/unidades\/santaines\/files\/2022\/12\/1.jpg\" alt=\"\" data-id=\"17807\" data-link=\"https:\/\/www.ifbaiano.edu.br\/unidades\/santaines\/?attachment_id=17807\" class=\"wp-image-17807\" \/><\/a><\/figure><\/li><li class=\"blocks-gallery-item\"><figure><a href=\"https:\/\/www.ifbaiano.edu.br\/unidades\/santaines\/files\/2022\/12\/2.jpg\"><img decoding=\"async\" loading=\"lazy\" width=\"1200\" height=\"1600\" src=\"https:\/\/www.ifbaiano.edu.br\/unidades\/santaines\/files\/2022\/12\/2.jpg\" alt=\"\" data-id=\"17808\" data-link=\"https:\/\/www.ifbaiano.edu.br\/unidades\/santaines\/?attachment_id=17808\" class=\"wp-image-17808\" \/><\/a><\/figure><\/li><li class=\"blocks-gallery-item\"><figure><a href=\"https:\/\/www.ifbaiano.edu.br\/unidades\/santaines\/files\/2022\/12\/31368232-d293-41ae-a468-d704734f048a.jpg\"><img decoding=\"async\" loading=\"lazy\" width=\"1280\" height=\"1133\" src=\"https:\/\/www.ifbaiano.edu.br\/unidades\/santaines\/files\/2022\/12\/31368232-d293-41ae-a468-d704734f048a.jpg\" alt=\"\" data-id=\"17821\" data-link=\"https:\/\/www.ifbaiano.edu.br\/unidades\/santaines\/?attachment_id=17821\" class=\"wp-image-17821\" \/><\/a><\/figure><\/li><\/ul><\/figure>\n\n\n\n<p>\u201cNosso tema foi estrat\u00e9gico. Precisamos, em um pa\u00eds t\u00e3o megadiverso em vida, cultura e possibilidades, aproximar, por meio do di\u00e1logos os sabers da viv\u00eancia e da ci\u00eancia. Eventos deste tipo possibilitam parcerias, enriquece a forma\u00e7\u00e3o inicial dos discentes e promove a forma\u00e7\u00e3o continuada, trazendo novos ares \u00e0 toda comunidade\u201d, diz o professor do <em>Campus<\/em>, Rog\u00e9rio Soares Cordeiro, presidente da comiss\u00e3o organizadora.<\/p>\n\n\n\n<p>A Coordenadora do Curso de Licenciatura em Ci\u00eancias Biol\u00f3gicas, professora Rom\u00e1ria Ara\u00fajo, destaca: \u201cA III Semana de Biologia deveria ter acontecido no ano de 2020, como consequ\u00eancia da pandemia e atividades remotas, foi mais uma atividade adiada. Assim, neste ano, com a retomada das atividades presenciais, n\u00f3s, enquanto comiss\u00e3o, planejamos um evento que demarcasse a import\u00e2ncia do di\u00e1logo, e, principalmente, a valoriza\u00e7\u00e3o e respeito \u00e0 todos saberes, justificando o t\u00edtulo, &#8220;Di\u00e1logo Intercultural: entre viv\u00eancias e ci\u00eancias&#8221;. Avalio a III Semana de Biologia de forma muito positiva, tivemos trocas riqu\u00edssimas. Sem d\u00favida alguma, foi um momento de muito aprendizado para todes envolvides. Hoje, o sentimento \u00e9 gratid\u00e3o e ansiedade pela IV Semana de Biologia &#8211; IF Baiano &#8211; Campus Santa In\u00eas\u201d.<\/p>\n\n\n\n<p>Para D\u00e9bora Rocha, estudante do 2\u00ba semestre do Curso de Licenciatura em Ci\u00eancias Biol\u00f3gicas do <em>Campus<\/em> Santa In\u00eas, o evento \u201cproporcionou rico conhecimento e aprendizagem com palestras, que entram em contato com a pr\u00e1tica e a viv\u00eancia em si. Al\u00e9m de temas atuais, como a \u201cQueeriza\u00e7\u00e3o\u201d e a trocas de saberes, minicursos e oficinas. Um aproveitamento \u00fanico\u201d. E acrescenta que \u201ca participa\u00e7\u00e3o na III Semana de Biologia do IF Baiano &#8211; <em>Campus <\/em>Santa In\u00eas, com o Tema: Di\u00e1logo Intercultural: Entre viv\u00eancia e ci\u00eancia, nos proporcionou v\u00e1rias viv\u00eancias que iremos levar conosco, e, cada palestra, cada minicurso, cada momento que vivenciamos, e os amigos que fizemos nos proporcionaram momentos maravilhosos&#8221;.<\/p>\n\n\n\n<p>Eleilton Jesus, estudante do 6\u00b0 semestre do Curso de Licenciatura em Ci\u00eancias Biol\u00f3gicas, IF Baiano &#8211; Campus Valen\u00e7a, teceu elogios ao evento. &#8220;S\u00f3 temos a agradecer e elogiar pela produ\u00e7\u00e3o e recep\u00e7\u00e3o que os servidores e discentes do <em>Campus <\/em>Santa In\u00eas nos propuseram, juntamente com os conhecimentos, tais quais das plantas e costumes da regi\u00e3o. Devo citar o \u201cLicuri\u201d, que no Baixo Sul n\u00e3o tem, mas infelizmente n\u00e3o conseguimos provar desta vez \u2013 Nos convidem para outro momento como este, estaremos a\u00ed com certeza, para aproveitar o reencontro com voc\u00eas, quanto provar o licuri.&nbsp; Retorno a agradecer pelo evento e por tudo!!\u201d<\/p>\n\n\n\n<hr class=\"wp-block-separator\" \/>\n\n\n\n<p><\/p>\n","protected":false},"excerpt":{"rendered":"<p>Passados dois anos da \u00faltima edi\u00e7\u00e3o, a Semana de Biologia volta a acontecer no IF Baiano Campus Santa In\u00eas, no per\u00edodo de 29 de novembro a 01 de dezembro de 2022, em sua terceira edi\u00e7\u00e3o. O evento aconteceu predominantemente no Audit\u00f3rio da Biblioteca do Campus com a tem\u00e1tica \u201cDi\u00e1logo Intercultural: entre viv\u00eancia e ci\u00eancia\u201d. O [&hellip;]<\/p>\n","protected":false},"author":86,"featured_media":17816,"comment_status":"closed","ping_status":"closed","sticky":false,"template":"","format":"standard","meta":[],"categories":[4,5,37,57],"tags":[],"_links":{"self":[{"href":"https:\/\/www.ifbaiano.edu.br\/unidades\/santaines\/wp-json\/wp\/v2\/posts\/17804"}],"collection":[{"href":"https:\/\/www.ifbaiano.edu.br\/unidades\/santaines\/wp-json\/wp\/v2\/posts"}],"about":[{"href":"https:\/\/www.ifbaiano.edu.br\/unidades\/santaines\/wp-json\/wp\/v2\/types\/post"}],"author":[{"embeddable":true,"href":"https:\/\/www.ifbaiano.edu.br\/unidades\/santaines\/wp-json\/wp\/v2\/users\/86"}],"replies":[{"embeddable":true,"href":"https:\/\/www.ifbaiano.edu.br\/unidades\/santaines\/wp-json\/wp\/v2\/comments?post=17804"}],"version-history":[{"count":7,"href":"https:\/\/www.ifbaiano.edu.br\/unidades\/santaines\/wp-json\/wp\/v2\/posts\/17804\/revisions"}],"predecessor-version":[{"id":17830,"href":"https:\/\/www.ifbaiano.edu.br\/unidades\/santaines\/wp-json\/wp\/v2\/posts\/17804\/revisions\/17830"}],"wp:featuredmedia":[{"embeddable":true,"href":"https:\/\/www.ifbaiano.edu.br\/unidades\/santaines\/wp-json\/wp\/v2\/media\/17816"}],"wp:attachment":[{"href":"https:\/\/www.ifbaiano.edu.br\/unidades\/santaines\/wp-json\/wp\/v2\/media?parent=17804"}],"wp:term":[{"taxonomy":"category","embeddable":true,"href":"https:\/\/www.ifbaiano.edu.br\/unidades\/santaines\/wp-json\/wp\/v2\/categories?post=17804"},{"taxonomy":"post_tag","embeddable":true,"href":"https:\/\/www.ifbaiano.edu.br\/unidades\/santaines\/wp-json\/wp\/v2\/tags?post=17804"}],"curies":[{"name":"wp","href":"https:\/\/api.w.org\/{rel}","templated":true}]}}