{"id":17848,"date":"2022-12-10T21:54:39","date_gmt":"2022-12-11T00:54:39","guid":{"rendered":"https:\/\/www.ifbaiano.edu.br\/unidades\/santaines\/?p=17848"},"modified":"2022-12-11T08:30:09","modified_gmt":"2022-12-11T11:30:09","slug":"ultima-disciplina-do-curso-de-pos-graduacao-em-desenvolvimento-regional-e-meio-ambiente-acontece-de-forma-presencial","status":"publish","type":"post","link":"https:\/\/www.ifbaiano.edu.br\/unidades\/santaines\/ultima-disciplina-do-curso-de-pos-graduacao-em-desenvolvimento-regional-e-meio-ambiente-acontece-de-forma-presencial\/","title":{"rendered":"\u00daltima disciplina do Curso de P\u00f3s-gradua\u00e7\u00e3o em Desenvolvimento Regional e Meio Ambiente acontece de forma presencial"},"content":{"rendered":"\n<div class=\"wp-block-media-text alignwide is-stacked-on-mobile\"><figure class=\"wp-block-media-text__media\"><img decoding=\"async\" loading=\"lazy\" width=\"1256\" height=\"878\" src=\"https:\/\/www.ifbaiano.edu.br\/unidades\/santaines\/files\/2022\/12\/17584d9a-ae02-4ada-aa31-ffdd5bd5f900-2.jpg\" alt=\"\" class=\"wp-image-17851 size-full\" \/><\/figure><div class=\"wp-block-media-text__content\">\n<p>Estudantes do Curso de P\u00f3s-gradua\u00e7\u00e3o em Desenvolvimento Regional e Meio Ambiente (DRMA) do IF Baiano \u2013 Campus Santa In\u00eas tiveram hoje, 10, seu primeiro encontro, de forma presencial, durante a oferta da disciplina Semin\u00e1rio Integrado de Pesquisa que tem como objetivo qualificar os Trabalhos de Conclus\u00e3o de Curso a partir da apresenta\u00e7\u00e3o, discuss\u00e3o e contribui\u00e7\u00f5es.<\/p>\n<\/div><\/div>\n\n\n\n<p>O encontro aconteceu no pavilh\u00e3o dos cursos superiores e contou com a participa\u00e7\u00e3o do coordenador do curso, professor Nelson Filho, de professores, dentre estes, a professora Genilda Lima, Diretora Geral do Campus, e estudantes do curso.<\/p>\n\n\n\n<p>A disciplina Semin\u00e1rio Integrado \u00e9 o \u00faltimo componente curricular do curso que tem um total de treze disciplinas. Destas, doze foram ofertadas de forma remota, devido a pandemia de Covid-19. O tempo de integraliza\u00e7\u00e3o do curso e de 24 meses, sendo finalizado em julho de 2023 ap\u00f3s a defesa de TCC dos estudantes.<\/p>\n\n\n\n<figure class=\"wp-block-gallery columns-3 is-cropped wp-block-gallery-1 is-layout-flex\"><ul class=\"blocks-gallery-grid\"><li class=\"blocks-gallery-item\"><figure><a href=\"https:\/\/www.ifbaiano.edu.br\/unidades\/santaines\/files\/2022\/12\/369781d7-469b-4c7d-ae8e-3dbf47dd7291-1.jpg\"><img decoding=\"async\" loading=\"lazy\" width=\"1044\" height=\"751\" src=\"https:\/\/www.ifbaiano.edu.br\/unidades\/santaines\/files\/2022\/12\/369781d7-469b-4c7d-ae8e-3dbf47dd7291-1.jpg\" alt=\"\" data-id=\"17860\" data-link=\"https:\/\/www.ifbaiano.edu.br\/unidades\/santaines\/?attachment_id=17860\" class=\"wp-image-17860\" \/><\/a><\/figure><\/li><li class=\"blocks-gallery-item\"><figure><a href=\"https:\/\/www.ifbaiano.edu.br\/unidades\/santaines\/files\/2022\/12\/b63f2998-1649-4614-9f95-463babc795b1.jpg\"><img decoding=\"async\" loading=\"lazy\" width=\"1600\" height=\"1200\" src=\"https:\/\/www.ifbaiano.edu.br\/unidades\/santaines\/files\/2022\/12\/b63f2998-1649-4614-9f95-463babc795b1.jpg\" alt=\"\" data-id=\"17852\" data-link=\"https:\/\/www.ifbaiano.edu.br\/unidades\/santaines\/?attachment_id=17852\" class=\"wp-image-17852\" \/><\/a><\/figure><\/li><li class=\"blocks-gallery-item\"><figure><a href=\"https:\/\/www.ifbaiano.edu.br\/unidades\/santaines\/files\/2022\/12\/790ebc0f-8b53-4a3c-b191-5fe11b5f2534.jpg\"><img decoding=\"async\" loading=\"lazy\" width=\"1024\" height=\"768\" src=\"https:\/\/www.ifbaiano.edu.br\/unidades\/santaines\/files\/2022\/12\/790ebc0f-8b53-4a3c-b191-5fe11b5f2534.jpg\" alt=\"\" data-id=\"17853\" data-link=\"https:\/\/www.ifbaiano.edu.br\/unidades\/santaines\/?attachment_id=17853\" class=\"wp-image-17853\" \/><\/a><\/figure><\/li><li class=\"blocks-gallery-item\"><figure><a href=\"https:\/\/www.ifbaiano.edu.br\/unidades\/santaines\/files\/2022\/12\/fd44f243-cf50-4d00-ae81-0b4b79a4b6ee-1.jpg\"><img decoding=\"async\" loading=\"lazy\" width=\"1600\" height=\"1200\" src=\"https:\/\/www.ifbaiano.edu.br\/unidades\/santaines\/files\/2022\/12\/fd44f243-cf50-4d00-ae81-0b4b79a4b6ee-1.jpg\" alt=\"\" data-id=\"17854\" data-link=\"https:\/\/www.ifbaiano.edu.br\/unidades\/santaines\/?attachment_id=17854\" class=\"wp-image-17854\" \/><\/a><\/figure><\/li><li class=\"blocks-gallery-item\"><figure><a href=\"https:\/\/www.ifbaiano.edu.br\/unidades\/santaines\/files\/2022\/12\/69bc9193-64c6-4126-b032-066b131f2b07.jpg\"><img decoding=\"async\" loading=\"lazy\" width=\"1024\" height=\"768\" src=\"https:\/\/www.ifbaiano.edu.br\/unidades\/santaines\/files\/2022\/12\/69bc9193-64c6-4126-b032-066b131f2b07.jpg\" alt=\"\" data-id=\"17861\" data-link=\"https:\/\/www.ifbaiano.edu.br\/unidades\/santaines\/?attachment_id=17861\" class=\"wp-image-17861\" \/><\/a><\/figure><\/li><\/ul><\/figure>\n\n\n\n<p>Para Jadson Rocha, professor do campus e primeiro coordenador da P\u00f3s-gradua\u00e7\u00e3o, esse momento foi muito importante para socializa\u00e7\u00e3o dos Trabalhos de Conclus\u00e3o de Curso (TCC) dos estudantes em vias de finaliza\u00e7\u00e3o. \u201cA vinda dos estudantes ao campus, neste dia, \u00e9 um momento em que eles t\u00eam a oportunidade de socializar seus projetos tanto com professores quanto com colegas, al\u00e9m de um momento de confraterniza\u00e7\u00e3o com a oportunidade, inclusive, de conhecer o campus e a regi\u00e3o\u201d.<\/p>\n\n\n\n<p>O atual coordenador do curso, professor Nelson Filho, avalia o encontro como um divisor de \u00e1guas para a qualifica\u00e7\u00e3o dos trabalhos produzidos pelos discentes do curso. Para o coordenador a atividade alcan\u00e7ou os seus objetivos uma vez que proporcionou a intera\u00e7\u00e3o entre discentes e docentes do curso de forma a promover a reflex\u00e3o sobre os trabalhos apresentados e a necessidade de melhoria. &nbsp;<\/p>\n\n\n\n<p>Para o estudante Leandro Leal, Engenheiro Sanitarista e Ambiental e residente do munic\u00edpio de Jiquiri\u00e7\u00e1 \u201co curso foi muito importante por resgatar aspectos de territorialidade, desenvolvimento sustent\u00e1vel e discutir a problem\u00e1tica ambiental como uma situa\u00e7\u00e3o espacial, cultural, social, econ\u00f4mica e sustent\u00e1vel\u201d. E sobre o encontro de hoje, acrescenta que \u201ceste momento \u00e9 importante para nos conhecermos e para estreitar as rela\u00e7\u00f5es entre docentes e discentes\u201d.<\/p>\n\n\n\n<p>A estudante Taiane Meireles, mestranda em Geoqu\u00edmica em Salvador, avalia com positividade sua primeira experi\u00eancia, enquanto estudante do IF Baiano \u2013 Campus Santa In\u00eas \u201co curso agregou bastante em meu conhecimento, principalmente em rela\u00e7\u00e3o a esta etapa de apresenta\u00e7\u00e3o dos trabalhos. S\u00f3 tenho a agradecer\u201d.<\/p>\n\n\n\n<p>Ap\u00f3s as apresenta\u00e7\u00f5es dos trabalhos todos se reuniram no refeit\u00f3rio do campus para um almo\u00e7o de confraterniza\u00e7\u00e3o onde a Diretora Geral, professora Genilda Lima parabenizou a todos pelo sucesso na condu\u00e7\u00e3o dos trabalhos e fez um agradecimento a toda equipe. Agora, ap\u00f3s finaliza\u00e7\u00e3o das disciplinas, os estudantes seguem em suas atividades de pesquisa.<\/p>\n\n\n\n<figure class=\"wp-block-gallery columns-2 is-cropped wp-block-gallery-3 is-layout-flex\"><ul class=\"blocks-gallery-grid\"><li class=\"blocks-gallery-item\"><figure><a href=\"https:\/\/www.ifbaiano.edu.br\/unidades\/santaines\/files\/2022\/12\/a529cd3d-bb46-439d-9d00-b47084c560ab.jpg\"><img decoding=\"async\" loading=\"lazy\" width=\"1599\" height=\"777\" src=\"https:\/\/www.ifbaiano.edu.br\/unidades\/santaines\/files\/2022\/12\/a529cd3d-bb46-439d-9d00-b47084c560ab.jpg\" alt=\"\" data-id=\"17856\" data-link=\"https:\/\/www.ifbaiano.edu.br\/unidades\/santaines\/?attachment_id=17856\" class=\"wp-image-17856\" \/><\/a><\/figure><\/li><li class=\"blocks-gallery-item\"><figure><a href=\"https:\/\/www.ifbaiano.edu.br\/unidades\/santaines\/files\/2022\/12\/b36e4bdf-3260-4c58-bc47-1b38a4c42c54.jpg\"><img decoding=\"async\" loading=\"lazy\" width=\"1599\" height=\"777\" src=\"https:\/\/www.ifbaiano.edu.br\/unidades\/santaines\/files\/2022\/12\/b36e4bdf-3260-4c58-bc47-1b38a4c42c54.jpg\" alt=\"\" data-id=\"17855\" data-link=\"https:\/\/www.ifbaiano.edu.br\/unidades\/santaines\/?attachment_id=17855\" class=\"wp-image-17855\" \/><\/a><\/figure><\/li><\/ul><\/figure>\n\n\n\n<p><strong>Sobre o curso<\/strong><\/p>\n\n\n\n<p>O Curso de P\u00f3s-gradua\u00e7\u00e3o<em> Lato sensu <\/em>em Desenvolvimento Regional e Meio Ambiente tem como objetivo central proporcionar a forma\u00e7\u00e3o continuada de profissionais de \u00e1reas afins \u00e0 tem\u00e1tica Desenvolvimento Regional e Meio Ambiente, visando o aprofundamento te\u00f3rico-metodol\u00f3gico nas \u00e1reas educacional, da pesquisa cient\u00edfica e pr\u00e1tica profissional, de acordo com as especifica\u00e7\u00f5es da P\u00f3s-gradua\u00e7\u00e3o Lato Sensu.<strong><\/strong><\/p>\n\n\n\n<p>O curso foi oficialmente iniciado em dezembro 2019 com a posse do primeiro coordenador e a cria\u00e7\u00e3o do colegiado. Os trabalhos do colegiado foram se desenvolvendo a partir da constru\u00e7\u00e3o do edital de sele\u00e7\u00e3o e a\u00e7\u00f5es administrativas para o funcionamento do curso. Com a pandemia de Covid-19, a sele\u00e7\u00e3o dos estudantes para a primeira turma foi postergada at\u00e9 in\u00edcio de 2021, quando foram selecionados, a partir de edital, 20 estudantes.<\/p>\n\n\n\n<p><strong>Trabalhos apresentados e respectivos estudantes:<\/strong><\/p>\n\n\n\n<ol type=\"1\"><li>Jogos educativos: Uma proposta para trabalhar Educa\u00e7\u00e3o Ambiental na Escola. &#8211; Discente: T\u00e2nia de Santana Nunes.<\/li><li>Educa\u00e7\u00e3o Ambiental na escola: construindo conhecimentos sobre o uso de agrot\u00f3xicos e os cuidados com a sa\u00fade-Discente: Reinalda de Jesus Pedra<\/li><li>Estudo de caso da Rede de Agroecologia Povos da Mata, N\u00facleo Rec\u00f4ncavo &#8211; Discente: Rian Alves da Silva.<\/li><li>Plantas medicinais: utiliza\u00e7\u00e3o e potencialidades para o ensino interdisciplinar e socioambiental no Col\u00e9gio Estadual de Santa In\u00eas \u2013 BA &#8211; Discente: Ariany Fontana Ribas.\u00a0\u00a0\u00a0<\/li><li>Sustentabilidade e agricultura familiar: uma an\u00e1lise sobre o desenvolvimento da agricultura sustent\u00e1vel nas comunidades rurais do munic\u00edpio de Santa In\u00eas-BA &#8211; Discente: Carlos Andr\u00e9 S. Barreto.<\/li><li>Delimita\u00e7\u00e3o da \u00e1rea e do uso e ocupa\u00e7\u00e3o do solo da Bacia Hidrogr\u00e1fica do Riacho da Prata- Bahia &#8211; Discente: Leandro Santos Leal.<\/li><li>Indica\u00e7\u00f5es geogr\u00e1ficas enquanto ferramenta de gest\u00e3o: territorial e Sustentabilidade no Vale do Jiquiri\u00e7a &#8211; Discente: Giovanna Martins Sampaio.<\/li><li>Gerenciamento de res\u00edduos s\u00f3lidos para o desenvolvimento sustent\u00e1vel: Formas de disposi\u00e7\u00e3o final adequada \u2013 Discente: F\u00e1bio de Oliveira Borges.<\/li><li>A Educa\u00e7\u00e3o Ambiental como instrumento de recupera\u00e7\u00e3o da \u00e1rea de preserva\u00e7\u00e3o permanente do rio Jiquiri\u00e7a: Uma experi\u00eancia no munic\u00edpio de Santa In\u00eas-BA &#8211; Discente: Adoniran Carvalho Ribeiro.<\/li><li>Biodisponibilidade de metais em sedimentos superficiais em manguezais &#8211; Discente: Taiane Meireles da Silva.<\/li><li> Frigor\u00edfico Popular Sustent\u00e1vel &#8211; Discente: Jucimara Queiroz de Oliveira.<\/li><\/ol>\n\n\n\n<hr class=\"wp-block-separator\" \/>\n","protected":false},"excerpt":{"rendered":"<p>Estudantes do Curso de P\u00f3s-gradua\u00e7\u00e3o em Desenvolvimento Regional e Meio Ambiente (DRMA) do IF Baiano \u2013 Campus Santa In\u00eas tiveram hoje, 10, seu primeiro encontro, de forma presencial, durante a oferta da disciplina Semin\u00e1rio Integrado de Pesquisa que tem como objetivo qualificar os Trabalhos de Conclus\u00e3o de Curso a partir da apresenta\u00e7\u00e3o, discuss\u00e3o e contribui\u00e7\u00f5es. [&hellip;]<\/p>\n","protected":false},"author":86,"featured_media":17849,"comment_status":"closed","ping_status":"closed","sticky":false,"template":"","format":"standard","meta":[],"categories":[4,5,57],"tags":[],"_links":{"self":[{"href":"https:\/\/www.ifbaiano.edu.br\/unidades\/santaines\/wp-json\/wp\/v2\/posts\/17848"}],"collection":[{"href":"https:\/\/www.ifbaiano.edu.br\/unidades\/santaines\/wp-json\/wp\/v2\/posts"}],"about":[{"href":"https:\/\/www.ifbaiano.edu.br\/unidades\/santaines\/wp-json\/wp\/v2\/types\/post"}],"author":[{"embeddable":true,"href":"https:\/\/www.ifbaiano.edu.br\/unidades\/santaines\/wp-json\/wp\/v2\/users\/86"}],"replies":[{"embeddable":true,"href":"https:\/\/www.ifbaiano.edu.br\/unidades\/santaines\/wp-json\/wp\/v2\/comments?post=17848"}],"version-history":[{"count":12,"href":"https:\/\/www.ifbaiano.edu.br\/unidades\/santaines\/wp-json\/wp\/v2\/posts\/17848\/revisions"}],"predecessor-version":[{"id":17874,"href":"https:\/\/www.ifbaiano.edu.br\/unidades\/santaines\/wp-json\/wp\/v2\/posts\/17848\/revisions\/17874"}],"wp:featuredmedia":[{"embeddable":true,"href":"https:\/\/www.ifbaiano.edu.br\/unidades\/santaines\/wp-json\/wp\/v2\/media\/17849"}],"wp:attachment":[{"href":"https:\/\/www.ifbaiano.edu.br\/unidades\/santaines\/wp-json\/wp\/v2\/media?parent=17848"}],"wp:term":[{"taxonomy":"category","embeddable":true,"href":"https:\/\/www.ifbaiano.edu.br\/unidades\/santaines\/wp-json\/wp\/v2\/categories?post=17848"},{"taxonomy":"post_tag","embeddable":true,"href":"https:\/\/www.ifbaiano.edu.br\/unidades\/santaines\/wp-json\/wp\/v2\/tags?post=17848"}],"curies":[{"name":"wp","href":"https:\/\/api.w.org\/{rel}","templated":true}]}}