{"id":17956,"date":"2022-12-21T10:08:11","date_gmt":"2022-12-21T13:08:11","guid":{"rendered":"https:\/\/www.ifbaiano.edu.br\/unidades\/santaines\/?p=17956"},"modified":"2022-12-21T10:08:12","modified_gmt":"2022-12-21T13:08:12","slug":"acompanhe-os-editais-abertos-para-cursos-tecnicos-a-distancia","status":"publish","type":"post","link":"https:\/\/www.ifbaiano.edu.br\/unidades\/santaines\/acompanhe-os-editais-abertos-para-cursos-tecnicos-a-distancia\/","title":{"rendered":"Acompanhe os editais abertos para cursos t\u00e9cnicos a dist\u00e2ncia"},"content":{"rendered":"\n<p>Os campi Serrinha, Senhor do Bonfim, Guanambi, Uru\u00e7uca e Catu lan\u00e7aram editais para cursos subsequentes, na modalidade Educa\u00e7\u00e3o a Dist\u00e2ncia (EAD). Ao todo, o IF Baiano ir\u00e1 ofertar 3.200 vagas em cursos t\u00e9cnicos subsequentes ao ensino m\u00e9dio em Vendas (1.040), Multimeios Did\u00e1ticos (1.080) e Secretaria Escolar (1.080), em 2023.<\/p>\n\n\n\n<p>Ser\u00e3o 197 turmas distribu\u00eddas em 14 campi: Alagoinhas, Bom Jesus da Lapa, Catu, Governador Mangabeira, Guanambi, Itaberaba, Itapetinga, Santa In\u00eas, Senhor do Bonfim, Serrinha, Teixeira de Freitas, Uru\u00e7uca, Valen\u00e7a e Xique-xique.<\/p>\n\n\n\n<p>Esta \u00e9 uma oportunidade de qualifica\u00e7\u00e3o profissional gratuita para quem j\u00e1 concluiu o Ensino M\u00e9dio ou concluir\u00e1 at\u00e9 a data da matr\u00edcula. As inscri\u00e7\u00f5es s\u00e3o gratuitas e acontecer\u00e3o presencialmente nos&nbsp;<em>campi<\/em>&nbsp;ou atrav\u00e9s de formul\u00e1rio digital, a ser divulgado por cada unidade. O crit\u00e9rio de sele\u00e7\u00e3o dos candidatos \u00e9 a ordem de inscri\u00e7\u00e3o.<\/p>\n\n\n\n<p>Os processos de sele\u00e7\u00e3o ser\u00e3o realizados por cada&nbsp;<em>campus<\/em>&nbsp;de forma descentralizada. Confira abaixo as informa\u00e7\u00f5es dos<em>&nbsp;campi&nbsp;<\/em>com editais abertos:<\/p>\n\n\n\n<p>O&nbsp;<strong>Campus Senhor do Bonfim<\/strong>&nbsp;oferta 600 vagas para os cursos de T\u00e9cnicos de Vendas, Multimeios Did\u00e1ticos e Secretaria Escolar. As vagas est\u00e3o distribu\u00eddas nos polos de Capim Grosso (120), Mundo Novo (120), Piritiba (120), Remanso (120) e Senhor do Bonfim (120). O per\u00edodo de inscri\u00e7\u00f5es vai de 12 de dezembro at\u00e9 11 de fevereiro&nbsp; atrav\u00e9s de&nbsp;<a href=\"https:\/\/opinanovo.ifbaiano.edu.br\/index.php\/841855?lang=pt-BR\">formul\u00e1rio digital<\/a>&nbsp;ou presencialmente nos polos.<\/p>\n\n\n\n<p>Confira os endere\u00e7os para inscri\u00e7\u00f5es presenciais: Pra\u00e7a Gabriel Francisco S\/N, Bairro Oliveira, Capim Grosso \u2013 BA. CEP: 41181-900; Rua Jos\u00e9 Carlos da Mota, S\/N, Centro, Pr\u00e9dio UAB, SALA 03, Mundo Novo \u2013 BA. CEP: 44800-000; Polo da UAB, Pra\u00e7a Professor Luiz Rog\u00e9rio, S\/N, Piritiba \u2013 BA. CEP: 44830-000; Rua Tabeli\u00e3o Jo\u00e3o Carlos, S\/N, Centro, Polo IF Baiano, Remanso \u2013 BA. CEP47200-000; Estrada da Igara, S\/N, Zona Rural, Senhor do Bonfim \u2013 BA, CEP: 48970-000.<\/p>\n\n\n\n<p>Para mais informa\u00e7\u00f5es, \u00e9 preciso ler atentamente o&nbsp;<a href=\"https:\/\/www.ifbaiano.edu.br\/unidades\/bonfim\/files\/2022\/12\/Edital-31-de-06-de-dezembro-de-2022-_-PROSEL-EAD.pdf\">edital<\/a>, dispon\u00edvel na p\u00e1gina&nbsp;<a href=\"https:\/\/concurso.ifbaiano.edu.br\/portal\/ingresso-subsequente-ead-bonfim-novembro-2022\/\">Concursos e Sele\u00e7\u00f5es<\/a>&nbsp;e no site do&nbsp;<em>campus<\/em>:&nbsp;<a href=\"https:\/\/www.ifbaiano.edu.br\/unidades\/bonfim\/\">bonfim.ifbaiano.edu.br<\/a>. Em caso de d\u00favidas, \u00e9 poss\u00edvel entrar em contato atrav\u00e9s do e-mail:&nbsp;<a href=\"mailto:prosel@bonfim.ifbaiano.edu.br\">prosel@bonfim.ifbaiano.edu.br<\/a>.&nbsp;<\/p>\n\n\n\n<p>O&nbsp;<strong>Campus Serrinha&nbsp;<\/strong>est\u00e1 com inscri\u00e7\u00f5es abertas at\u00e9 o dia 25 de janeiro de 2023 para os cursos T\u00e9cnicos em Vendas (40 vagas) no Campus Serrinha, Multimeios Did\u00e1ticos (40) no Campus Serrinha, e Secretaria Escolar (40) no Polo Araci. As inscri\u00e7\u00f5es s\u00e3o realizadas atrav\u00e9s de&nbsp;<a href=\"https:\/\/opinanovo.ifbaiano.edu.br\/index.php\/487791?lang=pt-BR\">formul\u00e1rio digital<\/a>&nbsp;ou presencialmente no&nbsp;<em>campus<\/em>&nbsp;Serrinha e no Polo Araci.<\/p>\n\n\n\n<p>O Campus Serrinha fica localizado na Estrada Vicinal de Aparecida,s\/n, bairro Aparecida. CEP 48700-000, Serrinha \u2013 BA. J\u00e1 o Polo de Araci fica na Rua Virg\u00edgio Oliveira Lima, 185, Centro, Araci \u2013 BA.<\/p>\n\n\n\n<p>Para mais informa\u00e7\u00f5es, \u00e9 preciso ler atentamente o&nbsp;<a href=\"https:\/\/concurso.ifbaiano.edu.br\/portal\/ingresso-subsequente-ead-serrinha-novembro-2022\/wp-content\/uploads\/sites\/716\/2022\/12\/Edital-No-36-de-05-de-Dezembro-de-2022-Subsequente-EaD.pdf\">edital<\/a>, dispon\u00edvel na p\u00e1gina&nbsp;<a href=\"https:\/\/concurso.ifbaiano.edu.br\/portal\/ingresso-subsequente-ead-bonfim-novembro-2022\/\">Concursos e Sele\u00e7\u00f5es<\/a>. Em caso de d\u00favidas, \u00e9 poss\u00edvel entrar em contato atrav\u00e9s do e-mail:&nbsp;<a href=\"mailto:prosel@serrinha.ifbaiano.edu.br\">prosel@serrinha.ifbaiano.edu.br<\/a>.&nbsp;<\/p>\n\n\n\n<p>O&nbsp;<strong>Campus Guanambi<\/strong>&nbsp;oferta 440 vagas nos cursos t\u00e9cnicos EAD de Vendas, Multimeios Did\u00e1ticos e Secretaria Escolar, distribu\u00eddas entre o campus e os polos de Iuiu, Cacul\u00e9 e Caetit\u00e9. As inscri\u00e7\u00f5es iniciam no dia 17 de dezembro de 2022<strong>&nbsp;<\/strong>e encerram no dia 17 de janeiro de 2023. O link para as inscri\u00e7\u00f5es ser\u00e1 disponibilizado na p\u00e1gina&nbsp;<a href=\"https:\/\/concurso.ifbaiano.edu.br\/portal\/ingresso-subsequente-ead-guanambi-dezembro-2022\/\">Concursos e Sele\u00e7\u00f5es<\/a>&nbsp;no dia 17 de dezembro.&nbsp;<\/p>\n\n\n\n<p>Os candidatos tamb\u00e9m podem realizar a inscri\u00e7\u00e3o presencialmente no campus, localizado na Zona rural de Guanambi \u2013 Distrito de Cera\u00edma, s\/n , CEP 46430-000. Em caso de d\u00favidas, \u00e9 poss\u00edvel entrar em contato atrav\u00e9s do e-mail&nbsp;<a href=\"mailto:prosel@guanambi.ifbaiano.edu.br\">prosel@guanambi.ifbaiano.edu.br<\/a>&nbsp;ou pelo Whatsapp, atrav\u00e9s do n\u00famero: (77) 98102-2520.<\/p>\n\n\n\n<p>Confira as vagas por cursos em Guanambi e regi\u00e3o:<\/p>\n\n\n\n<ul><li>Vendas \u2013 Noturno \u2013 40 Vagas \u2013 (Campus Guanambi)<\/li><li>Multimeios Did\u00e1ticos \u2013 Noturno \u2013 40 Vagas \u2013 (Campus Guanambi)<\/li><li>Secretaria Escolar \u2013 Noturno \u2013 40 Vagas \u2013 (Campus Guanambi)<\/li><li>Vendas \u2013 Noturno \u2013 40 Vagas \u2013 (Polo Iuiu)<\/li><li>Multimeios Did\u00e1ticos \u2013 Noturno \u2013 40 Vagas \u2013 (Polo Iuiu)<\/li><li>Secretaria Escolar \u2013 Noturno \u2013 40 Vagas \u2013 (Polo Iuiu)<\/li><li>Vendas \u2013 Noturno \u2013 40 Vagas \u2013 (Polo Cacul\u00e9)<\/li><li>Multimeios Did\u00e1ticos \u2013 Noturno \u2013 40 Vagas \u2013 (Polo Cacul\u00e9)<\/li><li>Secretaria Escolar \u2013 Noturno \u2013 40 Vagas \u2013 (Polo Cacul\u00e9)<\/li><li>Vendas \u2013 Noturno \u2013 40 Vagas \u2013 (Polo Caetit\u00e9)<\/li><li>Secretaria Escolar \u2013 Noturno \u2013 40 Vagas \u2013 (Polo Caetit\u00e9)<\/li><\/ul>\n\n\n\n<p>O<strong>&nbsp;Campus Uru\u00e7uca<\/strong>&nbsp;est\u00e1 com inscri\u00e7\u00f5es abertas at\u00e9 o dia<strong>&nbsp;<\/strong>13 de janeiro&nbsp;de 2023 para 40 vagas no curso t\u00e9cnico de Vendas e 40 no curso de Secretaria Escolar. Os cursos s\u00e3o subsequentes ao Ensino M\u00e9dio, na modalidade EAD. As inscri\u00e7\u00f5es s\u00e3o realizadas atrav\u00e9s de&nbsp;<a href=\"https:\/\/docs.google.com\/forms\/d\/e\/1FAIpQLSeaCyPG_gdnYncb9DyiyJrZj0Gn-8c63fGowppIAYJdAXzrVg\/viewform\">formul\u00e1rio digital<\/a>&nbsp;ou presencialmente no campus.<br><br>As inscri\u00e7\u00f5es presenciais s\u00e3o realizadas de segunda \u00e0 sexta-feira, das 08h \u00e0s 12h e das 13h \u00e0s 17h, no campus, localizado na Rua Dr. Jo\u00e3o Nascimento \u2013 S\/N \u2013 Centro, Uru\u00e7uca- Bahia. Ser\u00e3o divulgados nas plataformas do campus (site e Instagram) pontos de apoio itinerantes para inscri\u00e7\u00f5es. Para informa\u00e7\u00f5es completas, os candidatos devem consultar o&nbsp;<a href=\"https:\/\/concurso.ifbaiano.edu.br\/portal\/ingresso-subsequente-ead-urucuca-dezembro-2022\/wp-content\/uploads\/sites\/727\/2022\/12\/Edital-do-processo-seletivo-dos-cursos-de-EaD-2023.-Campus-Uruc%CC%A7uca-1.pdf\">edital<\/a>. D\u00favidas sobre o processo dever\u00e3o ser encaminhadas para o e-mail da Comiss\u00e3o Local de Processo Seletivo (prosel@urucuca.ifbaiano.edu.br). Tamb\u00e9m \u00e9 poss\u00edvel entrar em contato atrav\u00e9s do telefone: (71) 99345-7955.<\/p>\n\n\n\n<p>O&nbsp;<strong>Campus Catu<\/strong>&nbsp;oferta 240 vagas&nbsp;para os cursos t\u00e9cnicos EAD de Vendas, Multimeios Did\u00e1ticos e Secretaria Escolar, em turmas vinculadas ao pr\u00f3prio campus e ao Centro de Refer\u00eancia 2 de Julho (polo CR2J), em Salvador. O per\u00edodo de inscri\u00e7\u00e3o vai de&nbsp;20 de dezembro&nbsp;de 2022&nbsp;a 22 de janeiro&nbsp;de 2023. As inscri\u00e7\u00f5es s\u00e3o gratuitas, realizadas atrav\u00e9s de&nbsp;<a href=\"https:\/\/opinanovo.ifbaiano.edu.br\/index.php\/781853?lang=pt-BR\">formul\u00e1rio digital<\/a>&nbsp;ou presencialmente no campus e no polo. As inscri\u00e7\u00f5es presenciais precisam ser previamente agendadas pelos telefones: (71) 3641-7905\/3641-7908.<\/p>\n\n\n\n<p>O endere\u00e7o do campus \u00e9: Rua Bar\u00e3o de Cama\u00e7ari, 118, Centro, Catu \u2013 BA. J\u00e1 o polo Centro de Refer\u00eancia 2 de Julho fica localizado na Av. Joanna Ang\u00e9lica, S\/N, Nazar\u00e9, Salvador-BA, (dentro do Col\u00e9gio Central).<\/p>\n\n\n\n<p>Consulte o\u00a0<a href=\"https:\/\/concurso.ifbaiano.edu.br\/portal\/ingresso-subsequente-ead-catu-novembro-2022\/wp-content\/uploads\/sites\/726\/2022\/12\/Edital-n.21-Prosel-EAD-2023.pdf\">edital<\/a>\u00a0para mais informa\u00e7\u00f5es ou entre em contato atrav\u00e9s do e-mail: prosel@catu.ifbaiano.edu.br.<\/p>\n\n\n\n<hr class=\"wp-block-separator\" \/>\n","protected":false},"excerpt":{"rendered":"<p>Os campi Serrinha, Senhor do Bonfim, Guanambi, Uru\u00e7uca e Catu j\u00e1 lan\u00e7aram editais. Outros editais sair\u00e3o nos pr\u00f3ximos dias<\/p>\n","protected":false},"author":86,"featured_media":17957,"comment_status":"closed","ping_status":"closed","sticky":false,"template":"","format":"standard","meta":[],"categories":[4,13,8,57],"tags":[],"_links":{"self":[{"href":"https:\/\/www.ifbaiano.edu.br\/unidades\/santaines\/wp-json\/wp\/v2\/posts\/17956"}],"collection":[{"href":"https:\/\/www.ifbaiano.edu.br\/unidades\/santaines\/wp-json\/wp\/v2\/posts"}],"about":[{"href":"https:\/\/www.ifbaiano.edu.br\/unidades\/santaines\/wp-json\/wp\/v2\/types\/post"}],"author":[{"embeddable":true,"href":"https:\/\/www.ifbaiano.edu.br\/unidades\/santaines\/wp-json\/wp\/v2\/users\/86"}],"replies":[{"embeddable":true,"href":"https:\/\/www.ifbaiano.edu.br\/unidades\/santaines\/wp-json\/wp\/v2\/comments?post=17956"}],"version-history":[{"count":1,"href":"https:\/\/www.ifbaiano.edu.br\/unidades\/santaines\/wp-json\/wp\/v2\/posts\/17956\/revisions"}],"predecessor-version":[{"id":17958,"href":"https:\/\/www.ifbaiano.edu.br\/unidades\/santaines\/wp-json\/wp\/v2\/posts\/17956\/revisions\/17958"}],"wp:featuredmedia":[{"embeddable":true,"href":"https:\/\/www.ifbaiano.edu.br\/unidades\/santaines\/wp-json\/wp\/v2\/media\/17957"}],"wp:attachment":[{"href":"https:\/\/www.ifbaiano.edu.br\/unidades\/santaines\/wp-json\/wp\/v2\/media?parent=17956"}],"wp:term":[{"taxonomy":"category","embeddable":true,"href":"https:\/\/www.ifbaiano.edu.br\/unidades\/santaines\/wp-json\/wp\/v2\/categories?post=17956"},{"taxonomy":"post_tag","embeddable":true,"href":"https:\/\/www.ifbaiano.edu.br\/unidades\/santaines\/wp-json\/wp\/v2\/tags?post=17956"}],"curies":[{"name":"wp","href":"https:\/\/api.w.org\/{rel}","templated":true}]}}