{"id":17959,"date":"2022-12-22T16:00:45","date_gmt":"2022-12-22T19:00:45","guid":{"rendered":"https:\/\/www.ifbaiano.edu.br\/unidades\/santaines\/?p=17959"},"modified":"2022-12-22T16:07:52","modified_gmt":"2022-12-22T19:07:52","slug":"campus-santa-ines-realiza-ultima-reuniao-de-2022-com-pais-de-estudantes","status":"publish","type":"post","link":"https:\/\/www.ifbaiano.edu.br\/unidades\/santaines\/campus-santa-ines-realiza-ultima-reuniao-de-2022-com-pais-de-estudantes\/","title":{"rendered":"Campus Santa In\u00eas realiza \u00faltima reuni\u00e3o de 2022 com pais de estudantes"},"content":{"rendered":"\n<p>Aconteceu, ontem, 21, \u00e0s 13h30min, na quadra poliesportiva do Campus Santa In\u00eas, a \u00faltima reuni\u00e3o anual com os pais\/respons\u00e1veis dos estudantes dos 2\u00ba e 3\u00ba anos dos Cursos T\u00e9cnicos Integrados. Estavam presentes, a Diretora Geral do Campus, professora Genilda lima; o Diretor Acad\u00eamico, professor Guilherme Nascimento; a Coordenadora de Ensino, professora Tharcilla Pessoa; O coordenador de Assist\u00eancia ao Educando, o servidor Angelo Francisco, as Coordenadoras dos Cursos T\u00e9cnicos Integrados em Agropecu\u00e1ria, Alimentos e Zootecnia, respectivamente, Professoras Lucidalva Menezes, Marilete Previero e Viviane Santos; pais\/m\u00e3es\/respons\u00e1veis dos estudantes, professores, servidores T\u00e9cnico-Administrativos, estudantes e colaboradores.<\/p>\n\n\n\n<div class=\"wp-block-media-text alignwide is-stacked-on-mobile\"><figure class=\"wp-block-media-text__media\"><img decoding=\"async\" loading=\"lazy\" width=\"1600\" height=\"1200\" src=\"https:\/\/www.ifbaiano.edu.br\/unidades\/santaines\/files\/2022\/12\/a99ca3c7-d97d-4ddd-938d-d4a3fd0490cd.jpg\" alt=\"\" class=\"wp-image-17975 size-full\" \/><\/figure><div class=\"wp-block-media-text__content\">\n<p>Ap\u00f3s uma breve fala de boas vindas pela equipe gestora do Campus, os presentes foram recepcionados com uma apresenta\u00e7\u00e3o musical (voz e viol\u00e3o) da estudante Bruna Carla do Curso T\u00e9cnico em Alimentos.<\/p>\n\n\n\n<p>A Diretora Geral, professora Genilda, em sua fala enfatizou que o ano que est\u00e1 se findando, foi um bastante intenso, pois retornamos as atividades presenciais em mar\u00e7o, depois de dois anos de distanciamento, logo, foi cheio de novidades e desafios. <\/p>\n<\/div><\/div>\n\n\n\n<p>Mas avalia, que foi bastante produtivo, onde &#8220;devido ao empenho dos docentes, t\u00e9cnicos administrativos, estudantes e colaboradores terceirizados, foi poss\u00edvel desenvolver diversas atividades, sempre com o foco na promo\u00e7\u00e3o de uma educa\u00e7\u00e3o p\u00fablica e de qualidade&#8221;. A diretora finalizou sua fala desejando um feliz natal e um ano novo cheio de realiza\u00e7\u00f5es a todos.<\/p>\n\n\n\n<figure class=\"wp-block-gallery columns-3 is-cropped wp-block-gallery-1 is-layout-flex\"><ul class=\"blocks-gallery-grid\"><li class=\"blocks-gallery-item\"><figure><a href=\"https:\/\/www.ifbaiano.edu.br\/unidades\/santaines\/files\/2022\/12\/e5d2a276-af1d-4265-a880-c41e13218098.jpg\"><img decoding=\"async\" loading=\"lazy\" width=\"1200\" height=\"1600\" src=\"https:\/\/www.ifbaiano.edu.br\/unidades\/santaines\/files\/2022\/12\/e5d2a276-af1d-4265-a880-c41e13218098.jpg\" alt=\"\" data-id=\"17966\" data-full-url=\"https:\/\/www.ifbaiano.edu.br\/unidades\/santaines\/files\/2022\/12\/e5d2a276-af1d-4265-a880-c41e13218098.jpg\" data-link=\"https:\/\/www.ifbaiano.edu.br\/unidades\/santaines\/?attachment_id=17966\" class=\"wp-image-17966\" \/><\/a><\/figure><\/li><li class=\"blocks-gallery-item\"><figure><a href=\"https:\/\/www.ifbaiano.edu.br\/unidades\/santaines\/files\/2022\/12\/eea17f71-fec3-4a05-b82d-cd37d6e38578.jpg\"><img decoding=\"async\" loading=\"lazy\" width=\"1200\" height=\"1600\" src=\"https:\/\/www.ifbaiano.edu.br\/unidades\/santaines\/files\/2022\/12\/eea17f71-fec3-4a05-b82d-cd37d6e38578.jpg\" alt=\"\" data-id=\"17964\" data-full-url=\"https:\/\/www.ifbaiano.edu.br\/unidades\/santaines\/files\/2022\/12\/eea17f71-fec3-4a05-b82d-cd37d6e38578.jpg\" data-link=\"https:\/\/www.ifbaiano.edu.br\/unidades\/santaines\/?attachment_id=17964\" class=\"wp-image-17964\" \/><\/a><\/figure><\/li><li class=\"blocks-gallery-item\"><figure><a href=\"https:\/\/www.ifbaiano.edu.br\/unidades\/santaines\/files\/2022\/12\/c2ebdc9e-7b61-4d75-84c1-1fd5b7de9276.jpg\"><img decoding=\"async\" loading=\"lazy\" width=\"1200\" height=\"1600\" src=\"https:\/\/www.ifbaiano.edu.br\/unidades\/santaines\/files\/2022\/12\/c2ebdc9e-7b61-4d75-84c1-1fd5b7de9276.jpg\" alt=\"\" data-id=\"17967\" data-full-url=\"https:\/\/www.ifbaiano.edu.br\/unidades\/santaines\/files\/2022\/12\/c2ebdc9e-7b61-4d75-84c1-1fd5b7de9276.jpg\" data-link=\"https:\/\/www.ifbaiano.edu.br\/unidades\/santaines\/?attachment_id=17967\" class=\"wp-image-17967\" \/><\/a><\/figure><\/li><\/ul><\/figure>\n\n\n\n<p>A reuni\u00e3o teve por prop\u00f3sito fortalecer o di\u00e1logo escola\/fam\u00edlia, e foi dividida em dois momentos, no primeiro foi feita uma importante abordagem sobre &#8220;trote&#8221; na palestra com tema &#8220;viol\u00eancia psicol\u00f3gica: desdobramentos do trote&#8221; ministrada pelo Psic\u00f3logo do Campus, Lucas Costa. Ap\u00f3s a palestra teve-se o momento com o presidente da comiss\u00e3o disciplinar discente, o professor Tarcizio vilas Boas, que fez uma breve explana\u00e7\u00e3o sobre a import\u00e2ncia da comiss\u00e3o. E complementando e finalizando o primeiro momento teve-se as falas do coordenador de Assuntos Estudantis, \u00c2ngelo Francisco Andrade e a servidora T\u00e9cnica em Enfermagem, Suomi Cabral que ressaltou para os presentes a import\u00e2ncia da fam\u00edlia em dialogar com os filhos, referente \u00e0s consequ\u00eancias negativas da realiza\u00e7\u00e3o do trote, e reafirmaram que a institui\u00e7\u00e3o n\u00e3o apoia esta pr\u00e1tica.<\/p>\n\n\n\n<p>Posteriormente teve-se o segundo momento que constituiu na entrega dos boletins dos estudantes aos seus respectivos respons\u00e1veis, e contatos diretos destes com os professores dos cursos que estavam a disposi\u00e7\u00e3o para d\u00favidas e esclarecimentos.<\/p>\n\n\n\n<figure class=\"wp-block-gallery columns-3 is-cropped wp-block-gallery-3 is-layout-flex\"><ul class=\"blocks-gallery-grid\"><li class=\"blocks-gallery-item\"><figure><a href=\"https:\/\/www.ifbaiano.edu.br\/unidades\/santaines\/files\/2022\/12\/0646b0e7-0f4b-4c2c-810b-cb06a77c9208.jpg\"><img decoding=\"async\" loading=\"lazy\" width=\"1600\" height=\"1200\" src=\"https:\/\/www.ifbaiano.edu.br\/unidades\/santaines\/files\/2022\/12\/0646b0e7-0f4b-4c2c-810b-cb06a77c9208.jpg\" alt=\"\" data-id=\"17969\" data-link=\"https:\/\/www.ifbaiano.edu.br\/unidades\/santaines\/?attachment_id=17969\" class=\"wp-image-17969\" \/><\/a><\/figure><\/li><li class=\"blocks-gallery-item\"><figure><a href=\"https:\/\/www.ifbaiano.edu.br\/unidades\/santaines\/files\/2022\/12\/0aa1c0aa-ab60-4ef6-ba7d-df02020834d0.jpg\"><img decoding=\"async\" loading=\"lazy\" width=\"1600\" height=\"1200\" src=\"https:\/\/www.ifbaiano.edu.br\/unidades\/santaines\/files\/2022\/12\/0aa1c0aa-ab60-4ef6-ba7d-df02020834d0.jpg\" alt=\"\" data-id=\"17968\" data-link=\"https:\/\/www.ifbaiano.edu.br\/unidades\/santaines\/?attachment_id=17968\" class=\"wp-image-17968\" \/><\/a><\/figure><\/li><li class=\"blocks-gallery-item\"><figure><a href=\"https:\/\/www.ifbaiano.edu.br\/unidades\/santaines\/files\/2022\/12\/295f2c0f-ef21-4a1c-a0e3-c7fdc99586f2.jpg\"><img decoding=\"async\" loading=\"lazy\" width=\"1600\" height=\"1200\" src=\"https:\/\/www.ifbaiano.edu.br\/unidades\/santaines\/files\/2022\/12\/295f2c0f-ef21-4a1c-a0e3-c7fdc99586f2.jpg\" alt=\"\" data-id=\"17962\" data-link=\"https:\/\/www.ifbaiano.edu.br\/unidades\/santaines\/?attachment_id=17962\" class=\"wp-image-17962\" \/><\/a><\/figure><\/li><li class=\"blocks-gallery-item\"><figure><a href=\"https:\/\/www.ifbaiano.edu.br\/unidades\/santaines\/files\/2022\/12\/898bd330-ac86-443d-80ea-3a2071c9cda7.jpg\"><img decoding=\"async\" loading=\"lazy\" width=\"1600\" height=\"1200\" src=\"https:\/\/www.ifbaiano.edu.br\/unidades\/santaines\/files\/2022\/12\/898bd330-ac86-443d-80ea-3a2071c9cda7.jpg\" alt=\"\" data-id=\"17961\" data-link=\"https:\/\/www.ifbaiano.edu.br\/unidades\/santaines\/?attachment_id=17961\" class=\"wp-image-17961\" \/><\/a><\/figure><\/li><li class=\"blocks-gallery-item\"><figure><a href=\"https:\/\/www.ifbaiano.edu.br\/unidades\/santaines\/files\/2022\/12\/441ed9e6-0adb-4274-9ebd-afc14b7643a0.jpg\"><img decoding=\"async\" loading=\"lazy\" width=\"1600\" height=\"1200\" src=\"https:\/\/www.ifbaiano.edu.br\/unidades\/santaines\/files\/2022\/12\/441ed9e6-0adb-4274-9ebd-afc14b7643a0.jpg\" alt=\"\" data-id=\"17963\" data-link=\"https:\/\/www.ifbaiano.edu.br\/unidades\/santaines\/?attachment_id=17963\" class=\"wp-image-17963\" \/><\/a><\/figure><\/li><li class=\"blocks-gallery-item\"><figure><a href=\"https:\/\/www.ifbaiano.edu.br\/unidades\/santaines\/files\/2022\/12\/a1014b85-e660-4d2c-b518-81a94adaa401.jpg\"><img decoding=\"async\" loading=\"lazy\" width=\"1600\" height=\"1200\" src=\"https:\/\/www.ifbaiano.edu.br\/unidades\/santaines\/files\/2022\/12\/a1014b85-e660-4d2c-b518-81a94adaa401.jpg\" alt=\"\" data-id=\"17965\" data-link=\"https:\/\/www.ifbaiano.edu.br\/unidades\/santaines\/?attachment_id=17965\" class=\"wp-image-17965\" \/><\/a><\/figure><\/li><\/ul><\/figure>\n\n\n\n<hr class=\"wp-block-separator\" \/>\n","protected":false},"excerpt":{"rendered":"<p>Aconteceu, ontem, 21, \u00e0s 13h30min, na quadra poliesportiva do Campus Santa In\u00eas, a \u00faltima reuni\u00e3o anual com os pais\/respons\u00e1veis dos estudantes dos 2\u00ba e 3\u00ba anos dos Cursos T\u00e9cnicos Integrados. Estavam presentes, a Diretora Geral do Campus, professora Genilda lima; o Diretor Acad\u00eamico, professor Guilherme Nascimento; a Coordenadora de Ensino, professora Tharcilla Pessoa; O coordenador [&hellip;]<\/p>\n","protected":false},"author":86,"featured_media":17982,"comment_status":"closed","ping_status":"closed","sticky":false,"template":"","format":"standard","meta":[],"categories":[4,13,5,7,57],"tags":[],"_links":{"self":[{"href":"https:\/\/www.ifbaiano.edu.br\/unidades\/santaines\/wp-json\/wp\/v2\/posts\/17959"}],"collection":[{"href":"https:\/\/www.ifbaiano.edu.br\/unidades\/santaines\/wp-json\/wp\/v2\/posts"}],"about":[{"href":"https:\/\/www.ifbaiano.edu.br\/unidades\/santaines\/wp-json\/wp\/v2\/types\/post"}],"author":[{"embeddable":true,"href":"https:\/\/www.ifbaiano.edu.br\/unidades\/santaines\/wp-json\/wp\/v2\/users\/86"}],"replies":[{"embeddable":true,"href":"https:\/\/www.ifbaiano.edu.br\/unidades\/santaines\/wp-json\/wp\/v2\/comments?post=17959"}],"version-history":[{"count":11,"href":"https:\/\/www.ifbaiano.edu.br\/unidades\/santaines\/wp-json\/wp\/v2\/posts\/17959\/revisions"}],"predecessor-version":[{"id":17983,"href":"https:\/\/www.ifbaiano.edu.br\/unidades\/santaines\/wp-json\/wp\/v2\/posts\/17959\/revisions\/17983"}],"wp:featuredmedia":[{"embeddable":true,"href":"https:\/\/www.ifbaiano.edu.br\/unidades\/santaines\/wp-json\/wp\/v2\/media\/17982"}],"wp:attachment":[{"href":"https:\/\/www.ifbaiano.edu.br\/unidades\/santaines\/wp-json\/wp\/v2\/media?parent=17959"}],"wp:term":[{"taxonomy":"category","embeddable":true,"href":"https:\/\/www.ifbaiano.edu.br\/unidades\/santaines\/wp-json\/wp\/v2\/categories?post=17959"},{"taxonomy":"post_tag","embeddable":true,"href":"https:\/\/www.ifbaiano.edu.br\/unidades\/santaines\/wp-json\/wp\/v2\/tags?post=17959"}],"curies":[{"name":"wp","href":"https:\/\/api.w.org\/{rel}","templated":true}]}}