{"id":1796,"date":"2012-04-26T14:19:45","date_gmt":"2012-04-26T17:19:45","guid":{"rendered":"http:\/\/www.ifbaiano.edu.br\/unidades\/santaines\/?p=1796"},"modified":"2012-05-03T11:20:24","modified_gmt":"2012-05-03T14:20:24","slug":"volta-as-aulas-programa-mulheres-mil-2","status":"publish","type":"post","link":"https:\/\/www.ifbaiano.edu.br\/unidades\/santaines\/volta-as-aulas-programa-mulheres-mil-2\/","title":{"rendered":"Aulas do Programa Mulheres Mil voltam no dia 02\/05"},"content":{"rendered":"<p style=\"text-align: justify\"><strong>O n\u00facleo de extens\u00e3o informa que as aulas do programa Mulheres Mil voltam na pr\u00f3xima semana, a partir de quarta-feira, dia 02\/05.<\/strong><br \/>\nO Instituto Federal de Educa\u00e7\u00e3o Campus Santa In\u00eas em parceria com as Prefeituras de Santa In\u00eas, Uba\u00edra e Mutu\u00edpe implantam o Programa Nacional Mulheres Mil com o objetivo de propiciar a forma\u00e7\u00e3o profissional para 100 mulheres do Vale do Jiquiri\u00e7\u00e1. No Campus o programa ser\u00e1 desenvolvido atrav\u00e9s do projeto intitulado\u00a0\u201cMulheres Autossuntent\u00e1veis do Vale do Jiquiri\u00e7\u00e1\u201d.<br \/>\nSer\u00e3o ofertados os cursos de Padeiro e Confeiteiro e Operador de Processos na Ind\u00fastria de Alimentos, no per\u00edodo noturno. Os cursos est\u00e3o estruturados de modo a integrar a forma\u00e7\u00e3o profissional com eleva\u00e7\u00e3o da escolaridade, realiza\u00e7\u00e3o pessoal, articulada com a forma\u00e7\u00e3o cidad\u00e3 e \u00e9tica.<\/p>\n<p style=\"text-align: justify\">Informa\u00e7\u00f5es: (73) 3536-1210 \u2013 Ramal 35<strong><br \/>\n<\/strong><\/p>\n","protected":false},"excerpt":{"rendered":"<p>O n\u00facleo de extens\u00e3o informa que as aulas do programa Mulheres Mil voltam na pr\u00f3xima semana, a partir de quarta-feira, dia 02\/05. O Instituto Federal de Educa\u00e7\u00e3o Campus Santa In\u00eas em parceria com as Prefeituras de Santa In\u00eas, Uba\u00edra e Mutu\u00edpe implantam o Programa Nacional Mulheres Mil com o objetivo de propiciar a forma\u00e7\u00e3o profissional [&hellip;]<\/p>\n","protected":false},"author":26,"featured_media":0,"comment_status":"closed","ping_status":"closed","sticky":false,"template":"","format":"standard","meta":[],"categories":[10],"tags":[],"_links":{"self":[{"href":"https:\/\/www.ifbaiano.edu.br\/unidades\/santaines\/wp-json\/wp\/v2\/posts\/1796"}],"collection":[{"href":"https:\/\/www.ifbaiano.edu.br\/unidades\/santaines\/wp-json\/wp\/v2\/posts"}],"about":[{"href":"https:\/\/www.ifbaiano.edu.br\/unidades\/santaines\/wp-json\/wp\/v2\/types\/post"}],"author":[{"embeddable":true,"href":"https:\/\/www.ifbaiano.edu.br\/unidades\/santaines\/wp-json\/wp\/v2\/users\/26"}],"replies":[{"embeddable":true,"href":"https:\/\/www.ifbaiano.edu.br\/unidades\/santaines\/wp-json\/wp\/v2\/comments?post=1796"}],"version-history":[{"count":9,"href":"https:\/\/www.ifbaiano.edu.br\/unidades\/santaines\/wp-json\/wp\/v2\/posts\/1796\/revisions"}],"predecessor-version":[{"id":1799,"href":"https:\/\/www.ifbaiano.edu.br\/unidades\/santaines\/wp-json\/wp\/v2\/posts\/1796\/revisions\/1799"}],"wp:attachment":[{"href":"https:\/\/www.ifbaiano.edu.br\/unidades\/santaines\/wp-json\/wp\/v2\/media?parent=1796"}],"wp:term":[{"taxonomy":"category","embeddable":true,"href":"https:\/\/www.ifbaiano.edu.br\/unidades\/santaines\/wp-json\/wp\/v2\/categories?post=1796"},{"taxonomy":"post_tag","embeddable":true,"href":"https:\/\/www.ifbaiano.edu.br\/unidades\/santaines\/wp-json\/wp\/v2\/tags?post=1796"}],"curies":[{"name":"wp","href":"https:\/\/api.w.org\/{rel}","templated":true}]}}