{"id":18051,"date":"2023-01-23T22:17:52","date_gmt":"2023-01-24T01:17:52","guid":{"rendered":"https:\/\/www.ifbaiano.edu.br\/unidades\/santaines\/?p=18051"},"modified":"2023-01-24T13:00:36","modified_gmt":"2023-01-24T16:00:36","slug":"aulas-no-campus-santa-ines-recomecam-a-partir-de-30-de-janeiro","status":"publish","type":"post","link":"https:\/\/www.ifbaiano.edu.br\/unidades\/santaines\/aulas-no-campus-santa-ines-recomecam-a-partir-de-30-de-janeiro\/","title":{"rendered":"Aulas no Campus Santa In\u00eas recome\u00e7am a partir de 30 de janeiro"},"content":{"rendered":"\n<p>O Campus Santa In\u00eas do Instituto Federal Baiano (IF Baiano) se preparara para receber, no dia\u00a030 de janeiro, as turmas de estudantes para os cursos T\u00e9cnicos Integrados. Na programa\u00e7\u00e3o para a semana de in\u00edcio das aulas (per\u00edodo de 30\/01 a\u00a003\/02\/2023) est\u00e3o previstas algumas atividades, conforme seguem:<\/p>\n\n\n\n<p><strong>Dia\u00a030 de janeiro\u00a0de 2023<\/strong><\/p>\n\n\n\n<p>08h30min: na Quadra Poliesportiva do Campus: Abertura com a Dire\u00e7\u00e3o Geral do Campus<br>9h: Palestra \u2013 \u201cSucesso na aprendizagem: escola e fam\u00edlia na mesma p\u00e1gina\u201d, com a Pedagoga Joane Mary Ara\u00fajo De Queiroz;<br>10h: Coordena\u00e7\u00e3o de Acompanhamento ao Educando \u2013 CAE \u2013 Reuni\u00e3o com pais dos estudantes internos;<br>12h: Almo\u00e7o no refeit\u00f3rio do Campus;<\/p>\n\n\n\n<p>No per\u00edodo de\u00a031 de janeiro\u00a0a\u00a002 de fevereiro\u00a0de 2023 haver\u00e1 Nivelamento (Portugu\u00eas e Matem\u00e1tica) com os estudantes que foram selecionados no Processo Seletivo 2023 (PROSEL 2023). O Nivelamento ser\u00e1 realizado por curso, conforme descrito abaixo:<\/p>\n\n\n\n<p>Dia&nbsp;31 de janeiro&nbsp;de 2023 \u2013 Estudantes do Curso T\u00e9cnico em Agropecu\u00e1ria;<br>Dia&nbsp;01 de fevereiro&nbsp;de 2023 \u2013 Estudantes do Curso T\u00e9cnico em Alimentos;<br>Dia&nbsp;02 de fevereiro&nbsp;de 2023 \u2013 Estudantes do Curso T\u00e9cnico em Zootecnia.<\/p>\n\n\n\n<p><strong>Per\u00edodo de 31\/01 a 02\/02\/2023 <\/strong>&#8211; Nivelamento (Portugu\u00eas e Matem\u00e1tica)<\/p>\n\n\n\n<p>Hor\u00e1rio\u00a0\u00a0\u00a0Ter\u00e7a-feira(31.01)\u00a0\u00a0 \u00a0Quarta-feira(01.02)\u00a0\u00a0 \u00a0Quinta-feira(02.02)<br>7:30 \u00a0 \u00a0 \u00a01A (Port)\/1B (Mat) \u00a0 \u00a0 1E (Mat)\/1F (Port) \u00a0 \u00a0 1C (Mat)\/1D (Port)<br>9:40 \u00a0 \u00a0 \u00a01A (Mat)\/1B (Port) \u00a0 \u00a0 1F (Mat)\/1E (Port) \u00a0 \u00a0 1D (Mat)\/1C (Port)<br>13:30 \u00a0 \u00a0 1A (Port)\/1B (Mat) \u00a0 \u00a0 1E (Mat)\/1F (Port) \u00a0 \u00a0 1C (Mat)\/1D (Port)<br>15:40 \u00a0 \u00a0 1A (Mat)\/1B (Port) \u00a0 \u00a0 1F (Mat)\/1E (Port) \u00a0 \u00a0 1D (Mat)\/1C (Port)<\/p>\n\n\n\n<p>No dia\u00a006 de fevereiro de 2023 haver\u00e1 oficina nos setores de produ\u00e7\u00e3o, para todos os estudantes do 1\u00b0 ano.<\/p>\n\n\n\n<p>No dia 30 de janeiro  de 2023 &#8211; In\u00edcio do 2\u00ba semestre letivo de 2022 para as turmas de 2\u00ba e 3\u00ba anos.<\/p>\n\n\n\n<p>No dia 06 de fevereiro de 2023 &#8211; In\u00edcio das aulas para as turmas de 1\u00ba ano.<\/p>\n\n\n\n<p>Os Calend\u00e1rios Acad\u00eamicos, bem como, informa\u00e7\u00f5es adicionais est\u00e3o dispon\u00edveis nas p\u00e1ginas (menus) dos respectivos cursos:<\/p>\n\n\n\n<p><span style=\"font-size: revert;color: initial\"><a href=\"https:\/\/www.ifbaiano.edu.br\/unidades\/santaines\/curso-tecnico-em-agropecuaria\/\">Curso T\u00e9cnico em Agropecu\u00e1ria<\/a><\/span> \/ <span style=\"font-size: revert;color: initial\"><a href=\"https:\/\/www.ifbaiano.edu.br\/unidades\/santaines\/curso-tecnico-em-zootecnia\/\">Curso T\u00e9cnico em Zootecnia<\/a><\/span> \/ <span style=\"font-size: revert;color: initial\"> <a href=\"https:\/\/www.ifbaiano.edu.br\/unidades\/santaines\/curso-tecnico-em-alimentos\/\">Curso T\u00e9cnico em Alimentos<\/a><\/span><\/p>\n\n\n\n<hr class=\"wp-block-separator\" \/>\n\n\n\n<p><\/p>\n","protected":false},"excerpt":{"rendered":"<p>O Campus Santa In\u00eas do Instituto Federal Baiano (IF Baiano) se preparara para receber, no dia\u00a030 de janeiro, as turmas de estudantes para os cursos T\u00e9cnicos Integrados. Na programa\u00e7\u00e3o para a semana de in\u00edcio das aulas (per\u00edodo de 30\/01 a\u00a003\/02\/2023) est\u00e3o previstas algumas atividades, conforme seguem: Dia\u00a030 de janeiro\u00a0de 2023 08h30min: na Quadra Poliesportiva do [&hellip;]<\/p>\n","protected":false},"author":86,"featured_media":14067,"comment_status":"closed","ping_status":"closed","sticky":false,"template":"","format":"standard","meta":[],"categories":[4,13,5,6,10,57],"tags":[],"_links":{"self":[{"href":"https:\/\/www.ifbaiano.edu.br\/unidades\/santaines\/wp-json\/wp\/v2\/posts\/18051"}],"collection":[{"href":"https:\/\/www.ifbaiano.edu.br\/unidades\/santaines\/wp-json\/wp\/v2\/posts"}],"about":[{"href":"https:\/\/www.ifbaiano.edu.br\/unidades\/santaines\/wp-json\/wp\/v2\/types\/post"}],"author":[{"embeddable":true,"href":"https:\/\/www.ifbaiano.edu.br\/unidades\/santaines\/wp-json\/wp\/v2\/users\/86"}],"replies":[{"embeddable":true,"href":"https:\/\/www.ifbaiano.edu.br\/unidades\/santaines\/wp-json\/wp\/v2\/comments?post=18051"}],"version-history":[{"count":10,"href":"https:\/\/www.ifbaiano.edu.br\/unidades\/santaines\/wp-json\/wp\/v2\/posts\/18051\/revisions"}],"predecessor-version":[{"id":18069,"href":"https:\/\/www.ifbaiano.edu.br\/unidades\/santaines\/wp-json\/wp\/v2\/posts\/18051\/revisions\/18069"}],"wp:featuredmedia":[{"embeddable":true,"href":"https:\/\/www.ifbaiano.edu.br\/unidades\/santaines\/wp-json\/wp\/v2\/media\/14067"}],"wp:attachment":[{"href":"https:\/\/www.ifbaiano.edu.br\/unidades\/santaines\/wp-json\/wp\/v2\/media?parent=18051"}],"wp:term":[{"taxonomy":"category","embeddable":true,"href":"https:\/\/www.ifbaiano.edu.br\/unidades\/santaines\/wp-json\/wp\/v2\/categories?post=18051"},{"taxonomy":"post_tag","embeddable":true,"href":"https:\/\/www.ifbaiano.edu.br\/unidades\/santaines\/wp-json\/wp\/v2\/tags?post=18051"}],"curies":[{"name":"wp","href":"https:\/\/api.w.org\/{rel}","templated":true}]}}