{"id":18073,"date":"2023-01-24T14:25:00","date_gmt":"2023-01-24T17:25:00","guid":{"rendered":"https:\/\/www.ifbaiano.edu.br\/unidades\/santaines\/?p=18073"},"modified":"2023-02-02T15:35:19","modified_gmt":"2023-02-02T18:35:19","slug":"prosel-2023-campus-santa-ines-oferta-34-vagas-remanescentes-em-cursos-tecnicos-na-forma-integrada-ao-ensino-medio","status":"publish","type":"post","link":"https:\/\/www.ifbaiano.edu.br\/unidades\/santaines\/prosel-2023-campus-santa-ines-oferta-34-vagas-remanescentes-em-cursos-tecnicos-na-forma-integrada-ao-ensino-medio\/","title":{"rendered":"Prosel 2023: Campus Santa In\u00eas oferta 34 vagas remanescentes em cursos t\u00e9cnicos na forma Integrada ao Ensino M\u00e9dio"},"content":{"rendered":"\n<p>O Campus Santa In\u00eas, do IF Baiano, est\u00e1 com sele\u00e7\u00e3o aberta para oferta de 34 vagas para os cursos t\u00e9cnicos na forma Integrada ao Ensino M\u00e9dio, sendo 24 vagas para o Curso T\u00e9cnico em Agropecu\u00e1ria e 10 vagas  para o Curso T\u00e9cnico em Alimentos. As vagas remanescentes ser\u00e3o preenchidas por manifesta\u00e7\u00e3o de interesse, sendo o tipo de vaga, exclusivamente, para Ampla Concorr\u00eancia.<\/p>\n\n\n\n<p>Candidatos(as) interessados(as) dever\u00e3o comparecer ao Campus Santa In\u00eas, no dia 27 de janeiro de 2023, das 07h30min \u00e0s 13h30min (por ordem de chegada) no endere\u00e7o: Rodovia BR 420 \u2013 KM 2,5 &#8211; Santa In\u00eas\/Uba\u00edra &#8211; Bahia &#8211; Telefone: (73) 3536-1210 &#8211; Ramal 109 e se dirigir \u00e0 Secretaria de Registros Acad\u00eamicos &#8211; SRA <span style=\"font-size: revert;color: initial\">juntamente com seu( respons\u00e1vel legal e\/ou procurador constitu\u00eddo para tal fim<\/span>. <\/p>\n\n\n\n<p>Para ingressar nos cursos t\u00e9cnicos na forma integrada ao Ensino M\u00e9dio do IF Baiano &#8211; Campus Santa In\u00eas, o(a) candidato(a) deve ter conclu\u00eddo o Ensino Fundamental (9\u00ba ano) e apresentar a documenta\u00e7\u00e3o abaixo, no ato da inscri\u00e7\u00e3o para a matr\u00edcula:<\/p>\n\n\n\n<ul><li>Documento de Identifica\u00e7\u00e3o civil &#8211; RG;<\/li><li>CPF;<\/li><li>Certid\u00e3o de Nascimento ou casamento;<\/li><li>Certificado de Conclus\u00e3o e Hist\u00f3rico Escolar do Ensino Fundamental ou Certificado de conclus\u00e3o do Ensino Fundamental por meio do desempenho do ENCCEJA. Quando oriundo de pa\u00edses estrangeiros, este documento dever\u00e1 estar revalidado e devidamente acompanhado da respectiva tradu\u00e7\u00e3o juramentada;<\/li><li>Comprovante de resid\u00eancia do ano corrente ou declara\u00e7\u00e3o de domic\u00edlio;<\/li><li>Certificado de Quita\u00e7\u00e3o do Servi\u00e7o Militar (para candidatos do sexo masculino a partir dos 18 anos);<\/li><li>Quita\u00e7\u00e3o da Justi\u00e7a Eleitoral para candidatos (as) maiores de 18 anos dispon\u00edvel <a href=\"\/\/www.treba.jus.br\/eleitor\/cerTdoes\/cerTdao-dequitacao-eleitoral\"><strong>AQUI<\/strong><\/a>:<\/li><li>RG e CPF do(a) respons\u00e1vel se o(a) candidato(a) for menor de 18 anos;<\/li><li>02 fotos 3&#215;4 (iguais e recentes);<\/li><li>Grupo sangu\u00edneo do sistema ABO e fator RH;<\/li><li>Cart\u00e3o de vacina\u00e7\u00e3o constando vacina contra t\u00e9tano nos \u00faltimos dez anos, devidamente assinada pelo agente de sa\u00fade;<\/li><li>Cart\u00e3o do SUS.<\/li><\/ul>\n\n\n\n<p>Demais informa\u00e7\u00f5es e etapas do processo seletivo est\u00e3o descritas no edital e documentos complementares, na <a href=\"https:\/\/concurso.ifbaiano.edu.br\/portal\/vagas-integrado-santa-ines-janeiro-2023\/\">p\u00e1gina de concursos<\/a>, no portal do IF Baiano. <\/p>\n\n\n\n<p><span style=\"font-size: revert;color: initial\">Caso haja necessidade, o Campus Santa In\u00eas poder\u00e1 solicitar documentos complementares, <\/span><span style=\"font-size: revert;color: initial\">os quais ser\u00e3o especificados no ato da matr\u00edcula.<\/span><span style=\"font-size: revert;color: initial\"><\/span> <\/p>\n\n\n\n<p><span style=\"font-size: revert;color: initial\"><strong>A sele\u00e7\u00e3o ser\u00e1 EXCLUSIVAMENTE de forma presencial atrav\u00e9s da manifesta\u00e7\u00e3o de interesse na vaga pela ordem de chegada e apresenta\u00e7\u00e3o da documenta\u00e7\u00e3o completa para realiza\u00e7\u00e3o da matr\u00edcula.<\/strong><\/span><\/p>\n\n\n\n<p><span style=\"font-size: revert;color: initial\">A classifica\u00e7\u00e3o e sele\u00e7\u00e3o dos(das) candidatos(as) ser\u00e1 por ordem de chegada, mediante a apresenta\u00e7\u00e3o da <\/span><span style=\"font-size: revert;color: initial\">documenta\u00e7\u00e3o necess\u00e1ria para a matr\u00edcula.<\/span><span style=\"font-size: revert;color: initial\"><\/span>  <span style=\"font-size: revert;color: initial\">No caso do n\u00famero de interessados(as) ser maior que o n\u00famero de vagas, os(as) candidatos(as)<\/span><span style=\"font-size: revert;color: initial\"> <\/span><span style=\"font-size: revert;color: initial\"><\/span><span style=\"font-size: revert;color: initial\">excedentes ser\u00e3o adicionados(as) em lista de espera para preenchimento de vac\u00e2ncias por desist\u00eancia, que poder\u00e3o ser utilizadas pelo Campus at\u00e9 30 dias ap\u00f3s in\u00edcio das aulas.<\/span><span style=\"font-size: revert;color: initial\"><\/span> <\/p>\n\n\n\n<p>Informa\u00e7\u00f5es e\/ou d\u00favidas devem ser encaminhadas para o endere\u00e7o de e-mail&nbsp;<a href=\"mailto:fic@xiquexique.ifbaiano.edu.br\"><\/a>prosel@si.ifbaiano.edu.br.<\/p>\n\n\n\n<p> <strong>Edital, documentos e etapas do Processo Seletivo 2023 &#8211; Vagas Remanescentes:<\/strong><\/p>\n\n\n\n<ul><li><a href=\"https:\/\/concurso.ifbaiano.edu.br\/portal\/vagas-integrado-santa-ines-janeiro-2023\/wp-content\/uploads\/sites\/737\/2023\/01\/Edital-vagas-remanescentes.pdf\">Edital n\u00ba 01, de 24 de janeiro de 2023<\/a><\/li><li><a rel=\"noreferrer noopener\" target=\"_blank\" href=\"https:\/\/concurso.ifbaiano.edu.br\/portal\/vagas-integrado-santa-ines-janeiro-2023\/wp-content\/uploads\/sites\/737\/2023\/02\/Lista-de-matriculado-e-lista-de-espera-Vagas-remanescentes-PROSEL-2023.pdf\">Lista de Matriculados e Lista de Espera<\/a><\/li><\/ul>\n\n\n\n<hr class=\"wp-block-separator\" \/>\n\n\n\n<p>Veja mais informa\u00e7\u00f5es sobre ingresso de estudantes 2023 em: https:\/\/www.ifbaiano.edu.br\/unidades\/santaines\/prosel-2023-campus-santa-ines-oferta-210-vagas-em-cursos-tecnicos-na-forma-integrada-ao-ensino-medio\/.<\/p>\n","protected":false},"excerpt":{"rendered":"<p>O Campus Santa In\u00eas, do IF Baiano, est\u00e1 com sele\u00e7\u00e3o aberta para oferta de 34 vagas para os cursos t\u00e9cnicos na forma Integrada ao Ensino M\u00e9dio, sendo 24 vagas para o Curso T\u00e9cnico em Agropecu\u00e1ria e 10 vagas para o Curso T\u00e9cnico em Alimentos. As vagas remanescentes ser\u00e3o preenchidas por manifesta\u00e7\u00e3o de interesse, sendo o [&hellip;]<\/p>\n","protected":false},"author":86,"featured_media":17541,"comment_status":"closed","ping_status":"closed","sticky":false,"template":"","format":"standard","meta":[],"categories":[4,5,8,57],"tags":[],"_links":{"self":[{"href":"https:\/\/www.ifbaiano.edu.br\/unidades\/santaines\/wp-json\/wp\/v2\/posts\/18073"}],"collection":[{"href":"https:\/\/www.ifbaiano.edu.br\/unidades\/santaines\/wp-json\/wp\/v2\/posts"}],"about":[{"href":"https:\/\/www.ifbaiano.edu.br\/unidades\/santaines\/wp-json\/wp\/v2\/types\/post"}],"author":[{"embeddable":true,"href":"https:\/\/www.ifbaiano.edu.br\/unidades\/santaines\/wp-json\/wp\/v2\/users\/86"}],"replies":[{"embeddable":true,"href":"https:\/\/www.ifbaiano.edu.br\/unidades\/santaines\/wp-json\/wp\/v2\/comments?post=18073"}],"version-history":[{"count":4,"href":"https:\/\/www.ifbaiano.edu.br\/unidades\/santaines\/wp-json\/wp\/v2\/posts\/18073\/revisions"}],"predecessor-version":[{"id":18165,"href":"https:\/\/www.ifbaiano.edu.br\/unidades\/santaines\/wp-json\/wp\/v2\/posts\/18073\/revisions\/18165"}],"wp:featuredmedia":[{"embeddable":true,"href":"https:\/\/www.ifbaiano.edu.br\/unidades\/santaines\/wp-json\/wp\/v2\/media\/17541"}],"wp:attachment":[{"href":"https:\/\/www.ifbaiano.edu.br\/unidades\/santaines\/wp-json\/wp\/v2\/media?parent=18073"}],"wp:term":[{"taxonomy":"category","embeddable":true,"href":"https:\/\/www.ifbaiano.edu.br\/unidades\/santaines\/wp-json\/wp\/v2\/categories?post=18073"},{"taxonomy":"post_tag","embeddable":true,"href":"https:\/\/www.ifbaiano.edu.br\/unidades\/santaines\/wp-json\/wp\/v2\/tags?post=18073"}],"curies":[{"name":"wp","href":"https:\/\/api.w.org\/{rel}","templated":true}]}}