{"id":18082,"date":"2023-01-30T16:29:27","date_gmt":"2023-01-30T19:29:27","guid":{"rendered":"https:\/\/www.ifbaiano.edu.br\/unidades\/santaines\/?p=18082"},"modified":"2023-01-31T08:42:39","modified_gmt":"2023-01-31T11:42:39","slug":"campus-santa-ines-inicia-ano-letivo-com-boas-vindas-aos-novos-estudantes-e-seus-pais-responsaveis","status":"publish","type":"post","link":"https:\/\/www.ifbaiano.edu.br\/unidades\/santaines\/campus-santa-ines-inicia-ano-letivo-com-boas-vindas-aos-novos-estudantes-e-seus-pais-responsaveis\/","title":{"rendered":"Campus Santa In\u00eas inicia ano letivo com boas-vindas aos novos estudantes e seus pais\/respons\u00e1veis"},"content":{"rendered":"\n<p>Na manh\u00e3 de hoje, 30, na quadra poliesportiva do Campus Santa In\u00eas, aconteceu a primeira reuni\u00e3o com os pais\/respons\u00e1veis dos novos estudantes (1\u00ba ano) dos Cursos T\u00e9cnicos Integrados (Agropecu\u00e1ria, Alimentos e Zootecnia) da institui\u00e7\u00e3o.<\/p>\n\n\n\n<figure class=\"wp-block-gallery columns-3 is-cropped wp-block-gallery-1 is-layout-flex\"><ul class=\"blocks-gallery-grid\"><li class=\"blocks-gallery-item\"><figure><a href=\"https:\/\/www.ifbaiano.edu.br\/unidades\/santaines\/files\/2023\/01\/2.jpg\"><img decoding=\"async\" loading=\"lazy\" width=\"1600\" height=\"1200\" src=\"https:\/\/www.ifbaiano.edu.br\/unidades\/santaines\/files\/2023\/01\/2.jpg\" alt=\"\" data-id=\"18084\" data-full-url=\"https:\/\/www.ifbaiano.edu.br\/unidades\/santaines\/files\/2023\/01\/2.jpg\" data-link=\"https:\/\/www.ifbaiano.edu.br\/unidades\/santaines\/?attachment_id=18084\" class=\"wp-image-18084\" \/><\/a><\/figure><\/li><li class=\"blocks-gallery-item\"><figure><a href=\"https:\/\/www.ifbaiano.edu.br\/unidades\/santaines\/files\/2023\/01\/1.jpg\"><img decoding=\"async\" loading=\"lazy\" width=\"1600\" height=\"1200\" src=\"https:\/\/www.ifbaiano.edu.br\/unidades\/santaines\/files\/2023\/01\/1.jpg\" alt=\"\" data-id=\"18083\" data-full-url=\"https:\/\/www.ifbaiano.edu.br\/unidades\/santaines\/files\/2023\/01\/1.jpg\" data-link=\"https:\/\/www.ifbaiano.edu.br\/unidades\/santaines\/?attachment_id=18083\" class=\"wp-image-18083\" \/><\/a><\/figure><\/li><li class=\"blocks-gallery-item\"><figure><a href=\"https:\/\/www.ifbaiano.edu.br\/unidades\/santaines\/files\/2023\/01\/4.jpg\"><img decoding=\"async\" loading=\"lazy\" width=\"1600\" height=\"1200\" src=\"https:\/\/www.ifbaiano.edu.br\/unidades\/santaines\/files\/2023\/01\/4.jpg\" alt=\"\" data-id=\"18086\" data-full-url=\"https:\/\/www.ifbaiano.edu.br\/unidades\/santaines\/files\/2023\/01\/4.jpg\" data-link=\"https:\/\/www.ifbaiano.edu.br\/unidades\/santaines\/?attachment_id=18086\" class=\"wp-image-18086\" \/><\/a><\/figure><\/li><\/ul><\/figure>\n\n\n\n<p>Estavam presentes, a Diretora Geral do Campus, professora Genilda lima; o Diretor Acad\u00eamico, professor Guilherme Nascimento; a Coordenadora de Ensino, professora Tharcilla Pessoa; o coordenador de Assist\u00eancia ao Educando, o servidor \u00c2ngelo Francisco, as Coordenadoras dos Cursos T\u00e9cnicos Integrados em Agropecu\u00e1ria, Alimentos e Zootecnia, respectivamente, Professoras Lucidalva Menezes, Marilete Previero e Viviane Santos; pais\/m\u00e3es\/respons\u00e1veis dos estudantes, professores, servidores T\u00e9cnico-Administrativos, estudantes e colaboradores.<\/p>\n\n\n\n<p>A Diretora Geral, professora Genilda Lima, fez uma acolhida aos presentes, falou sobre a satisfa\u00e7\u00e3o e alegria em receber os novos estudantes, sobre a import\u00e2ncia do apoio e parceria dos pais para um resultado de sucesso e tamb\u00e9m explicou sobre a estrutura e funcionamento da institui\u00e7\u00e3o.<\/p>\n\n\n\n<p>Aconteceu, tamb\u00e9m nesse encontro, a palestra \u201cSucesso na aprendizagem: Escola e fam\u00edlia na mesma p\u00e1gina\u201d, ministrada pela pedagoga Joane Queir\u00f3z. Sensibilizado pela palestra, o ex aluno do curso T\u00e9cnico em Agropecu\u00e1ria, Alair Figueiredo, que estava acompanhando sua filha, ingressante como aluna desse campus fez um emocionante relato de sua trajet\u00f3ria nessa institui\u00e7\u00e3o e acrescentou: \u201cHoje tenho a honra de trazer minha filha para estudar nessa institui\u00e7\u00e3o que transformou a minha vida e a de tantas outras pessoas\u201d.<\/p>\n\n\n\n<figure class=\"wp-block-gallery columns-3 is-cropped wp-block-gallery-3 is-layout-flex\"><ul class=\"blocks-gallery-grid\"><li class=\"blocks-gallery-item\"><figure><a href=\"https:\/\/www.ifbaiano.edu.br\/unidades\/santaines\/files\/2023\/01\/7.jpg\"><img decoding=\"async\" loading=\"lazy\" width=\"1600\" height=\"1200\" src=\"https:\/\/www.ifbaiano.edu.br\/unidades\/santaines\/files\/2023\/01\/7.jpg\" alt=\"\" data-id=\"18090\" data-link=\"https:\/\/www.ifbaiano.edu.br\/unidades\/santaines\/?attachment_id=18090\" class=\"wp-image-18090\" \/><\/a><\/figure><\/li><li class=\"blocks-gallery-item\"><figure><a href=\"https:\/\/www.ifbaiano.edu.br\/unidades\/santaines\/files\/2023\/01\/11.jpg\"><img decoding=\"async\" loading=\"lazy\" width=\"1600\" height=\"1200\" src=\"https:\/\/www.ifbaiano.edu.br\/unidades\/santaines\/files\/2023\/01\/11.jpg\" alt=\"\" data-id=\"18095\" data-link=\"https:\/\/www.ifbaiano.edu.br\/unidades\/santaines\/?attachment_id=18095\" class=\"wp-image-18095\" \/><\/a><\/figure><\/li><li class=\"blocks-gallery-item\"><figure><a href=\"https:\/\/www.ifbaiano.edu.br\/unidades\/santaines\/files\/2023\/01\/p.jpg\"><img decoding=\"async\" loading=\"lazy\" width=\"1600\" height=\"1200\" src=\"https:\/\/www.ifbaiano.edu.br\/unidades\/santaines\/files\/2023\/01\/p.jpg\" alt=\"\" data-id=\"18096\" data-link=\"https:\/\/www.ifbaiano.edu.br\/unidades\/santaines\/?attachment_id=18096\" class=\"wp-image-18096\" \/><\/a><\/figure><\/li><li class=\"blocks-gallery-item\"><figure><a href=\"https:\/\/www.ifbaiano.edu.br\/unidades\/santaines\/files\/2023\/01\/pa.jpg\"><img decoding=\"async\" loading=\"lazy\" width=\"1600\" height=\"1200\" src=\"https:\/\/www.ifbaiano.edu.br\/unidades\/santaines\/files\/2023\/01\/pa.jpg\" alt=\"\" data-id=\"18097\" data-link=\"https:\/\/www.ifbaiano.edu.br\/unidades\/santaines\/?attachment_id=18097\" class=\"wp-image-18097\" \/><\/a><\/figure><\/li><li class=\"blocks-gallery-item\"><figure><a href=\"https:\/\/www.ifbaiano.edu.br\/unidades\/santaines\/files\/2023\/01\/10.jpg\"><img decoding=\"async\" loading=\"lazy\" width=\"1600\" height=\"1200\" src=\"https:\/\/www.ifbaiano.edu.br\/unidades\/santaines\/files\/2023\/01\/10.jpg\" alt=\"\" data-id=\"18094\" data-link=\"https:\/\/www.ifbaiano.edu.br\/unidades\/santaines\/?attachment_id=18094\" class=\"wp-image-18094\" \/><\/a><\/figure><\/li><li class=\"blocks-gallery-item\"><figure><a href=\"https:\/\/www.ifbaiano.edu.br\/unidades\/santaines\/files\/2023\/01\/a.jpg\"><img decoding=\"async\" loading=\"lazy\" width=\"1600\" height=\"1200\" src=\"https:\/\/www.ifbaiano.edu.br\/unidades\/santaines\/files\/2023\/01\/a.jpg\" alt=\"\" data-id=\"18100\" data-link=\"https:\/\/www.ifbaiano.edu.br\/unidades\/santaines\/?attachment_id=18100\" class=\"wp-image-18100\" \/><\/a><\/figure><\/li><\/ul><\/figure>\n\n\n\n<p>O Coordenador de Assist\u00eancia ao Educando (CAE), \u00c2ngelo Francisco tamb\u00e9m fez alguns esclarecimentos sobre a rotina di\u00e1ria dos estudantes, como os mesmos devem se portar e, mais uma vez refor\u00e7ou a import\u00e2ncia do apoio e parceria dos pais\/respons\u00e1veis nessa jornada. Teve-se o momento para os presentes tirarem suas d\u00favidas com o coordenador, bem como, com os membros da equipe da CAE, as servidoras Suomir Cabral e Cinara, relacionadas aos aux\u00edlios, moradia, uniformes, entre outras demandas.<\/p>\n\n\n\n<p>Ao final, todos puderam participar de um almo\u00e7o, no refeit\u00f3rio do Campus.<\/p>\n\n\n\n<hr class=\"wp-block-separator\" \/>\n\n\n\n<p><\/p>\n","protected":false},"excerpt":{"rendered":"<p>Na manh\u00e3 de hoje, 30, na quadra poliesportiva do Campus Santa In\u00eas, aconteceu a primeira reuni\u00e3o com os pais\/respons\u00e1veis dos novos estudantes (1\u00ba ano) dos Cursos T\u00e9cnicos Integrados (Agropecu\u00e1ria, Alimentos e Zootecnia) da institui\u00e7\u00e3o. Estavam presentes, a Diretora Geral do Campus, professora Genilda lima; o Diretor Acad\u00eamico, professor Guilherme Nascimento; a Coordenadora de Ensino, professora [&hellip;]<\/p>\n","protected":false},"author":86,"featured_media":18103,"comment_status":"closed","ping_status":"closed","sticky":false,"template":"","format":"standard","meta":[],"categories":[4,13,5,7,10,57],"tags":[],"_links":{"self":[{"href":"https:\/\/www.ifbaiano.edu.br\/unidades\/santaines\/wp-json\/wp\/v2\/posts\/18082"}],"collection":[{"href":"https:\/\/www.ifbaiano.edu.br\/unidades\/santaines\/wp-json\/wp\/v2\/posts"}],"about":[{"href":"https:\/\/www.ifbaiano.edu.br\/unidades\/santaines\/wp-json\/wp\/v2\/types\/post"}],"author":[{"embeddable":true,"href":"https:\/\/www.ifbaiano.edu.br\/unidades\/santaines\/wp-json\/wp\/v2\/users\/86"}],"replies":[{"embeddable":true,"href":"https:\/\/www.ifbaiano.edu.br\/unidades\/santaines\/wp-json\/wp\/v2\/comments?post=18082"}],"version-history":[{"count":1,"href":"https:\/\/www.ifbaiano.edu.br\/unidades\/santaines\/wp-json\/wp\/v2\/posts\/18082\/revisions"}],"predecessor-version":[{"id":18101,"href":"https:\/\/www.ifbaiano.edu.br\/unidades\/santaines\/wp-json\/wp\/v2\/posts\/18082\/revisions\/18101"}],"wp:featuredmedia":[{"embeddable":true,"href":"https:\/\/www.ifbaiano.edu.br\/unidades\/santaines\/wp-json\/wp\/v2\/media\/18103"}],"wp:attachment":[{"href":"https:\/\/www.ifbaiano.edu.br\/unidades\/santaines\/wp-json\/wp\/v2\/media?parent=18082"}],"wp:term":[{"taxonomy":"category","embeddable":true,"href":"https:\/\/www.ifbaiano.edu.br\/unidades\/santaines\/wp-json\/wp\/v2\/categories?post=18082"},{"taxonomy":"post_tag","embeddable":true,"href":"https:\/\/www.ifbaiano.edu.br\/unidades\/santaines\/wp-json\/wp\/v2\/tags?post=18082"}],"curies":[{"name":"wp","href":"https:\/\/api.w.org\/{rel}","templated":true}]}}