{"id":1812,"date":"2012-04-27T10:47:29","date_gmt":"2012-04-27T13:47:29","guid":{"rendered":"http:\/\/www.ifbaiano.edu.br\/unidades\/santaines\/?p=1812"},"modified":"2012-04-27T10:49:02","modified_gmt":"2012-04-27T13:49:02","slug":"projeto-atlas-digital-sera-apresentado-dia-30-de-abril-em-nosso-campus","status":"publish","type":"post","link":"https:\/\/www.ifbaiano.edu.br\/unidades\/santaines\/projeto-atlas-digital-sera-apresentado-dia-30-de-abril-em-nosso-campus\/","title":{"rendered":"Projeto Atlas Digital ser\u00e1 apresentado dia 30 de Abril em nosso c\u00e2mpus"},"content":{"rendered":"<p style=\"text-align: justify\">A dire\u00e7\u00e3o geral convida a toda comunidade escolar para participar da palestra\u00a0sobre o projeto\u00a0<strong>Atlas Digital<\/strong>, no dia 30 de abril de 2012, \u00e0s 10h00min, no Audit\u00f3rio da Biblioteca, \u00a0a qual ser\u00e1 proferida pelo Pr\u00f3-Reitor\u00a0de Pesquisa e Inova\u00e7\u00e3o do IF Baiano,\u00a0Prof. Dr. Vandemberg Salvador.<\/p>\n<p style=\"text-align: justify\"><em>Informa\u00e7\u00e3o: Gabinete da Dire\u00e7\u00e3o Geral<\/em><\/p>\n","protected":false},"excerpt":{"rendered":"<p>A dire\u00e7\u00e3o geral convida a toda comunidade escolar para participar da palestra\u00a0sobre o projeto\u00a0Atlas Digital, no dia 30 de abril de 2012, \u00e0s 10h00min, no Audit\u00f3rio da Biblioteca, \u00a0a qual ser\u00e1 proferida pelo Pr\u00f3-Reitor\u00a0de Pesquisa e Inova\u00e7\u00e3o do IF Baiano,\u00a0Prof. Dr. Vandemberg Salvador. Informa\u00e7\u00e3o: Gabinete da Dire\u00e7\u00e3o Geral<\/p>\n","protected":false},"author":26,"featured_media":0,"comment_status":"closed","ping_status":"closed","sticky":false,"template":"","format":"standard","meta":[],"categories":[10],"tags":[],"_links":{"self":[{"href":"https:\/\/www.ifbaiano.edu.br\/unidades\/santaines\/wp-json\/wp\/v2\/posts\/1812"}],"collection":[{"href":"https:\/\/www.ifbaiano.edu.br\/unidades\/santaines\/wp-json\/wp\/v2\/posts"}],"about":[{"href":"https:\/\/www.ifbaiano.edu.br\/unidades\/santaines\/wp-json\/wp\/v2\/types\/post"}],"author":[{"embeddable":true,"href":"https:\/\/www.ifbaiano.edu.br\/unidades\/santaines\/wp-json\/wp\/v2\/users\/26"}],"replies":[{"embeddable":true,"href":"https:\/\/www.ifbaiano.edu.br\/unidades\/santaines\/wp-json\/wp\/v2\/comments?post=1812"}],"version-history":[{"count":3,"href":"https:\/\/www.ifbaiano.edu.br\/unidades\/santaines\/wp-json\/wp\/v2\/posts\/1812\/revisions"}],"predecessor-version":[{"id":1814,"href":"https:\/\/www.ifbaiano.edu.br\/unidades\/santaines\/wp-json\/wp\/v2\/posts\/1812\/revisions\/1814"}],"wp:attachment":[{"href":"https:\/\/www.ifbaiano.edu.br\/unidades\/santaines\/wp-json\/wp\/v2\/media?parent=1812"}],"wp:term":[{"taxonomy":"category","embeddable":true,"href":"https:\/\/www.ifbaiano.edu.br\/unidades\/santaines\/wp-json\/wp\/v2\/categories?post=1812"},{"taxonomy":"post_tag","embeddable":true,"href":"https:\/\/www.ifbaiano.edu.br\/unidades\/santaines\/wp-json\/wp\/v2\/tags?post=1812"}],"curies":[{"name":"wp","href":"https:\/\/api.w.org\/{rel}","templated":true}]}}