{"id":18149,"date":"2023-02-02T08:21:12","date_gmt":"2023-02-02T11:21:12","guid":{"rendered":"https:\/\/www.ifbaiano.edu.br\/unidades\/santaines\/?p=18149"},"modified":"2023-02-02T08:21:12","modified_gmt":"2023-02-02T11:21:12","slug":"comissao-sera-criada-para-estudar-a-viabilidade-de-edital-para-empresas-juniores","status":"publish","type":"post","link":"https:\/\/www.ifbaiano.edu.br\/unidades\/santaines\/comissao-sera-criada-para-estudar-a-viabilidade-de-edital-para-empresas-juniores\/","title":{"rendered":"Comiss\u00e3o ser\u00e1 criada para estudar a viabilidade de edital para empresas juniores"},"content":{"rendered":"\n<div class=\"wp-block-image\"><figure class=\"aligncenter size-full is-resized\"><a href=\"https:\/\/www.ifbaiano.edu.br\/unidades\/santaines\/files\/2023\/02\/WhatsApp-Image-2023-01-27-at-14.34.13.jpeg\"><img decoding=\"async\" loading=\"lazy\" src=\"https:\/\/www.ifbaiano.edu.br\/unidades\/santaines\/files\/2023\/02\/WhatsApp-Image-2023-01-27-at-14.34.13.jpeg\" alt=\"\" class=\"wp-image-18150\" width=\"700\" height=\"394\" \/><\/a><\/figure><\/div>\n\n\n\n<p>Na \u00faltima sexta-feira, 27, uma reuni\u00e3o de trabalho realizada na reitoria do IF Baiano discutiu a organiza\u00e7\u00e3o e expans\u00e3o de empresas juniores no Instituto. Participaram do encontro integrantes da Empresa J\u00fanior Genesys; o reitor do IF Baiano, prof. A\u00e9cio Duarte; e a pr\u00f3-reitora de Extens\u00e3o, profa. Calila Santos.<\/p>\n\n\n\n<p>Como encaminhamento, o coordenador da Empresa Genesys e t\u00e9cnico em Qu\u00edmica Ricardo Brand\u00e3o destacou a cria\u00e7\u00e3o de uma comiss\u00e3o que vai estudar a viabilidade de um edital de cria\u00e7\u00e3o e manuten\u00e7\u00e3o de empresas juniores no IF Baiano. Al\u00e9m dessa demanda, Ricardo mencionou a \u201cpossibilidade de cria\u00e7\u00e3o de bolsas de empreendedorismo e a inser\u00e7\u00e3o de um link que vincule as empresas juniores \u00e0 p\u00e1gina do IF Baiano\u201d.<\/p>\n\n\n\n<p>A ideia \u00e9 montar um plano de trabalho executado em todos os&nbsp;<em>campi<\/em>, para o fomento, articula\u00e7\u00e3o e assessoria de novas empresas juniores, a partir daquelas j\u00e1 existentes, entre elas a Genesys, ligada ao curso de Licenciatura em Qu\u00edmica do Campus Guanambi.<\/p>\n\n\n\n<p>\u201cAs empresas juniores continuar\u00e3o participando dos eventos oficiais do Instituto, a exemplo dos congressos. E existe a possibilidade de realizarmos um evento anual das empresas juniores do IF Baiano\u201d, acrescentou o servidor Ricardo. Durante a reuni\u00e3o de trabalho, a proposta foi refor\u00e7ada pela gerente de Marketing e Comunica\u00e7\u00e3o Liliane Oliveira, e pela diretora de Marketing e Propaganda Aline Nascimento, ambas da empresa j\u00fanior Genesys.<\/p>\n\n\n\n<hr class=\"wp-block-separator\" \/>\n\n\n\n<p>Mat\u00e9ria ASCOM dispon\u00edvel em: https:\/\/ifbaiano.edu.br\/portal\/blog\/comissao-sera-criada-para-estudar-a-viabilidade-de-edital-para-empresas-juniores\/<\/p>\n","protected":false},"excerpt":{"rendered":"<p>Na \u00faltima sexta-feira, 27, uma reuni\u00e3o de trabalho realizada na reitoria do IF Baiano discutiu a organiza\u00e7\u00e3o e expans\u00e3o de empresas juniores no Instituto. Participaram do encontro integrantes da Empresa J\u00fanior Genesys; o reitor do IF Baiano, prof. A\u00e9cio Duarte; e a pr\u00f3-reitora de Extens\u00e3o, profa. Calila Santos. Como encaminhamento, o coordenador da Empresa Genesys [&hellip;]<\/p>\n","protected":false},"author":86,"featured_media":0,"comment_status":"closed","ping_status":"closed","sticky":false,"template":"","format":"standard","meta":[],"categories":[4,10,57],"tags":[],"_links":{"self":[{"href":"https:\/\/www.ifbaiano.edu.br\/unidades\/santaines\/wp-json\/wp\/v2\/posts\/18149"}],"collection":[{"href":"https:\/\/www.ifbaiano.edu.br\/unidades\/santaines\/wp-json\/wp\/v2\/posts"}],"about":[{"href":"https:\/\/www.ifbaiano.edu.br\/unidades\/santaines\/wp-json\/wp\/v2\/types\/post"}],"author":[{"embeddable":true,"href":"https:\/\/www.ifbaiano.edu.br\/unidades\/santaines\/wp-json\/wp\/v2\/users\/86"}],"replies":[{"embeddable":true,"href":"https:\/\/www.ifbaiano.edu.br\/unidades\/santaines\/wp-json\/wp\/v2\/comments?post=18149"}],"version-history":[{"count":1,"href":"https:\/\/www.ifbaiano.edu.br\/unidades\/santaines\/wp-json\/wp\/v2\/posts\/18149\/revisions"}],"predecessor-version":[{"id":18151,"href":"https:\/\/www.ifbaiano.edu.br\/unidades\/santaines\/wp-json\/wp\/v2\/posts\/18149\/revisions\/18151"}],"wp:attachment":[{"href":"https:\/\/www.ifbaiano.edu.br\/unidades\/santaines\/wp-json\/wp\/v2\/media?parent=18149"}],"wp:term":[{"taxonomy":"category","embeddable":true,"href":"https:\/\/www.ifbaiano.edu.br\/unidades\/santaines\/wp-json\/wp\/v2\/categories?post=18149"},{"taxonomy":"post_tag","embeddable":true,"href":"https:\/\/www.ifbaiano.edu.br\/unidades\/santaines\/wp-json\/wp\/v2\/tags?post=18149"}],"curies":[{"name":"wp","href":"https:\/\/api.w.org\/{rel}","templated":true}]}}