{"id":18154,"date":"2023-02-27T11:00:00","date_gmt":"2023-02-27T14:00:00","guid":{"rendered":"https:\/\/www.ifbaiano.edu.br\/unidades\/santaines\/?p=18154"},"modified":"2023-05-02T18:08:07","modified_gmt":"2023-05-02T21:08:07","slug":"campus-santa-ines-abre-200-vagas-para-cursos-na-modalidade-de-educacao-a-distancia-ead","status":"publish","type":"post","link":"https:\/\/www.ifbaiano.edu.br\/unidades\/santaines\/campus-santa-ines-abre-200-vagas-para-cursos-na-modalidade-de-educacao-a-distancia-ead\/","title":{"rendered":"Campus Santa In\u00eas oferta 200 vagas para cursos EAD"},"content":{"rendered":"\n<p>Documentos referentes ao processo:<\/p>\n\n\n\n<p><strong><a href=\"https:\/\/www.ifbaiano.edu.br\/unidades\/santaines\/files\/2023\/03\/Convocacao-Banca-de-Heteroidentificacaea.pdf\" target=\"_blank\" rel=\"noreferrer noopener\">Convocacao_Banca_de_Heteroidentificacaea<\/a><\/strong><\/p>\n\n\n\n<p><strong><a rel=\"noreferrer noopener\" href=\"https:\/\/www.ifbaiano.edu.br\/unidades\/santaines\/files\/2023\/03\/Curriculo-Bancas-EaD-2023.pdf\" target=\"_blank\">Curr\u00edculo Bancas EaD 2023<\/a><\/strong><\/p>\n\n\n\n<p><a href=\"https:\/\/www.ifbaiano.edu.br\/unidades\/santaines\/files\/2023\/02\/Edital-de-Reficacao-No-7_2023-PROSEL-EaD.pdf\" target=\"_blank\" rel=\"noreferrer noopener\"><strong>Edital de retifica\u00e7\u00e3o n\u00ba 7\/2023<\/strong><\/a><\/p>\n\n\n\n<p><a href=\"https:\/\/concurso.ifbaiano.edu.br\/portal\/ingresso-subsequente-ead-santa-ines-fevereiro-2023\/wp-content\/uploads\/sites\/742\/2023\/02\/EDITAL-DE-RETIFICACAO-DO-PROCESSO-SELETIVO-EaD.pdf\" target=\"_blank\" rel=\"noreferrer noopener\"><strong>Edital de retifica\u00e7\u00e3o n\u00ba 4\/2023<\/strong>&nbsp;<\/a><\/p>\n\n\n\n<p><strong><a href=\"https:\/\/concurso.ifbaiano.edu.br\/portal\/ingresso-subsequente-ead-santa-ines-fevereiro-2023\/wp-content\/uploads\/sites\/742\/2023\/02\/Edital-2-2023.pdf\" target=\"_blank\" rel=\"noreferrer noopener\">Edital n\u00ba2<\/a><\/strong><\/p>\n\n\n\n<hr class=\"wp-block-separator\" \/>\n\n\n\n<p>O IF Baiano \u2013 Campus Santa In\u00eas est\u00e1 com sele\u00e7\u00e3o aberta para cursos t\u00e9cnicos profissionalizantes subsequentes ao Ensino M\u00e9dio na modalidade Educa\u00e7\u00e3o a Dist\u00e2ncia (EAD). S\u00e3o 200 vagas para os cursos de Vendas, Multimeios Did\u00e1ticos e Secretaria Escolar. <strong>O per\u00edodo de inscri\u00e7\u00e3o vai de 27 de fevereiro a 10 de mar\u00e7o<\/strong>. As inscri\u00e7\u00f5es s\u00e3o gratuitas, realizadas exclusivamente de forma presencial.<\/p>\n\n\n\n<p>Esta \u00e9 uma oportunidade de qualifica\u00e7\u00e3o profissional gratuita para quem j\u00e1 concluiu o Ensino M\u00e9dio ou concluir\u00e1 at\u00e9 a data da matr\u00edcula. O crit\u00e9rio de sele\u00e7\u00e3o dos candidatos \u00e9 a ordem de inscri\u00e7\u00e3o.<\/p>\n\n\n\n<p>As inscri\u00e7\u00f5es s\u00e3o realizadas na Secretaria de Registros Acad\u00eamicos do Campus Santa In\u00eas \u2013 SRA, das 7h30min \u00e0s 11h30min e das 13h30min \u00e0s 16h30min . O endere\u00e7o do campus \u00e9: Rodovia BR 420 \u2013 KM 2,5 \u2013 Santa In\u00eas\/Uba\u00edra \u2013 Bahia.<\/p>\n\n\n\n<p>No ato de inscri\u00e7\u00e3o, os candidatos poder\u00e3o escolher o curso que deseja fazer prioritariamente e uma segunda op\u00e7\u00e3o. Os cursos de Secretaria Escolar e Multimeios Did\u00e1ticos t\u00eam dura\u00e7\u00e3o de 3 semestres e o de Vendas de 2 semestres.<\/p>\n\n\n\n<p><strong>Confira os cursos:<\/strong><br><br><strong>Santa In\u00eas:<\/strong><\/p>\n\n\n\n<p>\u2013 Vendas (Noturno) \u2013 40 Vagas<\/p>\n\n\n\n<p>\u2013 Multimeios Did\u00e1ticos (Diurno) \u2013 40 Vagas<\/p>\n\n\n\n<p>\u2013 Secretaria Escolar (Diurno) \u2013 40 Vagas<br><br><strong>Marac\u00e1s:<\/strong><br><br>\u2013 T\u00e9cnico em Vendas (Noturno) \u2013 40<\/p>\n\n\n\n<p>\u2013 Multimeios Did\u00e1ticos (Noturno) \u2013 40<br><\/p>\n\n\n\n<p>Para informa\u00e7\u00f5es completas, os candidatos devem consultar o\u00a0<a href=\"https:\/\/concurso.ifbaiano.edu.br\/portal\/ingresso-subsequente-ead-santa-ines-fevereiro-2023\/wp-content\/uploads\/sites\/742\/2023\/02\/Edital-2-2023.pdf\"><a href=\"https:\/\/concurso.ifbaiano.edu.br\/portal\/ingresso-subsequente-ead-santa-ines-fevereiro-2023\/wp-content\/uploads\/sites\/742\/2023\/02\/Edital-2-2023.pdf\">edital n\u00ba 2<\/a>,<\/a> <a href=\"https:\/\/concurso.ifbaiano.edu.br\/portal\/ingresso-subsequente-ead-santa-ines-fevereiro-2023\/wp-content\/uploads\/sites\/742\/2023\/02\/EDITAL-DE-RETIFICACAO-DO-PROCESSO-SELETIVO-EaD.pdf\">edital de retifica\u00e7\u00e3o n\u00ba 4\/2023<\/a><a href=\"https:\/\/concurso.ifbaiano.edu.br\/portal\/ingresso-subsequente-ead-santa-ines-fevereiro-2023\/wp-content\/uploads\/sites\/742\/2023\/02\/Edital-2-2023.pdf\"> <\/a>e <a href=\"https:\/\/www.ifbaiano.edu.br\/unidades\/santaines\/files\/2023\/02\/Edital-de-Reficacao-No-7_2023-PROSEL-EaD.pdf\">edital de retifica\u00e7\u00e3o n\u00ba 7\/2023<\/a>.<\/p>\n\n\n\n<p>D\u00favidas sobre os processos dever\u00e3o ser encaminhadas para o e-mail da Comiss\u00e3o Local de Processo Seletivo: prosel@si.ifbaiano.edu.br.<br><strong><br>Mais de 3 mil vagas em todo o estado<\/strong><\/p>\n\n\n\n<p>Ao todo, o IF Baiano ir\u00e1 ofertar 3.200 vagas em cursos t\u00e9cnicos subsequentes ao ensino m\u00e9dio na modalidade a dist\u00e2ncia em Vendas (1.040), Multimeios Did\u00e1ticos (1.080) e Secretaria Escolar (1.080), em 2023.<\/p>\n\n\n\n<p>Ser\u00e3o 197 turmas distribu\u00eddas em 14 campi: Alagoinhas, Bom Jesus da Lapa, Catu, Governador Mangabeira, Guanambi, Itaberaba, Itapetinga, Santa In\u00eas, Senhor do Bonfim, Serrinha, Teixeira de Freitas, Uru\u00e7uca, Valen\u00e7a e Xique-xique. Confira&nbsp;<a href=\"https:\/\/ifbaiano.edu.br\/portal\/blog\/acompanhe-os-editais-abertos-para-cursos-tecnicos-a-distancia\/\">aqui<\/a>&nbsp;os editais j\u00e1 lan\u00e7ados!<\/p>\n\n\n\n<hr class=\"wp-block-separator\" \/>\n","protected":false},"excerpt":{"rendered":"<p>Os cursos s\u00e3o em Vendas, Multimeios Did\u00e1ticos e Secretaria Escolar, ofertados pelos polos de Santa In\u00eas e Marac\u00e1s<\/p>\n","protected":false},"author":86,"featured_media":18163,"comment_status":"closed","ping_status":"closed","sticky":false,"template":"","format":"standard","meta":[],"categories":[4,8,57],"tags":[],"_links":{"self":[{"href":"https:\/\/www.ifbaiano.edu.br\/unidades\/santaines\/wp-json\/wp\/v2\/posts\/18154"}],"collection":[{"href":"https:\/\/www.ifbaiano.edu.br\/unidades\/santaines\/wp-json\/wp\/v2\/posts"}],"about":[{"href":"https:\/\/www.ifbaiano.edu.br\/unidades\/santaines\/wp-json\/wp\/v2\/types\/post"}],"author":[{"embeddable":true,"href":"https:\/\/www.ifbaiano.edu.br\/unidades\/santaines\/wp-json\/wp\/v2\/users\/86"}],"replies":[{"embeddable":true,"href":"https:\/\/www.ifbaiano.edu.br\/unidades\/santaines\/wp-json\/wp\/v2\/comments?post=18154"}],"version-history":[{"count":14,"href":"https:\/\/www.ifbaiano.edu.br\/unidades\/santaines\/wp-json\/wp\/v2\/posts\/18154\/revisions"}],"predecessor-version":[{"id":18327,"href":"https:\/\/www.ifbaiano.edu.br\/unidades\/santaines\/wp-json\/wp\/v2\/posts\/18154\/revisions\/18327"}],"wp:featuredmedia":[{"embeddable":true,"href":"https:\/\/www.ifbaiano.edu.br\/unidades\/santaines\/wp-json\/wp\/v2\/media\/18163"}],"wp:attachment":[{"href":"https:\/\/www.ifbaiano.edu.br\/unidades\/santaines\/wp-json\/wp\/v2\/media?parent=18154"}],"wp:term":[{"taxonomy":"category","embeddable":true,"href":"https:\/\/www.ifbaiano.edu.br\/unidades\/santaines\/wp-json\/wp\/v2\/categories?post=18154"},{"taxonomy":"post_tag","embeddable":true,"href":"https:\/\/www.ifbaiano.edu.br\/unidades\/santaines\/wp-json\/wp\/v2\/tags?post=18154"}],"curies":[{"name":"wp","href":"https:\/\/api.w.org\/{rel}","templated":true}]}}