{"id":18178,"date":"2023-02-07T11:22:42","date_gmt":"2023-02-07T14:22:42","guid":{"rendered":"https:\/\/www.ifbaiano.edu.br\/unidades\/santaines\/?p=18178"},"modified":"2023-02-07T11:22:43","modified_gmt":"2023-02-07T14:22:43","slug":"campus-santa-ines-realizara-colacao-de-grau-em-gabinete-para-estudantes-dos-cursos-superiores","status":"publish","type":"post","link":"https:\/\/www.ifbaiano.edu.br\/unidades\/santaines\/campus-santa-ines-realizara-colacao-de-grau-em-gabinete-para-estudantes-dos-cursos-superiores\/","title":{"rendered":"Campus Santa In\u00eas realizar\u00e1 Cola\u00e7\u00e3o de Grau em gabinete para estudantes dos cursos superiores"},"content":{"rendered":"\n<p>Na pr\u00f3xima semana, dia 15, \u00e0s 14h, acontece, no audit\u00f3rio do Campus Santa In\u00eas, a cerim\u00f4nia de cola\u00e7\u00e3o de grau em gabinete, com os formandos dos cursos superiores da institui\u00e7\u00e3o: Bacharelado em Zootecnia, Licenciatura em Ci\u00eancias Biol\u00f3gicas e Licenciatura em Geografia.<br>Os estudantes aptos a colarem grau s\u00e3o aqueles que conclu\u00edram o curso no per\u00edodo pand\u00eamico e p\u00f3s-pand\u00eamico da Covid-19 e solicitaram cola\u00e7\u00e3o de grau, no per\u00edodo excepcional, aberto pela Dire\u00e7\u00e3o Acad\u00eamica do Campus.<br>A cola\u00e7\u00e3o de grau em gabinete, cerim\u00f4nia simplificada, \u00e9 uma exig\u00eancia legal prevista para atender casos excepcionais dos formandos.<br>A solenidade ser\u00e1 aberta ao p\u00fablico.<\/p>\n","protected":false},"excerpt":{"rendered":"<p>Na pr\u00f3xima semana, dia 15, \u00e0s 14h, acontece, no audit\u00f3rio do Campus Santa In\u00eas, a cerim\u00f4nia de cola\u00e7\u00e3o de grau em gabinete, com os formandos dos cursos superiores da institui\u00e7\u00e3o: Bacharelado em Zootecnia, Licenciatura em Ci\u00eancias Biol\u00f3gicas e Licenciatura em Geografia.Os estudantes aptos a colarem grau s\u00e3o aqueles que conclu\u00edram o curso no per\u00edodo pand\u00eamico [&hellip;]<\/p>\n","protected":false},"author":86,"featured_media":15254,"comment_status":"closed","ping_status":"closed","sticky":false,"template":"","format":"standard","meta":[],"categories":[4,5,6,10,57],"tags":[],"_links":{"self":[{"href":"https:\/\/www.ifbaiano.edu.br\/unidades\/santaines\/wp-json\/wp\/v2\/posts\/18178"}],"collection":[{"href":"https:\/\/www.ifbaiano.edu.br\/unidades\/santaines\/wp-json\/wp\/v2\/posts"}],"about":[{"href":"https:\/\/www.ifbaiano.edu.br\/unidades\/santaines\/wp-json\/wp\/v2\/types\/post"}],"author":[{"embeddable":true,"href":"https:\/\/www.ifbaiano.edu.br\/unidades\/santaines\/wp-json\/wp\/v2\/users\/86"}],"replies":[{"embeddable":true,"href":"https:\/\/www.ifbaiano.edu.br\/unidades\/santaines\/wp-json\/wp\/v2\/comments?post=18178"}],"version-history":[{"count":1,"href":"https:\/\/www.ifbaiano.edu.br\/unidades\/santaines\/wp-json\/wp\/v2\/posts\/18178\/revisions"}],"predecessor-version":[{"id":18179,"href":"https:\/\/www.ifbaiano.edu.br\/unidades\/santaines\/wp-json\/wp\/v2\/posts\/18178\/revisions\/18179"}],"wp:featuredmedia":[{"embeddable":true,"href":"https:\/\/www.ifbaiano.edu.br\/unidades\/santaines\/wp-json\/wp\/v2\/media\/15254"}],"wp:attachment":[{"href":"https:\/\/www.ifbaiano.edu.br\/unidades\/santaines\/wp-json\/wp\/v2\/media?parent=18178"}],"wp:term":[{"taxonomy":"category","embeddable":true,"href":"https:\/\/www.ifbaiano.edu.br\/unidades\/santaines\/wp-json\/wp\/v2\/categories?post=18178"},{"taxonomy":"post_tag","embeddable":true,"href":"https:\/\/www.ifbaiano.edu.br\/unidades\/santaines\/wp-json\/wp\/v2\/tags?post=18178"}],"curies":[{"name":"wp","href":"https:\/\/api.w.org\/{rel}","templated":true}]}}