{"id":18183,"date":"2023-02-08T08:43:00","date_gmt":"2023-02-08T11:43:00","guid":{"rendered":"https:\/\/www.ifbaiano.edu.br\/unidades\/santaines\/?p=18183"},"modified":"2023-02-08T08:48:48","modified_gmt":"2023-02-08T11:48:48","slug":"if-mais-empreendedor-lanca-nova-edicao-e-seleciona-projetos-para-2023","status":"publish","type":"post","link":"https:\/\/www.ifbaiano.edu.br\/unidades\/santaines\/if-mais-empreendedor-lanca-nova-edicao-e-seleciona-projetos-para-2023\/","title":{"rendered":"IF Mais Empreendedor lan\u00e7a nova edi\u00e7\u00e3o e seleciona projetos para 2023"},"content":{"rendered":"\n<p>O Programa IF Mais Empreendedor lan\u00e7a nova edi\u00e7\u00e3o e seleciona projetos para 2023. A Pr\u00f3-reitoria de Extens\u00e3o (Proex) vai selecionar sete propostas de projetos, sendo tr\u00eas delas para fins de fomento atrav\u00e9s do Programa e at\u00e9 quatro para comporem a lista de remanescentes do edital.<\/p>\n\n\n\n<p>As inscri\u00e7\u00f5es s\u00e3o realizadas, exclusivamente, atrav\u00e9s do e-mail&nbsp;<a href=\"mailto:cppex@ifbaiano.edu.br\">cppex@ifbaiano.edu.br<\/a>. Os proponentes devem enviar um resumo do projeto, em PDF, no per\u00edodo de 09 a 16 de fevereiro.<\/p>\n\n\n\n<p>Poder\u00e3o se candidatar a esta&nbsp;<a href=\"https:\/\/concurso.ifbaiano.edu.br\/portal\/selecao-if-mais-empreendedor-fevereiro-2023\/wp-content\/uploads\/sites\/745\/2023\/02\/Edital-11-2023.pdf\">Chamada Interna Simplificada<\/a>&nbsp;servidores efetivos do IF Baiano, em pleno gozo de atividades, e docentes substitutos desde que o seu contrato de trabalho esteja vigente durante todo o per\u00edodo de execu\u00e7\u00e3o do projeto.<\/p>\n\n\n\n<p>Os crit\u00e9rios de avalia\u00e7\u00e3o e sele\u00e7\u00e3o das propostas s\u00e3o: clareza, relev\u00e2ncia e coer\u00eancia do objetivo;<\/p>\n\n\n\n<p>adequa\u00e7\u00e3o metodol\u00f3gica; impacto social do projeto; articula\u00e7\u00e3o entre ensino, pesquisa e extens\u00e3o; e m\u00e9rito e relev\u00e2ncia do projeto. Ser\u00e3o classificadas as propostas que atingirem maior pontua\u00e7\u00e3o. Em caso de empate, ser\u00e3o utilizados os seguintes crit\u00e9rios: maior nota no crit\u00e9rio \u201d Impacto social do projeto\u201d e maior nota no crit\u00e9rio \u201cArticula\u00e7\u00e3o entre ensino, pesquisa e extens\u00e3o\u201d.<\/p>\n\n\n\n<p>Sobre o IF Mais Empreendedor<\/p>\n\n\n\n<p>O Programa tem como objetivo apoiar o desenvolvimento de projetos com a\u00e7\u00f5es voltadas ao atendimento, apoio e orienta\u00e7\u00e3o a Micro, Pequenos Empreendedores (MPEs), Empreendedores Individuais desde que possuam cadastro nacional de pessoa jur\u00eddica (CNPJ ativo) e Empreendedores e Produtores Rurais formalizados, particularmente por meio de a\u00e7\u00f5es de remodelagem de neg\u00f3cios que foram afetados negativamente pela Pandemia da COVID-19.<\/p>\n\n\n\n<p>Desde 2021, o IF Baiano vem desenvolvendo projetos fomentados pelo IF Mais Empreendedor e fortalecendo empreendedores no estado da Bahia. Em 2022, o projeto intitulado \u2018Planejamento Estrat\u00e9gico Empreendedor para Enfrentamento de Impactos Pand\u00eamicos\u2019 foi vencedor na etapa estadual do Pr\u00eamio Sebrae de Educa\u00e7\u00e3o Empreendedora. O projeto prestou consultoria a empreendimentos que tiveram impactos negativos com a pandemia na cidade de Itaberaba.<\/p>\n\n\n\n<p><a href=\"https:\/\/fadema.org.br\/wp-content\/uploads\/2023\/01\/EDITAL-01_2023-IFMAISEMPREENDEDOR.pdf\">Leia aqui o edital nacional!<\/a><\/p>\n\n\n\n<h3 class=\"wp-block-heading\">Veja tamb\u00e9m:<\/h3>\n\n\n\n<ul><li><a href=\"https:\/\/ifbaiano.edu.br\/portal\/blog\/projeto-do-if-baiano-vence-premio-sebrae-de-educacao-empreendedora\/\">Projeto do IF Baiano vence Pr\u00eamio Sebrae de Educa\u00e7\u00e3o Empreendedora<\/a><\/li><li><a href=\"https:\/\/ifbaiano.edu.br\/portal\/blog\/finalista-em-premio-projeto-do-campus-itaberaba-ajudou-a-revitalizar-pequenos-negocios-na-pandemia\/\">Finalista em pr\u00eamio, projeto do Campus Itaberaba ajudou a revitalizar\u2026<\/a><\/li><\/ul>\n\n\n\n<hr class=\"wp-block-separator\" \/>\n\n\n\n<p>Mat\u00e9ria ASCOM dispon\u00edvel em: https:\/\/ifbaiano.edu.br\/portal\/blog\/if-mais-empreendedor-lanca-nova-edicao-e-seleciona-projetos-para-2023\/<\/p>\n","protected":false},"excerpt":{"rendered":"<p>O Programa IF Mais Empreendedor lan\u00e7a nova edi\u00e7\u00e3o e seleciona projetos para 2023. A Pr\u00f3-reitoria de Extens\u00e3o (Proex) vai selecionar sete propostas de projetos, sendo tr\u00eas delas para fins de fomento atrav\u00e9s do Programa e at\u00e9 quatro para comporem a lista de remanescentes do edital. As inscri\u00e7\u00f5es s\u00e3o realizadas, exclusivamente, atrav\u00e9s do e-mail&nbsp;cppex@ifbaiano.edu.br. Os proponentes [&hellip;]<\/p>\n","protected":false},"author":86,"featured_media":18184,"comment_status":"closed","ping_status":"closed","sticky":false,"template":"","format":"standard","meta":[],"categories":[4,5,57],"tags":[],"_links":{"self":[{"href":"https:\/\/www.ifbaiano.edu.br\/unidades\/santaines\/wp-json\/wp\/v2\/posts\/18183"}],"collection":[{"href":"https:\/\/www.ifbaiano.edu.br\/unidades\/santaines\/wp-json\/wp\/v2\/posts"}],"about":[{"href":"https:\/\/www.ifbaiano.edu.br\/unidades\/santaines\/wp-json\/wp\/v2\/types\/post"}],"author":[{"embeddable":true,"href":"https:\/\/www.ifbaiano.edu.br\/unidades\/santaines\/wp-json\/wp\/v2\/users\/86"}],"replies":[{"embeddable":true,"href":"https:\/\/www.ifbaiano.edu.br\/unidades\/santaines\/wp-json\/wp\/v2\/comments?post=18183"}],"version-history":[{"count":1,"href":"https:\/\/www.ifbaiano.edu.br\/unidades\/santaines\/wp-json\/wp\/v2\/posts\/18183\/revisions"}],"predecessor-version":[{"id":18185,"href":"https:\/\/www.ifbaiano.edu.br\/unidades\/santaines\/wp-json\/wp\/v2\/posts\/18183\/revisions\/18185"}],"wp:featuredmedia":[{"embeddable":true,"href":"https:\/\/www.ifbaiano.edu.br\/unidades\/santaines\/wp-json\/wp\/v2\/media\/18184"}],"wp:attachment":[{"href":"https:\/\/www.ifbaiano.edu.br\/unidades\/santaines\/wp-json\/wp\/v2\/media?parent=18183"}],"wp:term":[{"taxonomy":"category","embeddable":true,"href":"https:\/\/www.ifbaiano.edu.br\/unidades\/santaines\/wp-json\/wp\/v2\/categories?post=18183"},{"taxonomy":"post_tag","embeddable":true,"href":"https:\/\/www.ifbaiano.edu.br\/unidades\/santaines\/wp-json\/wp\/v2\/tags?post=18183"}],"curies":[{"name":"wp","href":"https:\/\/api.w.org\/{rel}","templated":true}]}}