{"id":18246,"date":"2023-02-27T11:01:00","date_gmt":"2023-02-27T14:01:00","guid":{"rendered":"https:\/\/www.ifbaiano.edu.br\/unidades\/santaines\/?p=18246"},"modified":"2023-03-15T19:50:37","modified_gmt":"2023-03-15T22:50:37","slug":"campus-santa-ines-abre-vagas-de-estagio-na-area-de-informatica","status":"publish","type":"post","link":"https:\/\/www.ifbaiano.edu.br\/unidades\/santaines\/campus-santa-ines-abre-vagas-de-estagio-na-area-de-informatica\/","title":{"rendered":"Campus Santa In\u00eas abre vagas de est\u00e1gio na \u00e1rea de inform\u00e1tica"},"content":{"rendered":"\n<p>O IF Baiano \u2013 Campus Santa In\u00eas abre vagas de est\u00e1gio no N\u00facleo de Gest\u00e3o de Tecnologia da Informa\u00e7\u00e3o (NGTI) da Institui\u00e7\u00e3o. O Edital que prev\u00ea 02 (duas) vagas para est\u00e1gio t\u00e9cnico de laborat\u00f3rio de inform\u00e1tica, tamb\u00e9m tem previs\u00e3o de cadastro de reserva. As inscri\u00e7\u00f5es come\u00e7am hoje, 23, e v\u00e3o at\u00e9 o dia 24 de fevereiro de 2023. <\/p>\n\n\n\n<p>O Est\u00e1gio \u00e9 destinado aos discentes regularmente matriculados no curso T\u00e9cnico Subsequente em Inform\u00e1tica do campus e contar\u00e1 com a supervis\u00e3o do NGTI e orienta\u00e7\u00e3o de Docentes da \u00e1rea t\u00e9cnica do curso. Candidatos(as) interessados(as) devem se dirigir ao N\u00facleo de Rela\u00e7\u00f5es Institucionais do Campus (NRI), no Pavilh\u00e3o Pedag\u00f3gico, das 8h \u00e0s 12h e das 13h \u00e0s 16h30min.<\/p>\n\n\n\n<p>As atividades ser\u00e3o realizadas, pelo estagi\u00e1rio, de segunda-feira a sexta-feira, at\u00e9 completar no m\u00ednimo 150 (cento e cinquenta) horas de atividades. Os dias de realiza\u00e7\u00e3o de atividades e carga hor\u00e1ria di\u00e1ria poder\u00e3o ser alterados dada necessidade da institui\u00e7\u00e3o ou do setor ao qual o estagi\u00e1rio estar\u00e1 alocado.<\/p>\n\n\n\n<p>Para se inscrever, o(a) candidato(a) deve, no ato da inscri\u00e7\u00e3o, informar seu contato telef\u00f4nico e e-mail, al\u00e9m de entregar c\u00f3pias do RG, CPF, comprovante de resid\u00eancia atual e hist\u00f3rico escolar (disponibilizado via SUAP ou expedido pela Secretaria de Registros Acad\u00eamicos).<\/p>\n\n\n\n<p>Os crit\u00e9rios de sele\u00e7\u00e3o e demais informa\u00e7\u00f5es sobre o processo seletivo poder\u00e3o ser consultados no&nbsp;<a href=\"https:\/\/concurso.ifbaiano.edu.br\/portal\/estagio-santa-ines-fevereiro-2023\/wp-content\/uploads\/sites\/751\/2023\/02\/Edital-No-5_2023-Estagio-NGTI.pdf\">Edital n\u00ba 5\/2023<\/a>. As d\u00favidas dever\u00e3o ser encaminhadas para o e-mail diretoriaacademica@si.ifbaiano.edu.br.<\/p>\n\n\n\n<p>Os documentos referentes ao processo seletivo est\u00e3o dispon\u00edveis na&nbsp;<a href=\"https:\/\/concurso.ifbaiano.edu.br\/portal\/estagio-santa-ines-fevereiro-2023\/\">P\u00e1gina de Concursos<\/a>, no portal do IF Baiano e no texto abaixo.<\/p>\n\n\n\n<hr class=\"wp-block-separator\" \/>\n\n\n\n<p><strong>Documentos do processo seletivo<\/strong>:<\/p>\n\n\n\n<p><a href=\"https:\/\/concurso.ifbaiano.edu.br\/portal\/estagio-santa-ines-fevereiro-2023\/wp-content\/uploads\/sites\/751\/2023\/02\/Edital-No-5_2023-Estagio-NGTI.pdf\">Edital de abertura<\/a><\/p>\n\n\n\n<hr class=\"wp-block-separator\" \/>\n","protected":false},"excerpt":{"rendered":"<p>Inscri\u00e7\u00f5es abertas de 23 a 24 de fevereiro de 2023<\/p>\n","protected":false},"author":86,"featured_media":13709,"comment_status":"closed","ping_status":"closed","sticky":false,"template":"","format":"standard","meta":[],"categories":[4,38,13,8,57],"tags":[],"_links":{"self":[{"href":"https:\/\/www.ifbaiano.edu.br\/unidades\/santaines\/wp-json\/wp\/v2\/posts\/18246"}],"collection":[{"href":"https:\/\/www.ifbaiano.edu.br\/unidades\/santaines\/wp-json\/wp\/v2\/posts"}],"about":[{"href":"https:\/\/www.ifbaiano.edu.br\/unidades\/santaines\/wp-json\/wp\/v2\/types\/post"}],"author":[{"embeddable":true,"href":"https:\/\/www.ifbaiano.edu.br\/unidades\/santaines\/wp-json\/wp\/v2\/users\/86"}],"replies":[{"embeddable":true,"href":"https:\/\/www.ifbaiano.edu.br\/unidades\/santaines\/wp-json\/wp\/v2\/comments?post=18246"}],"version-history":[{"count":3,"href":"https:\/\/www.ifbaiano.edu.br\/unidades\/santaines\/wp-json\/wp\/v2\/posts\/18246\/revisions"}],"predecessor-version":[{"id":18283,"href":"https:\/\/www.ifbaiano.edu.br\/unidades\/santaines\/wp-json\/wp\/v2\/posts\/18246\/revisions\/18283"}],"wp:featuredmedia":[{"embeddable":true,"href":"https:\/\/www.ifbaiano.edu.br\/unidades\/santaines\/wp-json\/wp\/v2\/media\/13709"}],"wp:attachment":[{"href":"https:\/\/www.ifbaiano.edu.br\/unidades\/santaines\/wp-json\/wp\/v2\/media?parent=18246"}],"wp:term":[{"taxonomy":"category","embeddable":true,"href":"https:\/\/www.ifbaiano.edu.br\/unidades\/santaines\/wp-json\/wp\/v2\/categories?post=18246"},{"taxonomy":"post_tag","embeddable":true,"href":"https:\/\/www.ifbaiano.edu.br\/unidades\/santaines\/wp-json\/wp\/v2\/tags?post=18246"}],"curies":[{"name":"wp","href":"https:\/\/api.w.org\/{rel}","templated":true}]}}