{"id":18251,"date":"2023-02-27T10:58:00","date_gmt":"2023-02-27T13:58:00","guid":{"rendered":"https:\/\/www.ifbaiano.edu.br\/unidades\/santaines\/?p=18251"},"modified":"2023-03-17T10:08:30","modified_gmt":"2023-03-17T13:08:30","slug":"if-baiano-campus-santa-ines-realiza-jogos-estudantis-jifsi-2023","status":"publish","type":"post","link":"https:\/\/www.ifbaiano.edu.br\/unidades\/santaines\/if-baiano-campus-santa-ines-realiza-jogos-estudantis-jifsi-2023\/","title":{"rendered":"IF Baiano &#8211; Campus Santa In\u00eas realiza jogos estudantis &#8211; JIFSI 2023"},"content":{"rendered":"\n<p>O IF Baiano &#8211; Campus Santa In\u00eas j\u00e1 come\u00e7ou os preparativos para a realiza\u00e7\u00e3o dos Jogos Internos (JIFSI) que acontecer\u00e3o no per\u00edodo de <strong>20 a&nbsp;24 de mar\u00e7o de 2023<\/strong>, abrangendo diferentes modalidades esportivas coletivas e individuais.<\/p>\n\n\n\n<p>As inscri\u00e7\u00f5es para participar das competi\u00e7\u00f5es iniciaram ontem, 23, no&nbsp;<em>Campus.<\/em>&nbsp;Todos os estudantes matriculados no <em>Campus<\/em> Santa In\u00eas poder\u00e3o participar dos jogos. Os estudantes dos cursos superiores, subsequente e Proeja poder\u00e3o participar, exclusivamente, das modalidades individuais.<\/p>\n\n\n\n<p>Ser\u00e3o cinco dias de disputas nas seguintes modalidades:<\/p>\n\n\n\n<ul><li><strong>Coletivas: <\/strong>FUTSAL; VOLEIBOL; HANDEBOL; BASQUETEBOL; BALEADO (equipes mistas);&nbsp;&nbsp; &nbsp;<\/li><\/ul>\n\n\n\n<ul><li><strong>Individuais: <\/strong>T\u00caNIS DE MESA; MARATONA; CORRIDA de 100 metros rasos; XADREZ; DOMIN\u00d3 (dupla); DAMA; V\u00d4LEI DE AREIA (dupla).<\/li><\/ul>\n\n\n\n<p>O evento tem se consolidado como uma iniciativa importante para a forma\u00e7\u00e3o dos estudantes, com a proposta de promover a inclus\u00e3o e a integra\u00e7\u00e3o sociocultural, a sa\u00fade, a valoriza\u00e7\u00e3o do car\u00e1ter&nbsp;educativo e socializador do esporte e o fomento \u00e0s pr\u00e1ticas desportivas e de lazer na institui\u00e7\u00e3o.&nbsp;Ademais, objetiva contribuir para o aprimoramento das habilidades esportivas, mas sobretudo, visando o alicer\u00e7amento de princ\u00edpios como: coopera\u00e7\u00e3o, supera\u00e7\u00e3o, respeito, civilidade, esp\u00edrito coletivo e condutas \u00e9ticas nas competi\u00e7\u00f5es.<\/p>\n\n\n\n<hr class=\"wp-block-separator\" \/>\n\n\n\n<p><strong><a href=\"https:\/\/www.ifbaiano.edu.br\/unidades\/santaines\/files\/2023\/03\/PROGRAMACAOJIFSI-2023-alterado13.03.pdf\" target=\"_blank\" rel=\"noreferrer noopener\">PROGRAMA\u00c7\u00c3O GERAL JIFSI 2023<\/a>\u00a0 <\/strong>\u00a0 \u00a0 \u00a0 \u00a0 \u00a0 \u00a0 \u00a0 \u00a0 \u00a0 \u00a0 \u00a0 \u00a0 \u00a0 \u00a0 \u00a0 \u00a0 \u00a0 \u00a0 \u00a0 \u00a0 \u00a0 \u00a0 \u00a0 \u00a0 \u00a0 \u00a0 \u00a0 \u00a0 \u00a0 \u00a0 \u00a0 \u00a0 \u00a0 \u00a0 \u00a0 \u00a0 \u00a0 \u00a0 \u00a0 \u00a0 \u00a0 \u00a0 \u00a0 \u00a0 \u00a0 \u00a0 \u00a0 \u00a0 \u00a0<\/p>\n\n\n\n<p>&nbsp;<\/p>\n","protected":false},"excerpt":{"rendered":"<p>O IF Baiano &#8211; Campus Santa In\u00eas j\u00e1 come\u00e7ou os preparativos para a realiza\u00e7\u00e3o dos Jogos Internos (JIFSI) que acontecer\u00e3o no per\u00edodo de 20 a&nbsp;24 de mar\u00e7o de 2023, abrangendo diferentes modalidades esportivas coletivas e individuais. As inscri\u00e7\u00f5es para participar das competi\u00e7\u00f5es iniciaram ontem, 23, no&nbsp;Campus.&nbsp;Todos os estudantes matriculados no Campus Santa In\u00eas poder\u00e3o participar [&hellip;]<\/p>\n","protected":false},"author":86,"featured_media":18255,"comment_status":"closed","ping_status":"closed","sticky":false,"template":"","format":"standard","meta":[],"categories":[4,38,5,10,57],"tags":[],"_links":{"self":[{"href":"https:\/\/www.ifbaiano.edu.br\/unidades\/santaines\/wp-json\/wp\/v2\/posts\/18251"}],"collection":[{"href":"https:\/\/www.ifbaiano.edu.br\/unidades\/santaines\/wp-json\/wp\/v2\/posts"}],"about":[{"href":"https:\/\/www.ifbaiano.edu.br\/unidades\/santaines\/wp-json\/wp\/v2\/types\/post"}],"author":[{"embeddable":true,"href":"https:\/\/www.ifbaiano.edu.br\/unidades\/santaines\/wp-json\/wp\/v2\/users\/86"}],"replies":[{"embeddable":true,"href":"https:\/\/www.ifbaiano.edu.br\/unidades\/santaines\/wp-json\/wp\/v2\/comments?post=18251"}],"version-history":[{"count":3,"href":"https:\/\/www.ifbaiano.edu.br\/unidades\/santaines\/wp-json\/wp\/v2\/posts\/18251\/revisions"}],"predecessor-version":[{"id":18331,"href":"https:\/\/www.ifbaiano.edu.br\/unidades\/santaines\/wp-json\/wp\/v2\/posts\/18251\/revisions\/18331"}],"wp:featuredmedia":[{"embeddable":true,"href":"https:\/\/www.ifbaiano.edu.br\/unidades\/santaines\/wp-json\/wp\/v2\/media\/18255"}],"wp:attachment":[{"href":"https:\/\/www.ifbaiano.edu.br\/unidades\/santaines\/wp-json\/wp\/v2\/media?parent=18251"}],"wp:term":[{"taxonomy":"category","embeddable":true,"href":"https:\/\/www.ifbaiano.edu.br\/unidades\/santaines\/wp-json\/wp\/v2\/categories?post=18251"},{"taxonomy":"post_tag","embeddable":true,"href":"https:\/\/www.ifbaiano.edu.br\/unidades\/santaines\/wp-json\/wp\/v2\/tags?post=18251"}],"curies":[{"name":"wp","href":"https:\/\/api.w.org\/{rel}","templated":true}]}}