{"id":18269,"date":"2023-02-24T11:01:26","date_gmt":"2023-02-24T14:01:26","guid":{"rendered":"https:\/\/www.ifbaiano.edu.br\/unidades\/santaines\/?p=18269"},"modified":"2023-02-24T11:02:09","modified_gmt":"2023-02-24T14:02:09","slug":"if-baiano-consulta-a-comunidade-em-pesquisa-de-satisfacao","status":"publish","type":"post","link":"https:\/\/www.ifbaiano.edu.br\/unidades\/santaines\/if-baiano-consulta-a-comunidade-em-pesquisa-de-satisfacao\/","title":{"rendered":"IF Baiano consulta a comunidade em pesquisa de satisfa\u00e7\u00e3o"},"content":{"rendered":"\n<p>No dia 28 de fevereiro, o IF Baiano inicia consulta \u00e0 comunidade para a pesquisa de qualidade. A pesquisa&nbsp;\u00e9 um instrumento de coleta e an\u00e1lise de dados sobre a satisfa\u00e7\u00e3o da comunidade em rela\u00e7\u00e3o aos servi\u00e7os prestados pelo IF Baiano.&nbsp;<br><br>A consulta \u00e9 realizada atrav\u00e9s de&nbsp;<a href=\"https:\/\/opinanovo.ifbaiano.edu.br\/index.php\/838859?lang=pt-BR\">question\u00e1rio digital na Plataforma Opina<\/a>&nbsp;entre o dia 28 de fevereiro e 15 de mar\u00e7o. Podem participar servidores, estudantes e comunidade externa.<\/p>\n\n\n\n<p>O objetivo da pesquisa, desenvolvida pela Pr\u00f3-reitoria de Desenvolvimento Institucional, \u00e9 medir a satisfa\u00e7\u00e3o da comunidade com servi\u00e7os ofertados pelo IF Baiano, para que seja poss\u00edvel avaliar quais \u00e1reas necessitam de melhorias.<\/p>\n\n\n\n<p>A avalia\u00e7\u00e3o tamb\u00e9m tem como intuito fortalecer o di\u00e1logo com a comunidade interna e externa, tendo em vista o aprimoramento da presta\u00e7\u00e3o de servi\u00e7os do Instituto e a identifica\u00e7\u00e3o de novas estrat\u00e9gias de gest\u00e3o.<\/p>\n\n\n\n<p>Para mais informa\u00e7\u00f5es sobre a pesquisa, entre em contato com:&nbsp;codiin@ifbaiano.edu.br.<\/p>\n\n\n\n<hr class=\"wp-block-separator\" \/>\n\n\n\n<p>Mat\u00e9ria ASCOM dispon\u00edvel em: https:\/\/ifbaiano.edu.br\/portal\/blog\/if-baiano-consulta-a-comunidade-em-pesquisa-de-satisfacao\/<\/p>\n","protected":false},"excerpt":{"rendered":"<p>O formul\u00e1rio fica dispon\u00edvel a partir do dia 28 de fevereiro at\u00e9 o dia 15 de mar\u00e7o<\/p>\n","protected":false},"author":86,"featured_media":18271,"comment_status":"closed","ping_status":"closed","sticky":false,"template":"","format":"standard","meta":[],"categories":[4,57],"tags":[],"_links":{"self":[{"href":"https:\/\/www.ifbaiano.edu.br\/unidades\/santaines\/wp-json\/wp\/v2\/posts\/18269"}],"collection":[{"href":"https:\/\/www.ifbaiano.edu.br\/unidades\/santaines\/wp-json\/wp\/v2\/posts"}],"about":[{"href":"https:\/\/www.ifbaiano.edu.br\/unidades\/santaines\/wp-json\/wp\/v2\/types\/post"}],"author":[{"embeddable":true,"href":"https:\/\/www.ifbaiano.edu.br\/unidades\/santaines\/wp-json\/wp\/v2\/users\/86"}],"replies":[{"embeddable":true,"href":"https:\/\/www.ifbaiano.edu.br\/unidades\/santaines\/wp-json\/wp\/v2\/comments?post=18269"}],"version-history":[{"count":2,"href":"https:\/\/www.ifbaiano.edu.br\/unidades\/santaines\/wp-json\/wp\/v2\/posts\/18269\/revisions"}],"predecessor-version":[{"id":18272,"href":"https:\/\/www.ifbaiano.edu.br\/unidades\/santaines\/wp-json\/wp\/v2\/posts\/18269\/revisions\/18272"}],"wp:featuredmedia":[{"embeddable":true,"href":"https:\/\/www.ifbaiano.edu.br\/unidades\/santaines\/wp-json\/wp\/v2\/media\/18271"}],"wp:attachment":[{"href":"https:\/\/www.ifbaiano.edu.br\/unidades\/santaines\/wp-json\/wp\/v2\/media?parent=18269"}],"wp:term":[{"taxonomy":"category","embeddable":true,"href":"https:\/\/www.ifbaiano.edu.br\/unidades\/santaines\/wp-json\/wp\/v2\/categories?post=18269"},{"taxonomy":"post_tag","embeddable":true,"href":"https:\/\/www.ifbaiano.edu.br\/unidades\/santaines\/wp-json\/wp\/v2\/tags?post=18269"}],"curies":[{"name":"wp","href":"https:\/\/api.w.org\/{rel}","templated":true}]}}