{"id":18273,"date":"2023-02-27T08:43:24","date_gmt":"2023-02-27T11:43:24","guid":{"rendered":"https:\/\/www.ifbaiano.edu.br\/unidades\/santaines\/?p=18273"},"modified":"2023-02-27T09:57:12","modified_gmt":"2023-02-27T12:57:12","slug":"campus-santa-ines-abre-processo-seletivo-para-residencia-estudantil-2023","status":"publish","type":"post","link":"https:\/\/www.ifbaiano.edu.br\/unidades\/santaines\/campus-santa-ines-abre-processo-seletivo-para-residencia-estudantil-2023\/","title":{"rendered":"Campus Santa In\u00eas abre processo seletivo para Resid\u00eancia Estudantil 2023"},"content":{"rendered":"\n<p>O per\u00edodo de inscri\u00e7\u00e3o para Resid\u00eancia Estudantil, no Campus Santa In\u00eas, estar\u00e3o abertas no per\u00edodo de 8 a 13 de mar\u00e7o de 2023. Poder\u00e3o se inscrever estudantes regularmente matriculados em cursos do Ensino M\u00e9dio Integrado ofertados pelo Campus e que sejam de outro estado, munic\u00edpio ou da zona rural de Santa In\u00eas.<\/p>\n\n\n\n<p>Est\u00e3o sendo disponibilizadas 105 vagas, sendo 65 para resid\u00eancia feminina e 40 para resid\u00eancia masculina. Para se inscrever os interessados devem se dirigir \u00e0 Coordena\u00e7\u00e3o de Assist\u00eancia Estudantil &#8211; CAE, das 07h30min \u00e0s 11h30min e das 13h30min \u00e0s 17h30min munidos dos documentos abaixo ou encaminhar os mesmos para o e-mail: clae.ifsi@gmail.com: <\/p>\n\n\n\n<ul><li><a href=\"https:\/\/www.ifbaiano.edu.br\/unidades\/santaines\/files\/2023\/02\/Ficha-de-Inscricao.pdf\">Formul\u00e1rio de inscri\u00e7\u00e3o<\/a> devidamente preenchido e assinado pelo(a) estudante e seu respons\u00e1vel;<\/li><li>C\u00f3pia do RG do estudante;<\/li><li>Comprovante de matricula;<\/li><li>Comprovante de resid\u00eancia atualizado em nome do respons\u00e1vel;<\/li><li>Espelho do CAD \u00danico em nome do estudante (ser\u00e1 utilizado apenas para crit\u00e9rio de desempate).<\/li><\/ul>\n\n\n\n<p>A Resid\u00eancia Estudantil integra a Pol\u00edtica de Assist\u00eancia Estudantil do IF Baiano e destina-se aos estudantes regularmente matriculados, com renda de at\u00e9 um sal\u00e1rio m\u00ednimo e meio per capita &#8211; conforme definido no <a href=\"http:\/\/www.planalto.gov.br\/ccivil_03\/_ato2007-2010\/2010\/decreto\/d7234.htm\">Decreto N\u00b0 7.234, de 19 de julho de 2010<\/a>, que disp\u00f5e sobre o Programa Nacional de Assist\u00eancia Estudantil &#8211; PNAES e consiste em viabilizar a perman\u00eancia integral de estudantes que v\u00eam de outro Estado, munic\u00edpio ou zona rural de Santa In\u00eas, podendo atender a ambos os sexos, preferencialmente adolescentes na idade entre 12 e 17 anos que estejam em situa\u00e7\u00e3o de vulnerabilidade socioecon\u00f4mica.<\/p>\n\n\n\n<p>\u00c9 imprescind\u00edvel que o(a) candidato(a) leia o edital para saber todas as informa\u00e7\u00f5es e procedimentos referentes ao processo seletivo. D\u00favidas e esclarecimentos poder\u00e3o ser encaminhados para o e-mail clae@si.ifbaiano.edu.br, ou telefone (73) 98144-6257 (<em>whatsApp<\/em>).<\/p>\n\n\n\n<hr class=\"wp-block-separator\" \/>\n\n\n\n<p>Documentos\/Etapas do Processo Sele<strong>tivo:<\/strong><\/p>\n\n\n\n<ul><li><a href=\"https:\/\/www.ifbaiano.edu.br\/unidades\/santaines\/files\/2023\/02\/EDITAL-No-06_Residencia-Estudantil.pdf\">Edital n\u00ba 06\/2023<\/a> &#8211; 27\/02\/2023<\/li><li><a href=\"https:\/\/www.ifbaiano.edu.br\/unidades\/santaines\/files\/2023\/02\/Ficha-de-Inscricao.pdf\">Ficha de Inscri\u00e7\u00e3o<\/a> &#8211; 27\/02\/2023<\/li><li><a href=\"https:\/\/www.ifbaiano.edu.br\/unidades\/santaines\/files\/2023\/02\/Formulario-Interposicao-de-Recursos.pdf\">Formul\u00e1rio Interposi\u00e7\u00e3o de Recursos<\/a> &#8211; 27\/02\/2023<\/li><li>Resultado Preliminar<\/li><li>Resultado Definitivo <\/li><\/ul>\n\n\n\n<hr class=\"wp-block-separator\" \/>\n","protected":false},"excerpt":{"rendered":"<p>O per\u00edodo de inscri\u00e7\u00e3o para Resid\u00eancia Estudantil, no Campus Santa In\u00eas, estar\u00e3o abertas no per\u00edodo de 8 a 13 de mar\u00e7o de 2023. Poder\u00e3o se inscrever estudantes regularmente matriculados em cursos do Ensino M\u00e9dio Integrado ofertados pelo Campus e que sejam de outro estado, munic\u00edpio ou da zona rural de Santa In\u00eas. Est\u00e3o sendo disponibilizadas [&hellip;]<\/p>\n","protected":false},"author":86,"featured_media":0,"comment_status":"closed","ping_status":"closed","sticky":false,"template":"","format":"standard","meta":[],"categories":[4,38,8,57],"tags":[],"_links":{"self":[{"href":"https:\/\/www.ifbaiano.edu.br\/unidades\/santaines\/wp-json\/wp\/v2\/posts\/18273"}],"collection":[{"href":"https:\/\/www.ifbaiano.edu.br\/unidades\/santaines\/wp-json\/wp\/v2\/posts"}],"about":[{"href":"https:\/\/www.ifbaiano.edu.br\/unidades\/santaines\/wp-json\/wp\/v2\/types\/post"}],"author":[{"embeddable":true,"href":"https:\/\/www.ifbaiano.edu.br\/unidades\/santaines\/wp-json\/wp\/v2\/users\/86"}],"replies":[{"embeddable":true,"href":"https:\/\/www.ifbaiano.edu.br\/unidades\/santaines\/wp-json\/wp\/v2\/comments?post=18273"}],"version-history":[{"count":3,"href":"https:\/\/www.ifbaiano.edu.br\/unidades\/santaines\/wp-json\/wp\/v2\/posts\/18273\/revisions"}],"predecessor-version":[{"id":18281,"href":"https:\/\/www.ifbaiano.edu.br\/unidades\/santaines\/wp-json\/wp\/v2\/posts\/18273\/revisions\/18281"}],"wp:attachment":[{"href":"https:\/\/www.ifbaiano.edu.br\/unidades\/santaines\/wp-json\/wp\/v2\/media?parent=18273"}],"wp:term":[{"taxonomy":"category","embeddable":true,"href":"https:\/\/www.ifbaiano.edu.br\/unidades\/santaines\/wp-json\/wp\/v2\/categories?post=18273"},{"taxonomy":"post_tag","embeddable":true,"href":"https:\/\/www.ifbaiano.edu.br\/unidades\/santaines\/wp-json\/wp\/v2\/tags?post=18273"}],"curies":[{"name":"wp","href":"https:\/\/api.w.org\/{rel}","templated":true}]}}