{"id":18298,"date":"2023-03-07T17:20:46","date_gmt":"2023-03-07T20:20:46","guid":{"rendered":"https:\/\/www.ifbaiano.edu.br\/unidades\/santaines\/?p=18298"},"modified":"2023-03-15T19:49:56","modified_gmt":"2023-03-15T22:49:56","slug":"anais-da-iii-semana-de-biologia-do-campus-santa-ines","status":"publish","type":"post","link":"https:\/\/www.ifbaiano.edu.br\/unidades\/santaines\/anais-da-iii-semana-de-biologia-do-campus-santa-ines\/","title":{"rendered":"Anais da III Semana de Biologia do Campus Santa In\u00eas"},"content":{"rendered":"\n<p>Entre os dias&nbsp;29 de novembro&nbsp;e&nbsp;01 de dezembro&nbsp;de 2022, ocorreu nos espa\u00e7os do pr\u00e9dio do ensino superior e no audit\u00f3rio da biblioteca central a nossa III Semana de Biologia do Campus Santa In\u00eas, cujo tema foi&nbsp;<strong>&#8220;Di\u00e1logo Intercultural: entre viv\u00eancia e ci\u00eancia&#8221;.<\/strong><\/p>\n\n\n\n<p>O evento contou com a ASCOM para composi\u00e7\u00e3o da arte visual. O p\u00fablico foi, predominantemente, estudantes de licenciatura em Ci\u00eancias Biol\u00f3gicas do pr\u00f3prio&nbsp;<em>Campus<\/em>&nbsp;e, tamb\u00e9m, com os discentes da licenciatura em Geografia, Bacharelado de Zootecnia e estudantes do Ensino T\u00e9cnico Integrado ao M\u00e9dio. Ademais, 10 estudantes de licenciatura do&nbsp;<em>Campus<\/em>&nbsp;Valen\u00e7a estiveram conosco.<\/p>\n\n\n\n<p><\/p>\n\n\n\n<p>Confira os anais do evento <a href=\"https:\/\/www.revista.lapprudes.net\/index.php\/CM\">aqui.<\/a><\/p>\n","protected":false},"excerpt":{"rendered":"<p>Entre os dias&nbsp;29 de novembro&nbsp;e&nbsp;01 de dezembro&nbsp;de 2022, ocorreu nos espa\u00e7os do pr\u00e9dio do ensino superior e no audit\u00f3rio da biblioteca central a nossa III Semana de Biologia do Campus Santa In\u00eas, cujo tema foi&nbsp;&#8220;Di\u00e1logo Intercultural: entre viv\u00eancia e ci\u00eancia&#8221;. O evento contou com a ASCOM para composi\u00e7\u00e3o da arte visual. O p\u00fablico foi, predominantemente, [&hellip;]<\/p>\n","protected":false},"author":7,"featured_media":18300,"comment_status":"closed","ping_status":"closed","sticky":false,"template":"","format":"standard","meta":[],"categories":[4,37,23,57],"tags":[],"_links":{"self":[{"href":"https:\/\/www.ifbaiano.edu.br\/unidades\/santaines\/wp-json\/wp\/v2\/posts\/18298"}],"collection":[{"href":"https:\/\/www.ifbaiano.edu.br\/unidades\/santaines\/wp-json\/wp\/v2\/posts"}],"about":[{"href":"https:\/\/www.ifbaiano.edu.br\/unidades\/santaines\/wp-json\/wp\/v2\/types\/post"}],"author":[{"embeddable":true,"href":"https:\/\/www.ifbaiano.edu.br\/unidades\/santaines\/wp-json\/wp\/v2\/users\/7"}],"replies":[{"embeddable":true,"href":"https:\/\/www.ifbaiano.edu.br\/unidades\/santaines\/wp-json\/wp\/v2\/comments?post=18298"}],"version-history":[{"count":2,"href":"https:\/\/www.ifbaiano.edu.br\/unidades\/santaines\/wp-json\/wp\/v2\/posts\/18298\/revisions"}],"predecessor-version":[{"id":18301,"href":"https:\/\/www.ifbaiano.edu.br\/unidades\/santaines\/wp-json\/wp\/v2\/posts\/18298\/revisions\/18301"}],"wp:featuredmedia":[{"embeddable":true,"href":"https:\/\/www.ifbaiano.edu.br\/unidades\/santaines\/wp-json\/wp\/v2\/media\/18300"}],"wp:attachment":[{"href":"https:\/\/www.ifbaiano.edu.br\/unidades\/santaines\/wp-json\/wp\/v2\/media?parent=18298"}],"wp:term":[{"taxonomy":"category","embeddable":true,"href":"https:\/\/www.ifbaiano.edu.br\/unidades\/santaines\/wp-json\/wp\/v2\/categories?post=18298"},{"taxonomy":"post_tag","embeddable":true,"href":"https:\/\/www.ifbaiano.edu.br\/unidades\/santaines\/wp-json\/wp\/v2\/tags?post=18298"}],"curies":[{"name":"wp","href":"https:\/\/api.w.org\/{rel}","templated":true}]}}