{"id":1831,"date":"2012-05-02T09:23:12","date_gmt":"2012-05-02T12:23:12","guid":{"rendered":"http:\/\/www.ifbaiano.edu.br\/unidades\/santaines\/?p=1831"},"modified":"2012-05-02T09:23:12","modified_gmt":"2012-05-02T12:23:12","slug":"servidores-tecnicos-administrativos-e-docentes-firmam-parcerias-de-convenio-de-estagio-para-estudantes-2","status":"publish","type":"post","link":"https:\/\/www.ifbaiano.edu.br\/unidades\/santaines\/servidores-tecnicos-administrativos-e-docentes-firmam-parcerias-de-convenio-de-estagio-para-estudantes-2\/","title":{"rendered":"Servidores T\u00e9cnicos-administrativos e Docentes firmam parcerias de conv\u00eanio de est\u00e1gio para estudantes"},"content":{"rendered":"<p>Divulga\u00e7\u00e3o: Jos\u00e9 Maria B dos Santos<\/p>\n<p>Na \u00faltima ter\u00e7a-feira (24), os servidores Professor Alcyone J\u00fanior, Professora Jaciane Mota, o Coordenador de Est\u00e1gio, F\u00e1bio Barreto e o Coordenador de Integra\u00e7\u00e3o Escola Comunidade, professor Jos\u00e9 Maria B Santos, do Campus Santa In\u00eas, sob organiza\u00e7\u00e3o da CIEC\/CEE (setores do c\u00e2mpus) realizaram uma visita institucional na Fazenda RIOCON com o objetivo de iniciar conv\u00eanio de est\u00e1gio. O Sr. Yuri Lyra e o Diretor Sr. Hugo Alexandre Moura (Dirigentes da Entidade) fizeram uma apresenta\u00e7\u00e3o para os servidores participantes. Nesta oportunidade eles conheceram as instala\u00e7\u00f5es dos sistemas produtivos da propriedade, na Associa\u00e7\u00e3o dos produtores e na Funda\u00e7\u00e3o da Entidade, onde foram apresentadas as atribui\u00e7\u00f5es de todos esses segmentos. A ocasi\u00e3o serviu para firmar conv\u00eanios de est\u00e1gios para alunos, principalmente na \u00e1rea de zootecnia. Os dirigentes mostraram interesses em realizar pesquisa juntamente com os professores do c\u00e2mpus, dos cursos de Zootecnia e Agronomia. A EMBRAPA demonstrou interesse em parcerias com os setores de Caprinos e Ovinos e essa atividade tamb\u00e9m poder\u00e1 ser realizada a partir de um conv\u00eanio de coopera\u00e7\u00e3o t\u00e9cnica firmada entre a RIOCON e o IF Baiano.<\/p>\n<p>&nbsp;<\/p>\n","protected":false},"excerpt":{"rendered":"<p>Divulga\u00e7\u00e3o: Jos\u00e9 Maria B dos Santos Na \u00faltima ter\u00e7a-feira (24), os servidores Professor Alcyone J\u00fanior, Professora Jaciane Mota, o Coordenador de Est\u00e1gio, F\u00e1bio Barreto e o Coordenador de Integra\u00e7\u00e3o Escola Comunidade, professor Jos\u00e9 Maria B Santos, do Campus Santa In\u00eas, sob organiza\u00e7\u00e3o da CIEC\/CEE (setores do c\u00e2mpus) realizaram uma visita institucional na Fazenda RIOCON com [&hellip;]<\/p>\n","protected":false},"author":26,"featured_media":0,"comment_status":"closed","ping_status":"closed","sticky":false,"template":"","format":"standard","meta":[],"categories":[10],"tags":[],"_links":{"self":[{"href":"https:\/\/www.ifbaiano.edu.br\/unidades\/santaines\/wp-json\/wp\/v2\/posts\/1831"}],"collection":[{"href":"https:\/\/www.ifbaiano.edu.br\/unidades\/santaines\/wp-json\/wp\/v2\/posts"}],"about":[{"href":"https:\/\/www.ifbaiano.edu.br\/unidades\/santaines\/wp-json\/wp\/v2\/types\/post"}],"author":[{"embeddable":true,"href":"https:\/\/www.ifbaiano.edu.br\/unidades\/santaines\/wp-json\/wp\/v2\/users\/26"}],"replies":[{"embeddable":true,"href":"https:\/\/www.ifbaiano.edu.br\/unidades\/santaines\/wp-json\/wp\/v2\/comments?post=1831"}],"version-history":[{"count":2,"href":"https:\/\/www.ifbaiano.edu.br\/unidades\/santaines\/wp-json\/wp\/v2\/posts\/1831\/revisions"}],"predecessor-version":[{"id":1833,"href":"https:\/\/www.ifbaiano.edu.br\/unidades\/santaines\/wp-json\/wp\/v2\/posts\/1831\/revisions\/1833"}],"wp:attachment":[{"href":"https:\/\/www.ifbaiano.edu.br\/unidades\/santaines\/wp-json\/wp\/v2\/media?parent=1831"}],"wp:term":[{"taxonomy":"category","embeddable":true,"href":"https:\/\/www.ifbaiano.edu.br\/unidades\/santaines\/wp-json\/wp\/v2\/categories?post=1831"},{"taxonomy":"post_tag","embeddable":true,"href":"https:\/\/www.ifbaiano.edu.br\/unidades\/santaines\/wp-json\/wp\/v2\/tags?post=1831"}],"curies":[{"name":"wp","href":"https:\/\/api.w.org\/{rel}","templated":true}]}}