{"id":18343,"date":"2023-03-29T12:43:42","date_gmt":"2023-03-29T15:43:42","guid":{"rendered":"https:\/\/www.ifbaiano.edu.br\/unidades\/santaines\/?p=18343"},"modified":"2023-05-02T18:39:45","modified_gmt":"2023-05-02T21:39:45","slug":"if-baiano-lanca-o-programa-de-assistencia-e-inclusao-social-do-estudante-paise","status":"publish","type":"post","link":"https:\/\/www.ifbaiano.edu.br\/unidades\/santaines\/if-baiano-lanca-o-programa-de-assistencia-e-inclusao-social-do-estudante-paise\/","title":{"rendered":"IF Baiano lan\u00e7a o Programa de Assist\u00eancia e Inclus\u00e3o Social do Estudante (PAISE)"},"content":{"rendered":"\n<p><\/p>\n\n\n\n<p>O Instituto Federal de Educa\u00e7\u00e3o, Ci\u00eancia e Tecnologia Baiano (IF Baiano) lan\u00e7ou o Edital n\u00ba 11\/2023, que trata do Programa de Assist\u00eancia e Inclus\u00e3o Social do Estudante (PAISE). O programa tem como objetivo oferecer assist\u00eancia estudantil aos alunos em situa\u00e7\u00e3o de vulnerabilidade socioecon\u00f4mica, com o intuito de contribuir para a perman\u00eancia e o \u00eaxito acad\u00eamico.<\/p>\n\n\n\n<p>O PAISE disponibiliza aos estudantes a possibilidade de solicitar aux\u00edlios financeiros, como o Aux\u00edlio Perman\u00eancia e Aux\u00edlio Transporte.<\/p>\n\n\n\n<p>Para participar do programa, os estudantes precisam estar regularmente matriculados em cursos t\u00e9cnicos e superiores do IF Baiano e possuir renda familiar per capita de at\u00e9 um sal\u00e1rio m\u00ednimo e meio.<\/p>\n\n\n\n<p>As inscri\u00e7\u00f5es para o PAISE acontecem a partir das 08h do dia 03 de abril at\u00e9 as 17h do dia 11 de abril e devem ser realizadas exclusivamente pelos alunos, por meio do preenchimento do formul\u00e1rio, disponibilizados abaixo. A lista definitiva dos inscritos ser\u00e1 divulgada no dia 20 de abril e o repasse financeiro da primeira parcela est\u00e1 previsto para o dia 01 de junho.<\/p>\n\n\n\n<p>O IF Baiano refor\u00e7a sua posi\u00e7\u00e3o como institui\u00e7\u00e3o preocupada com a garantia do acesso e da perman\u00eancia de todos os estudantes na educa\u00e7\u00e3o, independentemente de sua condi\u00e7\u00e3o socioecon\u00f4mica. O lan\u00e7amento do Programa de Assist\u00eancia e Inclus\u00e3o Social do Estudante \u00e9 um importante passo nessa dire\u00e7\u00e3o.<\/p>\n\n\n\n<hr class=\"wp-block-separator is-style-wide\" \/>\n\n\n\n<p><strong>Formul\u00e1rios:<\/strong><\/p>\n\n\n\n<p><a rel=\"noreferrer noopener\" href=\"https:\/\/docs.google.com\/forms\/d\/e\/1FAIpQLSc3aFI29SAI2X0YRhgZIPCtM_ThrHiRXRNvPbXBajD97O9sKQ\/closedform\" target=\"_blank\">Cursos T\u00e9cnicos Integrados ao Ensino M\u00e9dio<\/a> <\/p>\n\n\n\n<p><a rel=\"noreferrer noopener\" href=\"https:\/\/docs.google.com\/forms\/d\/e\/1FAIpQLScKadz5zzrGzgSMA_ls0Stjrn981Rl9hqy3sEbpFE35ZyZkrA\/closedform\" target=\"_blank\">Cursos T\u00e9cnicos Subsequente ao Ensino M\u00e9dio<\/a>  <\/p>\n\n\n\n<p><a rel=\"noreferrer noopener\" href=\"https:\/\/docs.google.com\/forms\/d\/e\/1FAIpQLSdYa9gM0t6MNpLK5UJQHGwE6K14IhZgapnR_zQaw42r5_c7JA\/closedform\" target=\"_blank\">Cursos Superiores<\/a>  <\/p>\n\n\n\n<hr class=\"wp-block-separator is-style-wide\" \/>\n\n\n\n<p><strong>Links importantes:<\/strong><\/p>\n\n\n\n<p><a href=\"https:\/\/www.ifbaiano.edu.br\/unidades\/santaines\/files\/2023\/04\/Edital-no-17-2023.pdf\" target=\"_blank\" rel=\"noreferrer noopener\">Edital 17-2023 &#8211; Retifica\u00e7\u00e3o<\/a><\/p>\n\n\n\n<p><a href=\"https:\/\/www.ifbaiano.edu.br\/unidades\/santaines\/files\/2023\/04\/Edital-16-2023.pdf\" target=\"_blank\" rel=\"noreferrer noopener\">Edital 16-2023 &#8211; Retifica\u00e7\u00e3o<\/a><\/p>\n\n\n\n<p><a rel=\"noreferrer noopener\" href=\"https:\/\/www.ifbaiano.edu.br\/unidades\/santaines\/files\/2023\/04\/Edital-15-2023.pdf\" target=\"_blank\">Edital 15-2023 &#8211; Retifica\u00e7\u00e3o<\/a><\/p>\n\n\n\n<p><a href=\"https:\/\/www.ifbaiano.edu.br\/unidades\/santaines\/files\/2023\/04\/Edital-14-2023.pdf\" target=\"_blank\" rel=\"noreferrer noopener\">Edital 14-2023 &#8211; Retifica\u00e7\u00e3o<\/a><\/p>\n\n\n\n<p><a rel=\"noreferrer noopener\" href=\"https:\/\/www.ifbaiano.edu.br\/unidades\/santaines\/files\/2023\/04\/Edital-13-2023-Retificacao.pdf\" target=\"_blank\">Edital 13-2023 &#8211; Retifica\u00e7\u00e3o<\/a><\/p>\n\n\n\n<p><a rel=\"noreferrer noopener\" href=\"https:\/\/www.ifbaiano.edu.br\/unidades\/santaines\/files\/2023\/03\/Edital-11.2023-PROGRAMA-DE-ASSISTENCIA-E-INCLUSAO-SOCIAL-DO-ESTUDANTE-PAISE.pdf\" target=\"_blank\">Edital 11.2023<\/a><\/p>\n\n\n\n<p><\/p>\n","protected":false},"excerpt":{"rendered":"<p>O Instituto Federal de Educa\u00e7\u00e3o, Ci\u00eancia e Tecnologia Baiano (IF Baiano) lan\u00e7ou o Edital n\u00ba 11\/2023, que trata do Programa de Assist\u00eancia e Inclus\u00e3o Social do Estudante (PAISE). O programa tem como objetivo oferecer assist\u00eancia estudantil aos alunos em situa\u00e7\u00e3o de vulnerabilidade socioecon\u00f4mica, com o intuito de contribuir para a perman\u00eancia e o \u00eaxito acad\u00eamico. [&hellip;]<\/p>\n","protected":false},"author":7,"featured_media":0,"comment_status":"closed","ping_status":"closed","sticky":false,"template":"","format":"standard","meta":[],"categories":[4,12,13,8,1],"tags":[],"_links":{"self":[{"href":"https:\/\/www.ifbaiano.edu.br\/unidades\/santaines\/wp-json\/wp\/v2\/posts\/18343"}],"collection":[{"href":"https:\/\/www.ifbaiano.edu.br\/unidades\/santaines\/wp-json\/wp\/v2\/posts"}],"about":[{"href":"https:\/\/www.ifbaiano.edu.br\/unidades\/santaines\/wp-json\/wp\/v2\/types\/post"}],"author":[{"embeddable":true,"href":"https:\/\/www.ifbaiano.edu.br\/unidades\/santaines\/wp-json\/wp\/v2\/users\/7"}],"replies":[{"embeddable":true,"href":"https:\/\/www.ifbaiano.edu.br\/unidades\/santaines\/wp-json\/wp\/v2\/comments?post=18343"}],"version-history":[{"count":14,"href":"https:\/\/www.ifbaiano.edu.br\/unidades\/santaines\/wp-json\/wp\/v2\/posts\/18343\/revisions"}],"predecessor-version":[{"id":18392,"href":"https:\/\/www.ifbaiano.edu.br\/unidades\/santaines\/wp-json\/wp\/v2\/posts\/18343\/revisions\/18392"}],"wp:attachment":[{"href":"https:\/\/www.ifbaiano.edu.br\/unidades\/santaines\/wp-json\/wp\/v2\/media?parent=18343"}],"wp:term":[{"taxonomy":"category","embeddable":true,"href":"https:\/\/www.ifbaiano.edu.br\/unidades\/santaines\/wp-json\/wp\/v2\/categories?post=18343"},{"taxonomy":"post_tag","embeddable":true,"href":"https:\/\/www.ifbaiano.edu.br\/unidades\/santaines\/wp-json\/wp\/v2\/tags?post=18343"}],"curies":[{"name":"wp","href":"https:\/\/api.w.org\/{rel}","templated":true}]}}