{"id":1842,"date":"2012-05-02T13:39:36","date_gmt":"2012-05-02T16:39:36","guid":{"rendered":"http:\/\/www.ifbaiano.edu.br\/unidades\/santaines\/?p=1842"},"modified":"2012-05-02T13:47:11","modified_gmt":"2012-05-02T16:47:11","slug":"distribuicao-dos-livros-didaticos-2012","status":"publish","type":"post","link":"https:\/\/www.ifbaiano.edu.br\/unidades\/santaines\/distribuicao-dos-livros-didaticos-2012\/","title":{"rendered":"Distribui\u00e7\u00e3o dos Livros Did\u00e1ticos 2012"},"content":{"rendered":"<p style=\"text-align: justify\">J\u00e1 est\u00e1 dispon\u00edvel o calend\u00e1rio para a distribui\u00e7\u00e3o dos livros did\u00e1ticos. A distribui\u00e7\u00e3o ser\u00e1 realizada na CASA DE CULTURA. Os alunos dever\u00e3o entregar o termo de responsabilidade, assinado pelo respons\u00e1vel, at\u00e9 a data de distribui\u00e7\u00e3o dos livros.<\/p>\n<p><a href=\"http:\/\/www.ifbaiano.edu.br\/unidades\/santaines\/files\/2012\/05\/Distribuicao-de-livros-Santa-ines.jpg\"><img decoding=\"async\" loading=\"lazy\" class=\"size-full wp-image-1843 alignleft\" src=\"http:\/\/www.ifbaiano.edu.br\/unidades\/santaines\/files\/2012\/05\/Distribuicao-de-livros-Santa-ines.jpg\" alt=\"\" width=\"536\" height=\"566\" srcset=\"https:\/\/www.ifbaiano.edu.br\/unidades\/santaines\/files\/2012\/05\/Distribuicao-de-livros-Santa-ines.jpg 536w, https:\/\/www.ifbaiano.edu.br\/unidades\/santaines\/files\/2012\/05\/Distribuicao-de-livros-Santa-ines-284x300.jpg 284w, https:\/\/www.ifbaiano.edu.br\/unidades\/santaines\/files\/2012\/05\/Distribuicao-de-livros-Santa-ines-400x422.jpg 400w\" sizes=\"(max-width: 536px) 100vw, 536px\" \/><\/a><\/p>\n","protected":false},"excerpt":{"rendered":"<p>J\u00e1 est\u00e1 dispon\u00edvel o calend\u00e1rio para a distribui\u00e7\u00e3o dos livros did\u00e1ticos. A distribui\u00e7\u00e3o ser\u00e1 realizada na CASA DE CULTURA. Os alunos dever\u00e3o entregar o termo de responsabilidade, assinado pelo respons\u00e1vel, at\u00e9 a data de distribui\u00e7\u00e3o dos livros.<\/p>\n","protected":false},"author":26,"featured_media":0,"comment_status":"closed","ping_status":"closed","sticky":false,"template":"","format":"standard","meta":[],"categories":[10],"tags":[],"_links":{"self":[{"href":"https:\/\/www.ifbaiano.edu.br\/unidades\/santaines\/wp-json\/wp\/v2\/posts\/1842"}],"collection":[{"href":"https:\/\/www.ifbaiano.edu.br\/unidades\/santaines\/wp-json\/wp\/v2\/posts"}],"about":[{"href":"https:\/\/www.ifbaiano.edu.br\/unidades\/santaines\/wp-json\/wp\/v2\/types\/post"}],"author":[{"embeddable":true,"href":"https:\/\/www.ifbaiano.edu.br\/unidades\/santaines\/wp-json\/wp\/v2\/users\/26"}],"replies":[{"embeddable":true,"href":"https:\/\/www.ifbaiano.edu.br\/unidades\/santaines\/wp-json\/wp\/v2\/comments?post=1842"}],"version-history":[{"count":3,"href":"https:\/\/www.ifbaiano.edu.br\/unidades\/santaines\/wp-json\/wp\/v2\/posts\/1842\/revisions"}],"predecessor-version":[{"id":1845,"href":"https:\/\/www.ifbaiano.edu.br\/unidades\/santaines\/wp-json\/wp\/v2\/posts\/1842\/revisions\/1845"}],"wp:attachment":[{"href":"https:\/\/www.ifbaiano.edu.br\/unidades\/santaines\/wp-json\/wp\/v2\/media?parent=1842"}],"wp:term":[{"taxonomy":"category","embeddable":true,"href":"https:\/\/www.ifbaiano.edu.br\/unidades\/santaines\/wp-json\/wp\/v2\/categories?post=1842"},{"taxonomy":"post_tag","embeddable":true,"href":"https:\/\/www.ifbaiano.edu.br\/unidades\/santaines\/wp-json\/wp\/v2\/tags?post=1842"}],"curies":[{"name":"wp","href":"https:\/\/api.w.org\/{rel}","templated":true}]}}