{"id":18428,"date":"2023-05-02T18:11:50","date_gmt":"2023-05-02T21:11:50","guid":{"rendered":"https:\/\/www.ifbaiano.edu.br\/unidades\/santaines\/?p=18428"},"modified":"2023-05-02T18:17:18","modified_gmt":"2023-05-02T21:17:18","slug":"x-semana-de-zootecnia","status":"publish","type":"post","link":"https:\/\/www.ifbaiano.edu.br\/unidades\/santaines\/x-semana-de-zootecnia\/","title":{"rendered":"X Semana de Zootecnia"},"content":{"rendered":"\n<p>A X Semana da Zootecnia ocorrer\u00e1 entre os dias 09 a 13 de Maio. Com o tema &#8220;O protagonismo estudantil para o desenvolvimento de novas habilidades&#8221;, o evento busca valorizar o papel dos estudantes na \u00e1rea.<\/p>\n\n\n\n<p>O evento ser\u00e1 realizado presencialmente e contar\u00e1 com palestras e minicursos oferecidos pelos pr\u00f3prios acad\u00eamicos que est\u00e3o se formando em Zootecnia. Al\u00e9m disso, haver\u00e1 homenagens e brindes durante o evento.<\/p>\n\n\n\n<p>A Semana da Zootecnia ocorre em virtude da semana do dia do Zootecnista, e busca promover a atualiza\u00e7\u00e3o e o aprendizado de novas habilidades na \u00e1rea. A organiza\u00e7\u00e3o do evento convida a todos os interessados a participarem dessa importante iniciativa para a forma\u00e7\u00e3o e atualiza\u00e7\u00e3o de conhecimentos na \u00e1rea da Zootecnia.<\/p>\n\n\n\n<figure class=\"wp-block-image size-large\"><img decoding=\"async\" src=\"https:\/\/www.ifbaiano.edu.br\/unidades\/santaines\/files\/2023\/05\/Programacao-semana-de-Zootecnia.jpg\" alt=\"\" \/><\/figure>\n","protected":false},"excerpt":{"rendered":"<p>A X Semana da Zootecnia ocorrer\u00e1 entre os dias 09 a 13 de Maio. Com o tema &#8220;O protagonismo estudantil para o desenvolvimento de novas habilidades&#8221;, o evento busca valorizar o papel dos estudantes na \u00e1rea. O evento ser\u00e1 realizado presencialmente e contar\u00e1 com palestras e minicursos oferecidos pelos pr\u00f3prios acad\u00eamicos que est\u00e3o se formando [&hellip;]<\/p>\n","protected":false},"author":7,"featured_media":18433,"comment_status":"closed","ping_status":"closed","sticky":false,"template":"","format":"standard","meta":[],"categories":[4,5,57],"tags":[],"_links":{"self":[{"href":"https:\/\/www.ifbaiano.edu.br\/unidades\/santaines\/wp-json\/wp\/v2\/posts\/18428"}],"collection":[{"href":"https:\/\/www.ifbaiano.edu.br\/unidades\/santaines\/wp-json\/wp\/v2\/posts"}],"about":[{"href":"https:\/\/www.ifbaiano.edu.br\/unidades\/santaines\/wp-json\/wp\/v2\/types\/post"}],"author":[{"embeddable":true,"href":"https:\/\/www.ifbaiano.edu.br\/unidades\/santaines\/wp-json\/wp\/v2\/users\/7"}],"replies":[{"embeddable":true,"href":"https:\/\/www.ifbaiano.edu.br\/unidades\/santaines\/wp-json\/wp\/v2\/comments?post=18428"}],"version-history":[{"count":2,"href":"https:\/\/www.ifbaiano.edu.br\/unidades\/santaines\/wp-json\/wp\/v2\/posts\/18428\/revisions"}],"predecessor-version":[{"id":18432,"href":"https:\/\/www.ifbaiano.edu.br\/unidades\/santaines\/wp-json\/wp\/v2\/posts\/18428\/revisions\/18432"}],"wp:featuredmedia":[{"embeddable":true,"href":"https:\/\/www.ifbaiano.edu.br\/unidades\/santaines\/wp-json\/wp\/v2\/media\/18433"}],"wp:attachment":[{"href":"https:\/\/www.ifbaiano.edu.br\/unidades\/santaines\/wp-json\/wp\/v2\/media?parent=18428"}],"wp:term":[{"taxonomy":"category","embeddable":true,"href":"https:\/\/www.ifbaiano.edu.br\/unidades\/santaines\/wp-json\/wp\/v2\/categories?post=18428"},{"taxonomy":"post_tag","embeddable":true,"href":"https:\/\/www.ifbaiano.edu.br\/unidades\/santaines\/wp-json\/wp\/v2\/tags?post=18428"}],"curies":[{"name":"wp","href":"https:\/\/api.w.org\/{rel}","templated":true}]}}