{"id":18439,"date":"2023-05-02T18:45:30","date_gmt":"2023-05-02T21:45:30","guid":{"rendered":"https:\/\/www.ifbaiano.edu.br\/unidades\/santaines\/?p=18439"},"modified":"2023-05-26T11:11:29","modified_gmt":"2023-05-26T14:11:29","slug":"programa-de-assistencia-e-inclusao-social-lista-preliminar-de-inscritos","status":"publish","type":"post","link":"https:\/\/www.ifbaiano.edu.br\/unidades\/santaines\/programa-de-assistencia-e-inclusao-social-lista-preliminar-de-inscritos\/","title":{"rendered":"PROGRAMA DE ASSIST\u00caNCIA E INCLUS\u00c3O SOCIAL &#8211; LISTA PRELIMINAR DE INSCRITOS"},"content":{"rendered":"\n<p>O Instituto Federal de Educa\u00e7\u00e3o, Ci\u00eancia e Tecnologia Baiano (IF Baiano) lan\u00e7ou o Edital n\u00ba 11\/2023, que trata do Programa de Assist\u00eancia e Inclus\u00e3o Social do Estudante (PAISE). O programa tem como objetivo oferecer assist\u00eancia estudantil aos alunos em situa\u00e7\u00e3o de vulnerabilidade socioecon\u00f4mica, com o intuito de contribuir para a perman\u00eancia e o \u00eaxito acad\u00eamico.<\/p>\n\n\n\n<p>O PAISE disponibiliza aos estudantes a possibilidade de solicitar aux\u00edlios financeiros, como o Aux\u00edlio Perman\u00eancia e Aux\u00edlio Transporte.<\/p>\n\n\n\n<p>Para participar do programa, os estudantes precisam estar regularmente matriculados em cursos t\u00e9cnicos e superiores do IF Baiano e possuir renda familiar per capita de at\u00e9 um sal\u00e1rio m\u00ednimo e meio.<\/p>\n\n\n\n<p>As inscri\u00e7\u00f5es para o PAISE aconteceu do dia 03 de abril at\u00e9 dia 11 de abril e foi realizado exclusivamente pelos alunos, por meio do preenchimento do formul\u00e1rio.<\/p>\n\n\n\n<p>O IF Baiano refor\u00e7a sua posi\u00e7\u00e3o como institui\u00e7\u00e3o preocupada com a garantia do acesso e da perman\u00eancia de todos os estudantes na educa\u00e7\u00e3o, independentemente de sua condi\u00e7\u00e3o socioecon\u00f4mica. O lan\u00e7amento do Programa de Assist\u00eancia e Inclus\u00e3o Social do Estudante \u00e9 um importante passo nessa dire\u00e7\u00e3o.<\/p>\n\n\n\n<hr class=\"wp-block-separator has-css-opacity\" \/>\n\n\n\n<p><strong><a href=\"https:\/\/www.ifbaiano.edu.br\/unidades\/santaines\/files\/2023\/05\/Resultado-definitivo-Auxilio-Transporte-para-Integrado-e-Informatica-Presencial.pdf\" target=\"_blank\" rel=\"noreferrer noopener\">Resultado definitivo &#8211; Aux\u00edlio Transporte para Integrado e Inform\u00e1tica &#8211; Presencial<\/a><\/strong><\/p>\n\n\n\n<p><strong><a href=\"https:\/\/www.ifbaiano.edu.br\/unidades\/santaines\/files\/2023\/05\/Resultado-definitivo-Auxilio-Transporte-Graduacao.pdf\" target=\"_blank\" rel=\"noreferrer noopener\">Resultado definitivo &#8211; Aux\u00edlio Transporte &#8211; Gradua\u00e7\u00e3o<\/a><\/strong><\/p>\n\n\n\n<p><strong><a href=\"https:\/\/www.ifbaiano.edu.br\/unidades\/santaines\/files\/2023\/05\/Resultado-definitivo-Auxilio-Transporte-EaD.pdf\" target=\"_blank\" rel=\"noreferrer noopener\">Resultado definitivo &#8211; Aux\u00edlio Transporte &#8211; EaD<\/a><\/strong><\/p>\n\n\n\n<p><strong><a href=\"https:\/\/www.ifbaiano.edu.br\/unidades\/santaines\/files\/2023\/05\/Resultado-definitivo-Auxilio-Tranporte-para-Residente-Integrado.pdf\" target=\"_blank\" rel=\"noreferrer noopener\">Resultado definitivo &#8211; Aux\u00edlio Tranporte para Residente &#8211; Integrado<\/a><\/strong><\/p>\n\n\n\n<p><strong><a href=\"https:\/\/www.ifbaiano.edu.br\/unidades\/santaines\/files\/2023\/05\/Resultado-definitivo-Auxilio-PROEJA.pdf\" target=\"_blank\" rel=\"noreferrer noopener\">Resultado definitivo &#8211; Aux\u00edlio PROEJA<\/a><\/strong><\/p>\n\n\n\n<p><strong><a href=\"https:\/\/www.ifbaiano.edu.br\/unidades\/santaines\/files\/2023\/05\/Resultado-definitivo-Auxilio-Permanencia.pdf\" target=\"_blank\" rel=\"noreferrer noopener\">Resultado definitivo &#8211; Aux\u00edlio Perman\u00eancia<\/a><\/strong><\/p>\n\n\n\n<p><strong><a href=\"https:\/\/www.ifbaiano.edu.br\/unidades\/santaines\/files\/2023\/05\/Resultado-definitivo-Auxilio-Moradia.pdf\" target=\"_blank\" rel=\"noreferrer noopener\">Resultado definitivo &#8211; Aux\u00edlio Moradia<\/a><\/strong><\/p>\n\n\n\n<p><strong><a href=\"https:\/\/www.ifbaiano.edu.br\/unidades\/santaines\/files\/2023\/05\/Resultado-definitivo-Auxilio-de-Copia-e-Impressao.pdf\" target=\"_blank\" rel=\"noreferrer noopener\">Resultado definitivo &#8211; Aux\u00edlio de C\u00f3pia e Impress\u00e3o<\/a><\/strong><\/p>\n\n\n\n<p><strong><a href=\"https:\/\/www.ifbaiano.edu.br\/unidades\/santaines\/files\/2023\/05\/Resultado-definitivo-Auxilio-Creche.pdf\" target=\"_blank\" rel=\"noreferrer noopener\">Resultado definitivo &#8211; Aux\u00edlio Creche<\/a><\/strong><\/p>\n\n\n\n<p><strong><a rel=\"noreferrer noopener\" href=\"https:\/\/www.ifbaiano.edu.br\/unidades\/santaines\/files\/2023\/05\/Resultado-preliminar-dos-recursos-PAISE.pdf\" target=\"_blank\">Resultado preliminar dos recursos &#8211; PAISE<\/a><\/strong><\/p>\n\n\n\n<p><strong><a rel=\"noreferrer noopener\" href=\"https:\/\/www.ifbaiano.edu.br\/unidades\/santaines\/files\/2023\/05\/Auxilio-Tranporte-para-Residente-Integrado.pdf\" target=\"_blank\">Aux\u00edlio Tranporte para Residente &#8211; Integrado<\/a><\/strong><\/p>\n\n\n\n<p><strong><a href=\"https:\/\/www.ifbaiano.edu.br\/unidades\/santaines\/files\/2023\/05\/Auxilio-Transporte-Graduacao.pdf\" target=\"_blank\" rel=\"noreferrer noopener\">Aux\u00edlio Transporte &#8211; Gradua\u00e7\u00e3o<\/a><\/strong><\/p>\n\n\n\n<p><strong><a href=\"https:\/\/www.ifbaiano.edu.br\/unidades\/santaines\/files\/2023\/05\/Auxilio-PROEJA.pdf\" target=\"_blank\" rel=\"noreferrer noopener\">Aux\u00edlio PROEJA<\/a><\/strong><\/p>\n\n\n\n<p><strong><a href=\"https:\/\/www.ifbaiano.edu.br\/unidades\/santaines\/files\/2023\/05\/Auxilio-Moradia.pdf\" target=\"_blank\" rel=\"noreferrer noopener\">Aux\u00edlio Moradia<\/a><\/strong><\/p>\n\n\n\n<p><strong><a href=\"https:\/\/www.ifbaiano.edu.br\/unidades\/santaines\/files\/2023\/05\/Auxilio-de-Copia-e-Impressao.pdf\" target=\"_blank\" rel=\"noreferrer noopener\">Aux\u00edlio de C\u00f3pia e Impress\u00e3o<\/a><\/strong><\/p>\n\n\n\n<p><strong><a href=\"https:\/\/www.ifbaiano.edu.br\/unidades\/santaines\/files\/2023\/05\/Auxilio-Transporte-para-Integrado-e-Informatica-Presencial.pdf\" target=\"_blank\" rel=\"noreferrer noopener\">Aux\u00edlio Transporte para Integrado e Inform\u00e1tica &#8211; Presencial<\/a><\/strong><\/p>\n\n\n\n<p><strong><a href=\"https:\/\/www.ifbaiano.edu.br\/unidades\/santaines\/files\/2023\/05\/Auxilio-Transporte-EaD.pdf\" target=\"_blank\" rel=\"noreferrer noopener\">Aux\u00edlio Transporte &#8211; EaD<\/a><\/strong><\/p>\n\n\n\n<p><strong><a href=\"https:\/\/www.ifbaiano.edu.br\/unidades\/santaines\/files\/2023\/05\/Auxilio-Permanencia.pdf\" target=\"_blank\" rel=\"noreferrer noopener\">Aux\u00edlio Perman\u00eancia<\/a><\/strong><\/p>\n\n\n\n<p><strong><a href=\"https:\/\/www.ifbaiano.edu.br\/unidades\/santaines\/files\/2023\/05\/Auxilio-Creche.pdf\" target=\"_blank\" rel=\"noreferrer noopener\">Aux\u00edlio Creche<\/a><\/strong><\/p>\n\n\n\n<p><strong><a href=\"https:\/\/www.ifbaiano.edu.br\/unidades\/santaines\/files\/2023\/05\/Nota-Informativa-03.pdf\" target=\"_blank\" rel=\"noreferrer noopener\">Nota Informativa 03<\/a><\/strong><\/p>\n\n\n\n<p><strong><a rel=\"noreferrer noopener\" href=\"https:\/\/www.ifbaiano.edu.br\/unidades\/santaines\/files\/2023\/05\/Nota-Informativa_02.pdf\" target=\"_blank\">Nota Informativa 02<\/a><\/strong><\/p>\n\n\n\n<p><strong><a rel=\"noreferrer noopener\" href=\"https:\/\/www.ifbaiano.edu.br\/unidades\/santaines\/files\/2023\/05\/Nota-Inormativa.pdf\" target=\"_blank\">Nota Inormativa<\/a><\/strong><\/p>\n\n\n\n<p><strong><a href=\"https:\/\/www.ifbaiano.edu.br\/unidades\/santaines\/files\/2023\/05\/Graduacao-Listagem-Final.pdf\" target=\"_blank\" rel=\"noreferrer noopener\">Gradua\u00e7\u00e3o Listagem Final<\/a><\/strong><\/p>\n\n\n\n<p><strong><a href=\"https:\/\/www.ifbaiano.edu.br\/unidades\/santaines\/files\/2023\/05\/Integrado-Listagem-Final.pdf\" target=\"_blank\" rel=\"noreferrer noopener\">Integrado Listagem Final<\/a><\/strong><\/p>\n\n\n\n<p><strong><a href=\"https:\/\/www.ifbaiano.edu.br\/unidades\/santaines\/files\/2023\/05\/Subsequente-Listagem-Final.pdf\" target=\"_blank\" rel=\"noreferrer noopener\">Subsequente Listagem Final<\/a><\/strong><\/p>\n\n\n\n<p><a rel=\"noreferrer noopener\" href=\"https:\/\/www.ifbaiano.edu.br\/unidades\/santaines\/files\/2023\/05\/Integrado_Resultado_Recurso.pdf\" target=\"_blank\"><strong>Integrado Resultado Recurso<\/strong><\/a><\/p>\n\n\n\n<p><a href=\"https:\/\/www.ifbaiano.edu.br\/unidades\/santaines\/files\/2023\/05\/Graduacao_Resultado_Recurso.pdf\" target=\"_blank\" rel=\"noreferrer noopener\"><strong>Gradua\u00e7\u00e3o Resultado Recurso<\/strong><\/a><\/p>\n\n\n\n<p><strong><a href=\"https:\/\/www.ifbaiano.edu.br\/unidades\/santaines\/files\/2023\/05\/Subequente_Resultado_Recurso.pdf\" target=\"_blank\" rel=\"noreferrer noopener\">Subequente Resultado Recurso<\/a><\/strong><\/p>\n\n\n\n<p><strong><a rel=\"noreferrer noopener\" href=\"https:\/\/www.ifbaiano.edu.br\/unidades\/santaines\/files\/2023\/05\/Lista-Preliminar-dos-Inscritos-PAISE-Subsequente.pdf\" target=\"_blank\">Lista Preliminar dos Inscritos PAISE Subsequente<\/a><\/strong><\/p>\n\n\n\n<p><strong><a href=\"https:\/\/www.ifbaiano.edu.br\/unidades\/santaines\/files\/2023\/05\/Lista-Preliminar-dos-Inscritos-PAISE-Integrado.pdf\" target=\"_blank\" rel=\"noreferrer noopener\">Lista Preliminar dos Inscritos PAISE Integrado<\/a><\/strong><\/p>\n\n\n\n<p><strong><a href=\"https:\/\/www.ifbaiano.edu.br\/unidades\/santaines\/files\/2023\/05\/Lista-Preliminar-dos-Inscritos-PAISE-Graduacao.pdf\" target=\"_blank\" rel=\"noreferrer noopener\">Lista Preliminar dos Inscritos PAISE Gradua\u00e7\u00e3o<\/a><\/strong><\/p>\n\n\n\n<p><\/p>\n","protected":false},"excerpt":{"rendered":"<p>O Instituto Federal de Educa\u00e7\u00e3o, Ci\u00eancia e Tecnologia Baiano (IF Baiano) lan\u00e7ou o Edital n\u00ba 11\/2023, que trata do Programa de Assist\u00eancia e Inclus\u00e3o Social do Estudante (PAISE). O programa tem como objetivo oferecer assist\u00eancia estudantil aos alunos em situa\u00e7\u00e3o de vulnerabilidade socioecon\u00f4mica, com o intuito de contribuir para a perman\u00eancia e o \u00eaxito acad\u00eamico. [&hellip;]<\/p>\n","protected":false},"author":7,"featured_media":0,"comment_status":"closed","ping_status":"closed","sticky":false,"template":"","format":"standard","meta":[],"categories":[4,5,57],"tags":[],"_links":{"self":[{"href":"https:\/\/www.ifbaiano.edu.br\/unidades\/santaines\/wp-json\/wp\/v2\/posts\/18439"}],"collection":[{"href":"https:\/\/www.ifbaiano.edu.br\/unidades\/santaines\/wp-json\/wp\/v2\/posts"}],"about":[{"href":"https:\/\/www.ifbaiano.edu.br\/unidades\/santaines\/wp-json\/wp\/v2\/types\/post"}],"author":[{"embeddable":true,"href":"https:\/\/www.ifbaiano.edu.br\/unidades\/santaines\/wp-json\/wp\/v2\/users\/7"}],"replies":[{"embeddable":true,"href":"https:\/\/www.ifbaiano.edu.br\/unidades\/santaines\/wp-json\/wp\/v2\/comments?post=18439"}],"version-history":[{"count":7,"href":"https:\/\/www.ifbaiano.edu.br\/unidades\/santaines\/wp-json\/wp\/v2\/posts\/18439\/revisions"}],"predecessor-version":[{"id":18511,"href":"https:\/\/www.ifbaiano.edu.br\/unidades\/santaines\/wp-json\/wp\/v2\/posts\/18439\/revisions\/18511"}],"wp:attachment":[{"href":"https:\/\/www.ifbaiano.edu.br\/unidades\/santaines\/wp-json\/wp\/v2\/media?parent=18439"}],"wp:term":[{"taxonomy":"category","embeddable":true,"href":"https:\/\/www.ifbaiano.edu.br\/unidades\/santaines\/wp-json\/wp\/v2\/categories?post=18439"},{"taxonomy":"post_tag","embeddable":true,"href":"https:\/\/www.ifbaiano.edu.br\/unidades\/santaines\/wp-json\/wp\/v2\/tags?post=18439"}],"curies":[{"name":"wp","href":"https:\/\/api.w.org\/{rel}","templated":true}]}}