{"id":18460,"date":"2023-06-09T15:09:00","date_gmt":"2023-06-09T18:09:00","guid":{"rendered":"https:\/\/www.ifbaiano.edu.br\/unidades\/santaines\/?p=18460"},"modified":"2023-06-09T15:09:47","modified_gmt":"2023-06-09T18:09:47","slug":"selecao-de-bolsistas-para-o-projeto-hortas-pedagogicas","status":"publish","type":"post","link":"https:\/\/www.ifbaiano.edu.br\/unidades\/santaines\/selecao-de-bolsistas-para-o-projeto-hortas-pedagogicas\/","title":{"rendered":"Sele\u00e7\u00e3o de Bolsistas para o Projeto Hortas Pedag\u00f3gicas"},"content":{"rendered":"\n<h3 class=\"wp-block-heading\">IF Baiano abre inscri\u00e7\u00f5es para sele\u00e7\u00e3o de bolsistas para projeto de Hortas Pedag\u00f3gicas<\/h3>\n\n\n\n<p>O Instituto Federal Baiano &#8211; Campus Santa In\u00eas lan\u00e7ou o Edital 18\/2023 para a sele\u00e7\u00e3o de bolsistas para o <strong>Projeto Hortas Pedag\u00f3gicas<\/strong>. O objetivo \u00e9 promover iniciativas para colaborar na promo\u00e7\u00e3o de trabalho e renda e aumentar a produ\u00e7\u00e3o de alimentos, alicer\u00e7ada no emprego das t\u00e9cnicas de produ\u00e7\u00e3o com base agroecol\u00f3gica, contribuindo para a redu\u00e7\u00e3o desses problemas e efetivar o papel social do IF Baiano.<\/p>\n\n\n\n<p>S\u00e3o ofertadas <strong>tr\u00eas<\/strong> vagas para bolsistas, que dever\u00e3o ter disponibilidade para dedicar 20 horas semanais ao projeto. O valor da bolsa \u00e9 de <strong>R$ 300,00 mensais<\/strong>.<\/p>\n\n\n\n<p>Os interessados devem preencher o formul\u00e1rio de inscri\u00e7\u00e3o dispon\u00edvel <a rel=\"noreferrer noopener\" href=\"https:\/\/forms.gle\/2X5qwyqwpsaJyz9D7\" target=\"_blank\">aqui<\/a> at\u00e9 o dia <strong>26 de maio<\/strong>.<\/p>\n\n\n\n<p>A sele\u00e7\u00e3o ser\u00e1 feita por meio de an\u00e1lise curricular. O resultado final ser\u00e1 divulgado no dia <strong>09 de junho, no site do IF Baiano &#8211; Campus Santa In\u00eas.<\/strong><\/p>\n\n\n\n<p>Para mais informa\u00e7\u00f5es, os candidatos podem acessar o <a href=\"https:\/\/www.ifbaiano.edu.br\/unidades\/santaines\/files\/2023\/05\/Edital-18-2023-Selecao-de-Bolsistas-para-o-Projeto-Hortas-Pedagogicas.pdf\" target=\"_blank\" rel=\"noreferrer noopener\">edital completo<\/a>.<\/p>\n\n\n\n<hr class=\"wp-block-separator has-css-opacity\" \/>\n\n\n\n<p><strong>Links importantes:<\/strong><\/p>\n\n\n\n<p><strong><a href=\"https:\/\/www.ifbaiano.edu.br\/unidades\/santaines\/files\/2023\/05\/Hortas-Pedagogicas-Resultado-preliminar-das-inscricoes.pdf\" target=\"_blank\" rel=\"noreferrer noopener\">Hortas Pedag\u00f3gicas &#8211; Resultado preliminar das inscri\u00e7\u00f5es.<\/a><\/strong><\/p>\n\n\n\n<p><strong><a rel=\"noreferrer noopener\" href=\"https:\/\/www.ifbaiano.edu.br\/unidades\/santaines\/files\/2023\/05\/Edital-no-19-2023.pdf\" target=\"_blank\">Edital 19-2023<\/a><\/strong><\/p>\n\n\n\n<p><strong><a rel=\"noreferrer noopener\" href=\"https:\/\/www.ifbaiano.edu.br\/unidades\/santaines\/files\/2023\/05\/Edital-18-2023-Selecao-de-Bolsistas-para-o-Projeto-Hortas-Pedagogicas.pdf\" target=\"_blank\">Edital 18-2023<\/a><\/strong><\/p>\n\n\n\n<p><strong><a rel=\"noreferrer noopener\" href=\"https:\/\/forms.gle\/2X5qwyqwpsaJyz9D7\" target=\"_blank\">Formul\u00e1rio de inscri\u00e7\u00e3o<\/a><\/strong><\/p>\n\n\n\n<p><a href=\"https:\/\/www.ifbaiano.edu.br\/unidades\/santaines\/files\/2023\/06\/Resultado-dos-Recursos.pdf\"><strong>Resultado dos recursos<\/strong><\/a><\/p>\n\n\n\n<p><a href=\"https:\/\/www.ifbaiano.edu.br\/unidades\/santaines\/files\/2023\/06\/Homologacao-das-Inscricoes.pdf\"><strong>Homologa\u00e7\u00e3o das inscri\u00e7\u00e3o<\/strong><\/a><\/p>\n\n\n\n<p><strong><a href=\"https:\/\/www.ifbaiano.edu.br\/unidades\/santaines\/files\/2023\/06\/Resultado-Preliminar.pdf\">Resultado preliminar<\/a><\/strong><\/p>\n\n\n\n<p><strong><a href=\"https:\/\/www.ifbaiano.edu.br\/unidades\/santaines\/files\/2023\/06\/Respostas-aos-Recursos.pdf\">Respostas dos Recursos<\/a><\/strong><\/p>\n\n\n\n<p><strong><a href=\"https:\/\/www.ifbaiano.edu.br\/unidades\/santaines\/files\/2023\/06\/Resultado-Final.pdf\">Resultado Final<\/a><\/strong><\/p>\n\n\n\n<hr class=\"wp-block-separator has-alpha-channel-opacity\" \/>\n\n\n\n<p><\/p>\n","protected":false},"excerpt":{"rendered":"<p>IF Baiano abre inscri\u00e7\u00f5es para sele\u00e7\u00e3o de bolsistas para projeto de Hortas Pedag\u00f3gicas O Instituto Federal Baiano &#8211; Campus Santa In\u00eas lan\u00e7ou o Edital 18\/2023 para a sele\u00e7\u00e3o de bolsistas para o Projeto Hortas Pedag\u00f3gicas. O objetivo \u00e9 promover iniciativas para colaborar na promo\u00e7\u00e3o de trabalho e renda e aumentar a produ\u00e7\u00e3o de alimentos, alicer\u00e7ada [&hellip;]<\/p>\n","protected":false},"author":7,"featured_media":18469,"comment_status":"closed","ping_status":"closed","sticky":false,"template":"","format":"standard","meta":[],"categories":[4,9,12,5,8,57],"tags":[],"_links":{"self":[{"href":"https:\/\/www.ifbaiano.edu.br\/unidades\/santaines\/wp-json\/wp\/v2\/posts\/18460"}],"collection":[{"href":"https:\/\/www.ifbaiano.edu.br\/unidades\/santaines\/wp-json\/wp\/v2\/posts"}],"about":[{"href":"https:\/\/www.ifbaiano.edu.br\/unidades\/santaines\/wp-json\/wp\/v2\/types\/post"}],"author":[{"embeddable":true,"href":"https:\/\/www.ifbaiano.edu.br\/unidades\/santaines\/wp-json\/wp\/v2\/users\/7"}],"replies":[{"embeddable":true,"href":"https:\/\/www.ifbaiano.edu.br\/unidades\/santaines\/wp-json\/wp\/v2\/comments?post=18460"}],"version-history":[{"count":9,"href":"https:\/\/www.ifbaiano.edu.br\/unidades\/santaines\/wp-json\/wp\/v2\/posts\/18460\/revisions"}],"predecessor-version":[{"id":18701,"href":"https:\/\/www.ifbaiano.edu.br\/unidades\/santaines\/wp-json\/wp\/v2\/posts\/18460\/revisions\/18701"}],"wp:featuredmedia":[{"embeddable":true,"href":"https:\/\/www.ifbaiano.edu.br\/unidades\/santaines\/wp-json\/wp\/v2\/media\/18469"}],"wp:attachment":[{"href":"https:\/\/www.ifbaiano.edu.br\/unidades\/santaines\/wp-json\/wp\/v2\/media?parent=18460"}],"wp:term":[{"taxonomy":"category","embeddable":true,"href":"https:\/\/www.ifbaiano.edu.br\/unidades\/santaines\/wp-json\/wp\/v2\/categories?post=18460"},{"taxonomy":"post_tag","embeddable":true,"href":"https:\/\/www.ifbaiano.edu.br\/unidades\/santaines\/wp-json\/wp\/v2\/tags?post=18460"}],"curies":[{"name":"wp","href":"https:\/\/api.w.org\/{rel}","templated":true}]}}