{"id":18515,"date":"2023-07-24T13:24:00","date_gmt":"2023-07-24T16:24:00","guid":{"rendered":"https:\/\/www.ifbaiano.edu.br\/unidades\/santaines\/?p=18515"},"modified":"2023-08-04T16:26:33","modified_gmt":"2023-08-04T19:26:33","slug":"o-instituto-federal-de-educacao-ciencia-e-tecnologia-baiano-campus-santa-ines-abre-vagas-para-o-curso-tecnico-subsequente-em-informatica","status":"publish","type":"post","link":"https:\/\/www.ifbaiano.edu.br\/unidades\/santaines\/o-instituto-federal-de-educacao-ciencia-e-tecnologia-baiano-campus-santa-ines-abre-vagas-para-o-curso-tecnico-subsequente-em-informatica\/","title":{"rendered":"Campus Santa In\u00eas, abre vagas para o Curso T\u00e9cnico Subsequente em Inform\u00e1tica"},"content":{"rendered":"\n<p>O Instituto Federal de Educa\u00e7\u00e3o, Ci\u00eancia e Tecnologia Baiano &#8211; Campus Santa In\u00eas realizou, no per\u00edodo de <strong>01 de junho a 14 de julho de 2023<\/strong>, as inscri\u00e7\u00f5es para o Processo Seletivo do <strong>Curso T\u00e9cnico Subsequente em Inform\u00e1tica<\/strong>, modalidade presencial. As inscri\u00e7\u00f5es foram realizadas de forma presencial, no IF Baiano &#8211; <em>Campus <\/em>Santa In\u00eas, situado no Km 2,5 da rodovia BR 420 (Santa In\u00eas \u2013 Uba\u00edra), Zona<br>Rural, e, tamb\u00e9m, de forma digital, atrav\u00e9s do preenchimento de formul\u00e1rio dispon\u00edvel na <a href=\"https:\/\/concurso.ifbaiano.edu.br\/portal\/ingresso-subsequente-informatica-santa-ines-maio-2023\/\">p\u00e1gina de concursos do IF Baiano<\/a>, durante o per\u00edodo ativo para realiza\u00e7\u00e3o de inscri\u00e7\u00f5es.<\/p>\n\n\n\n<p>O curso <strong>T\u00e9cnico Subsequente em Inform\u00e1tica<\/strong> \u00e9 destinado a candidatos que tenham conclu\u00eddo, at\u00e9 o ato da matr\u00edcula, o ensino m\u00e9dio (3\u00ba ano). Neste curso o estudante tem acesso a uma forma\u00e7\u00e3o profissionalizante reconhecida pelo mercado de trabalho, al\u00e9m de conhecimentos t\u00e9cnicos atualizados e alinhados \u00e0s demandas do mercado e possibilidade de ingressar no mercado de trabalho com uma forma\u00e7\u00e3o t\u00e9cnica reconhecida.<\/p>\n\n\n\n<p>Todas as informa\u00e7\u00f5es sobre a sele\u00e7\u00e3o, bem como os detalhes do processo seletivo e edital de matr\u00edculas, est\u00e3o dispon\u00edveis no nos editais e demais documenta\u00e7\u00f5es abaixo, bem como, na p\u00e1gina de concursos, no portal do IF Baiano. Eventuais d\u00favidas relativas a este edital poder\u00e3o ser encaminhadas para o e-mail subsequente.informatica@si.ifbaiano.edu.br.<\/p>\n\n\n\n<hr class=\"wp-block-separator has-alpha-channel-opacity\" \/>\n\n\n\n<p><strong>Documentos deste Processo Seletivo:<\/strong><\/p>\n\n\n\n<ul>\n<li><strong><a rel=\"noreferrer noopener\" href=\"https:\/\/www.ifbaiano.edu.br\/unidades\/santaines\/files\/2023\/05\/Processo-seletivo-para-ingresso-de-estudantes-no-curso-tecnico-em-informatica-subsequente-Edital-20-2023.pdf\" target=\"_blank\">Edital 20\/2023 \u2013 Processo seletivo &#8211; Curso T\u00e9cnico <\/a><strong><a rel=\"noreferrer noopener\" href=\"https:\/\/www.ifbaiano.edu.br\/unidades\/santaines\/files\/2023\/05\/Processo-seletivo-para-ingresso-de-estudantes-no-curso-tecnico-em-informatica-subsequente-Edital-20-2023.pdf\" target=\"_blank\">Subsequente em Inform\u00e1tica<\/a><\/strong><\/strong><\/li>\n\n\n\n<li><a href=\"https:\/\/www.ifbaiano.edu.br\/unidades\/santaines\/files\/2023\/07\/Edital-de-Retificacao-N%C2%B0-22-2023-Processo-Seletivo-Subsequente-em-Informatica.pdf\"><strong>Edital de retifica\u00e7\u00e3o<\/strong><\/a><\/li>\n\n\n\n<li><strong><a rel=\"noreferrer noopener\" href=\"https:\/\/www.ifbaiano.edu.br\/unidades\/santaines\/files\/2023\/07\/Resultado-Preliminar-Inscricoes-Subsequente-Informatica-2023.pdf\" target=\"_blank\">Resultado Preliminar das inscri\u00e7\u00f5es<\/a><\/strong><\/li>\n\n\n\n<li><strong><a rel=\"noreferrer noopener\" href=\"https:\/\/www.ifbaiano.edu.br\/unidades\/santaines\/files\/2023\/07\/Homologacoes-das-inscricoes-Subsequente-Informatica-2023.pdf\" target=\"_blank\">Homologa\u00e7\u00e3o das inscri\u00e7\u00f5es<\/a><\/strong><\/li>\n\n\n\n<li><a href=\"https:\/\/www.ifbaiano.edu.br\/unidades\/santaines\/files\/2023\/07\/Curriculo-bancas_Subsequente_2023_CSI.pdf\"><strong>Curr\u00edculo das Bancas<\/strong><\/a><\/li>\n\n\n\n<li><strong><a href=\"https:\/\/www.ifbaiano.edu.br\/unidades\/santaines\/files\/2023\/07\/Convocacao-banca-de-heteroidentificacao-edital-20.2023.pdf\">Convoca\u00e7\u00e3o &#8211; Banca de Heteroidentifica\u00e7\u00e3o<\/a><\/strong><\/li>\n\n\n\n<li><strong><a rel=\"noreferrer noopener\" href=\"https:\/\/www.ifbaiano.edu.br\/unidades\/santaines\/files\/2023\/07\/Resultado-Preliminar-banca-de-heteroidentificacao-edital-20.2023.pdf\" target=\"_blank\">Resultado Preliminar Banca de Heteroidentifica\u00e7\u00e3o<\/a><\/strong><\/li>\n\n\n\n<li><strong><a href=\"https:\/\/www.ifbaiano.edu.br\/unidades\/santaines\/files\/2023\/07\/Resultado-Final-Subsequente-Informatica-2023.pdf\">Resultado final<\/a><\/strong><\/li>\n\n\n\n<li><strong><a href=\"https:\/\/www.ifbaiano.edu.br\/unidades\/santaines\/files\/2023\/07\/Edital-matricula-Subsequente-Informatica.pdf\">Edital de Matr\u00edculas<\/a><\/strong><\/li>\n\n\n\n<li><strong><a rel=\"noreferrer noopener\" href=\"https:\/\/www.ifbaiano.edu.br\/unidades\/santaines\/files\/2023\/08\/Edital-de-Retificacao-No-27-2023-Informatica-Subsequente.pdf\" target=\"_blank\">Edital de Retifica\u00e7\u00e3o n\u00ba 27\/2023<\/a><\/strong><a rel=\"noreferrer noopener\" href=\"https:\/\/concurso.ifbaiano.edu.br\/portal\/ingresso-subsequente-informatica-santa-ines-maio-2023\/wp-content\/uploads\/sites\/806\/2023\/08\/Edital-de-Retificacao-No-28-2023-de-04-08-2023.pdf\" target=\"_blank\">\u00a0<\/a><\/li>\n\n\n\n<li><a rel=\"noreferrer noopener\" href=\"https:\/\/concurso.ifbaiano.edu.br\/portal\/ingresso-subsequente-informatica-santa-ines-maio-2023\/wp-content\/uploads\/sites\/806\/2023\/08\/Edital-de-Retificacao-No-28-2023-de-04-08-2023.pdf\" target=\"_blank\"><strong>Edital de Retifica\u00e7\u00e3o n\u00ba 28\/2023.<\/strong><\/a><\/li>\n<\/ul>\n\n\n\n<hr class=\"wp-block-separator has-alpha-channel-opacity\" \/>\n","protected":false},"excerpt":{"rendered":"<p>O Instituto Federal de Educa\u00e7\u00e3o, Ci\u00eancia e Tecnologia Baiano &#8211; Campus Santa In\u00eas realizou, no per\u00edodo de 01 de junho a 14 de julho de 2023, as inscri\u00e7\u00f5es para o Processo Seletivo do Curso T\u00e9cnico Subsequente em Inform\u00e1tica, modalidade presencial. As inscri\u00e7\u00f5es foram realizadas de forma presencial, no IF Baiano &#8211; Campus Santa In\u00eas, situado [&hellip;]<\/p>\n","protected":false},"author":7,"featured_media":0,"comment_status":"closed","ping_status":"closed","sticky":false,"template":"","format":"standard","meta":[],"categories":[4,9,13,5,8,57],"tags":[],"_links":{"self":[{"href":"https:\/\/www.ifbaiano.edu.br\/unidades\/santaines\/wp-json\/wp\/v2\/posts\/18515"}],"collection":[{"href":"https:\/\/www.ifbaiano.edu.br\/unidades\/santaines\/wp-json\/wp\/v2\/posts"}],"about":[{"href":"https:\/\/www.ifbaiano.edu.br\/unidades\/santaines\/wp-json\/wp\/v2\/types\/post"}],"author":[{"embeddable":true,"href":"https:\/\/www.ifbaiano.edu.br\/unidades\/santaines\/wp-json\/wp\/v2\/users\/7"}],"replies":[{"embeddable":true,"href":"https:\/\/www.ifbaiano.edu.br\/unidades\/santaines\/wp-json\/wp\/v2\/comments?post=18515"}],"version-history":[{"count":24,"href":"https:\/\/www.ifbaiano.edu.br\/unidades\/santaines\/wp-json\/wp\/v2\/posts\/18515\/revisions"}],"predecessor-version":[{"id":19032,"href":"https:\/\/www.ifbaiano.edu.br\/unidades\/santaines\/wp-json\/wp\/v2\/posts\/18515\/revisions\/19032"}],"wp:attachment":[{"href":"https:\/\/www.ifbaiano.edu.br\/unidades\/santaines\/wp-json\/wp\/v2\/media?parent=18515"}],"wp:term":[{"taxonomy":"category","embeddable":true,"href":"https:\/\/www.ifbaiano.edu.br\/unidades\/santaines\/wp-json\/wp\/v2\/categories?post=18515"},{"taxonomy":"post_tag","embeddable":true,"href":"https:\/\/www.ifbaiano.edu.br\/unidades\/santaines\/wp-json\/wp\/v2\/tags?post=18515"}],"curies":[{"name":"wp","href":"https:\/\/api.w.org\/{rel}","templated":true}]}}