{"id":18543,"date":"2023-06-01T20:22:02","date_gmt":"2023-06-01T23:22:02","guid":{"rendered":"https:\/\/www.ifbaiano.edu.br\/unidades\/santaines\/?p=18543"},"modified":"2023-06-01T20:22:02","modified_gmt":"2023-06-01T23:22:02","slug":"campus-santa-ines-da-inicio-ao-projeto-eja-fic-integrada-a-educacao-profissional-e-tecnologica-com-aula-inaugural","status":"publish","type":"post","link":"https:\/\/www.ifbaiano.edu.br\/unidades\/santaines\/campus-santa-ines-da-inicio-ao-projeto-eja-fic-integrada-a-educacao-profissional-e-tecnologica-com-aula-inaugural\/","title":{"rendered":"Campus Santa In\u00eas d\u00e1 in\u00edcio ao Projeto EJA \/FIC Integrada a Educa\u00e7\u00e3o Profissional e Tecnol\u00f3gica com aula inaugural"},"content":{"rendered":"\n<p><\/p>\n\n\n\n<p>Na \u00faltima ter\u00e7a-feira (30), aconteceu, no gin\u00e1sio poliesportivo do IF Baiano &#8211; <em>Campus <\/em>Santa In\u00eas, a aula inaugural do Projeto EJA \/FIC Integrada a Educa\u00e7\u00e3o Profissional e Tecnol\u00f3gica (EPT), dos cursos Agricultura Familiar, Padeiro e Produ\u00e7\u00e3o de Doces e Conservas, em parceria com os munic\u00edpios do Territ\u00f3rio do Vale do Jiquiri\u00e7\u00e1: Cravol\u00e2ndia, Jiquiri\u00e7\u00e1, Mutu\u00edpe, Santa In\u00eas e Uba\u00edra.<\/p>\n\n\n\n<figure class=\"wp-block-image size-full\"><a href=\"https:\/\/www.ifbaiano.edu.br\/unidades\/santaines\/files\/2023\/06\/2-2.jpg\"><img decoding=\"async\" loading=\"lazy\" width=\"1223\" height=\"675\" src=\"https:\/\/www.ifbaiano.edu.br\/unidades\/santaines\/files\/2023\/06\/2-2.jpg\" alt=\"\" class=\"wp-image-18552\" \/><\/a><figcaption class=\"wp-element-caption\">Mesa de abertura com as boas-vindas e o acolhimento da Diretora Geral do IF Baiano campus Santa In\u00eas, Genilda Lima.<\/figcaption><\/figure>\n\n\n\n<p>Estiveram presentes um p\u00fablico estimado de 340 pessoas, entre eles: os secret\u00e1rios de Educa\u00e7\u00e3o, Roque Cavalcante (Jiquiri\u00e7\u00e1), S\u00f4nia Ferreira (Mutu\u00edpe), Alo\u00edsio Taquari (Uba\u00edra), Louristea Braga (Cravol\u00e2ndia), a Superintendente de Educa\u00e7\u00e3o de Santa In\u00eas, Fab\u00edola Carneiro, al\u00e9m de coordenadores da EJA, diretores, vice-diretores escolares e autoridades municipais. <\/p>\n\n\n\n<figure class=\"wp-block-gallery has-nested-images columns-default is-cropped wp-block-gallery-1 is-layout-flex\">\n<figure class=\"wp-block-image size-large\"><a href=\"https:\/\/www.ifbaiano.edu.br\/unidades\/santaines\/files\/2023\/06\/01-Mesa-de-abertura-2023.jpg\"><img decoding=\"async\" loading=\"lazy\" width=\"4324\" height=\"2547\" data-id=\"18546\"  src=\"https:\/\/www.ifbaiano.edu.br\/unidades\/santaines\/files\/2023\/06\/01-Mesa-de-abertura-2023.jpg\" alt=\"\" class=\"wp-image-18546\" \/><\/a><figcaption class=\"wp-element-caption\">Mesa de abertura com representa\u00e7\u00e3o do IF Baiano e dos munic\u00edpios parceiros: Cravol\u00e2ndia, Mutu\u00edpe, Jiquiri\u00e7\u00e1, Santa In\u00eas e Uba\u00edra.<\/figcaption><\/figure>\n<\/figure>\n\n\n\n<p>Na oportunidade, todos agradeceram a parceria com o IF Baiano e ressaltaram a import\u00e2ncia da oferta destes cursos para a modalidade da Educa\u00e7\u00e3o de Jovens e Adultos. A Diretora Geral do IF Baiano &#8211; <em>Campus <\/em>Santa In\u00eas, Genilda Lima, destacou a import\u00e2ncia de o IF Baiano Campus Santa In\u00eas atender \u00e0s demandas dos munic\u00edpios, ofertando cursos em todas as modalidades onde atua.<\/p>\n\n\n\n<p>O coordenador local do projeto, professor Andr\u00e9 Leonardo, fez quest\u00e3o de ressaltar que \u201co IF Baiano \u00e9 <em>campus <\/em>Santa In\u00eas, mas est\u00e1 \u00e0 disposi\u00e7\u00e3o de todos os munic\u00edpios que comp\u00f5em o Territ\u00f3rio Vale do Jiquiri\u00e7\u00e1.\u201d<\/p>\n\n\n\n<p>Ap\u00f3s a mesa de abertura oficial, iniciou-se uma roda de conversa com os egressos do Curso T\u00e9cnico em Agropecu\u00e1ria\/PROEJA, Turma 2019, Maria da Paix\u00e3o, Gizelia de Jesus, Miguel Neto e Ivanildo Muniz. Os atuais T\u00e9cnicos em Agropecu\u00e1ria relataram suas experi\u00eancias durante o processo de forma\u00e7\u00e3o, a import\u00e2ncia do curso para suas vidas, as dificuldades enfrentadas e superadas at\u00e9 a conclus\u00e3o.<\/p>\n\n\n\n<p>A professora Patr\u00edcia Neves, Coordenadora de Extens\u00e3o do Campus, falou sobre a sua satisfa\u00e7\u00e3o em fazer parte de um projeto t\u00e3o importante, que tem dado oportunidade para tantas pessoas. Falou, ainda, sobre a emo\u00e7\u00e3o de ouvir as hist\u00f3rias de egressos do curso. \u201cA nossa Roda de Conversa foi feita por quem conheceu e vivenciou as dificuldade e prazeres de frequentar e concluir um curso da EJA. Aos nossos ex-alunos(as) do PROEJA, GRATID\u00c3O!\u201d, frisou a professora.<\/p>\n\n\n\n<figure class=\"wp-block-gallery has-nested-images columns-default is-cropped wp-block-gallery-3 is-layout-flex\">\n<figure class=\"wp-block-image size-large\"><a href=\"https:\/\/www.ifbaiano.edu.br\/unidades\/santaines\/files\/2023\/06\/02-Mesa-com-os-estudantes.jpg\"><img decoding=\"async\" loading=\"lazy\" width=\"4050\" height=\"2938\" data-id=\"18548\"  src=\"https:\/\/www.ifbaiano.edu.br\/unidades\/santaines\/files\/2023\/06\/02-Mesa-com-os-estudantes.jpg\" alt=\"\" class=\"wp-image-18548\" \/><\/a><figcaption class=\"wp-element-caption\">Roda de conversa com ex-alunos do PROEJA: Ivanildo Muniz, Gizelia dos Santos, Miguel Neto e Maria da Paix\u00e3o (esquerda para direita), turma 2019. <\/figcaption><\/figure>\n\n\n\n<figure class=\"wp-block-image size-large\"><a href=\"https:\/\/www.ifbaiano.edu.br\/unidades\/santaines\/files\/2023\/06\/05-IMG_2203.jpg\"><img decoding=\"async\" loading=\"lazy\" width=\"4435\" height=\"3137\" data-id=\"18547\"  src=\"https:\/\/www.ifbaiano.edu.br\/unidades\/santaines\/files\/2023\/06\/05-IMG_2203.jpg\" alt=\"\" class=\"wp-image-18547\" \/><\/a><figcaption class=\"wp-element-caption\">O protagonismo dos T\u00e9cnicos em Agropecu\u00e1ria, modalidade PROEJA, turma 2019 \u00e9 uma marca do processo de experi\u00eancia e forma\u00e7\u00e3o desses sujeitos.<\/figcaption><\/figure>\n<\/figure>\n\n\n\n<figure class=\"wp-block-image size-full\"><a href=\"https:\/\/www.ifbaiano.edu.br\/unidades\/santaines\/files\/2023\/06\/08-IMG_2282.jpg\"><img decoding=\"async\" loading=\"lazy\" width=\"5182\" height=\"1884\" src=\"https:\/\/www.ifbaiano.edu.br\/unidades\/santaines\/files\/2023\/06\/08-IMG_2282.jpg\" alt=\"\" class=\"wp-image-18549\" \/><\/a><figcaption class=\"wp-element-caption\">Equipe de Servidores do IF Baiano &#8211; <em>Campus <\/em>Santa In\u00eas e as turmas do PROEJA, modalidade altern\u00e2ncia, de 2019 e 2022.<\/figcaption><\/figure>\n\n\n\n<hr class=\"wp-block-separator has-alpha-channel-opacity\" \/>\n","protected":false},"excerpt":{"rendered":"<p>Na \u00faltima ter\u00e7a-feira (30), aconteceu, no gin\u00e1sio poliesportivo do IF Baiano &#8211; Campus Santa In\u00eas, a aula inaugural do Projeto EJA \/FIC Integrada a Educa\u00e7\u00e3o Profissional e Tecnol\u00f3gica (EPT), dos cursos Agricultura Familiar, Padeiro e Produ\u00e7\u00e3o de Doces e Conservas, em parceria com os munic\u00edpios do Territ\u00f3rio do Vale do Jiquiri\u00e7\u00e1: Cravol\u00e2ndia, Jiquiri\u00e7\u00e1, Mutu\u00edpe, Santa [&hellip;]<\/p>\n","protected":false},"author":86,"featured_media":18545,"comment_status":"closed","ping_status":"closed","sticky":false,"template":"","format":"standard","meta":[],"categories":[4,5,37,57],"tags":[],"_links":{"self":[{"href":"https:\/\/www.ifbaiano.edu.br\/unidades\/santaines\/wp-json\/wp\/v2\/posts\/18543"}],"collection":[{"href":"https:\/\/www.ifbaiano.edu.br\/unidades\/santaines\/wp-json\/wp\/v2\/posts"}],"about":[{"href":"https:\/\/www.ifbaiano.edu.br\/unidades\/santaines\/wp-json\/wp\/v2\/types\/post"}],"author":[{"embeddable":true,"href":"https:\/\/www.ifbaiano.edu.br\/unidades\/santaines\/wp-json\/wp\/v2\/users\/86"}],"replies":[{"embeddable":true,"href":"https:\/\/www.ifbaiano.edu.br\/unidades\/santaines\/wp-json\/wp\/v2\/comments?post=18543"}],"version-history":[{"count":4,"href":"https:\/\/www.ifbaiano.edu.br\/unidades\/santaines\/wp-json\/wp\/v2\/posts\/18543\/revisions"}],"predecessor-version":[{"id":18556,"href":"https:\/\/www.ifbaiano.edu.br\/unidades\/santaines\/wp-json\/wp\/v2\/posts\/18543\/revisions\/18556"}],"wp:featuredmedia":[{"embeddable":true,"href":"https:\/\/www.ifbaiano.edu.br\/unidades\/santaines\/wp-json\/wp\/v2\/media\/18545"}],"wp:attachment":[{"href":"https:\/\/www.ifbaiano.edu.br\/unidades\/santaines\/wp-json\/wp\/v2\/media?parent=18543"}],"wp:term":[{"taxonomy":"category","embeddable":true,"href":"https:\/\/www.ifbaiano.edu.br\/unidades\/santaines\/wp-json\/wp\/v2\/categories?post=18543"},{"taxonomy":"post_tag","embeddable":true,"href":"https:\/\/www.ifbaiano.edu.br\/unidades\/santaines\/wp-json\/wp\/v2\/tags?post=18543"}],"curies":[{"name":"wp","href":"https:\/\/api.w.org\/{rel}","templated":true}]}}