{"id":18570,"date":"2023-06-05T21:17:34","date_gmt":"2023-06-06T00:17:34","guid":{"rendered":"https:\/\/www.ifbaiano.edu.br\/unidades\/santaines\/?p=18570"},"modified":"2023-06-05T21:17:34","modified_gmt":"2023-06-06T00:17:34","slug":"trabalho-do-bacharelado-em-zootecnia-recebe-mencao-honrosa-no-zootec-2023","status":"publish","type":"post","link":"https:\/\/www.ifbaiano.edu.br\/unidades\/santaines\/trabalho-do-bacharelado-em-zootecnia-recebe-mencao-honrosa-no-zootec-2023\/","title":{"rendered":"Trabalho do Bacharelado em Zootecnia recebe Men\u00e7\u00e3o Honrosa no Zootec -2023"},"content":{"rendered":"\n<p>No per\u00edodo de 31 de maio\u00a0a\u00a0\u00a02 de junho aconteceu o trig\u00e9simo segundo Congresso Brasileiro de Zootecnia &#8211; O <a href=\"https:\/\/zootec2023.com\/#modal\">Zootec 2023<\/a>, promovido pela Associa\u00e7\u00e3o Brasileira de Zootecnia (ABZ).  O evento foi realizado de\u00a0\u00a0em\u00a0Natal-RN e o IF Baiano &#8211; <em>Campus <\/em>Santa In\u00eas marcou presen\u00e7a.\u00a0Estiveram participando, deste evento, os discentes do Bacharelado em Zootecnia do Campus: Vagner da Silva Santana, Mar\u00edlia Almeida dos Santos e Aline Alves da Silva.<\/p>\n\n\n\n<figure class=\"wp-block-gallery has-nested-images columns-default is-cropped wp-block-gallery-1 is-layout-flex\">\n<figure class=\"wp-block-image size-large\"><a href=\"https:\/\/www.ifbaiano.edu.br\/unidades\/santaines\/files\/2023\/06\/Marilia-e-Aline.jpeg\"><img decoding=\"async\" loading=\"lazy\" width=\"1200\" height=\"1600\" data-id=\"18573\"  src=\"https:\/\/www.ifbaiano.edu.br\/unidades\/santaines\/files\/2023\/06\/Marilia-e-Aline.jpeg\" alt=\"\" class=\"wp-image-18573\" \/><\/a><\/figure>\n\n\n\n<figure class=\"wp-block-image size-large\"><a href=\"https:\/\/www.ifbaiano.edu.br\/unidades\/santaines\/files\/2023\/06\/Poster-Vagner.jpeg\"><img decoding=\"async\" loading=\"lazy\" width=\"1600\" height=\"1600\" data-id=\"18571\"  src=\"https:\/\/www.ifbaiano.edu.br\/unidades\/santaines\/files\/2023\/06\/Poster-Vagner.jpeg\" alt=\"\" class=\"wp-image-18571\" \/><\/a><\/figure>\n\n\n\n<figure class=\"wp-block-image size-large\"><a href=\"https:\/\/www.ifbaiano.edu.br\/unidades\/santaines\/files\/2023\/06\/Poster-Marilia.jpeg\"><img decoding=\"async\" loading=\"lazy\" width=\"1200\" height=\"1600\" data-id=\"18572\"  src=\"https:\/\/www.ifbaiano.edu.br\/unidades\/santaines\/files\/2023\/06\/Poster-Marilia.jpeg\" alt=\"\" class=\"wp-image-18572\" \/><\/a><\/figure>\n<\/figure>\n\n\n\n<p>Segundo a Coordenadora do Curso T\u00e9cnico em Zootecnia, professora Viviane Correa, o Congresso Brasileiro de Zootecnia \u00e9 o maior encontro latino-americano de profissionais da \u00e1rea. &#8220;O evento \u00e9 um excelente espa\u00e7o de troca de ideias, oferta de novos produtos, servi\u00e7os, novidades, atualiza\u00e7\u00f5es e ricas discuss\u00f5es sobre as tem\u00e1ticas da \u00e1rea&#8221;, afirma a professora.<\/p>\n\n\n\n<p>Neste evento o trabalho intitulado\u00a0&#8220;A percep\u00e7\u00e3o de tutores sobre a\u00a0 alimenta\u00e7\u00e3o de c\u00e3es no munic\u00edpio de Santa In\u00eas-BA&#8221;, de autoria\u00a0dos graduandos Mar\u00edlia Almeida dos Santos, Aline Alves da Silva e da professora Viviane Correa Santos, foi premiado na condi\u00e7\u00e3o de Men\u00e7\u00e3o Honrosa.\u00a0Os dados deste trabalho foram coletados durante a &#8220;1\u00aa C\u00e3ominhada Solid\u00e1ria de Santa In\u00eas-BA&#8221;, realizada por discentes do Bacharelado em Zootecnia, no dia\u00a010 de dezembro\u00a0de 2022; atividade extensionista em que os discentes levaram informa\u00e7\u00f5es a comunidade de Santa In\u00eas sobre Nutri\u00e7\u00e3o, Bem estar e Sanidade Animal.\u00a0<\/p>\n\n\n\n<figure class=\"wp-block-gallery has-nested-images columns-default is-cropped wp-block-gallery-3 is-layout-flex\">\n<figure class=\"wp-block-image size-large\"><a href=\"https:\/\/www.ifbaiano.edu.br\/unidades\/santaines\/files\/2023\/06\/Mencao-Honrosa-1.jpg\"><img decoding=\"async\" loading=\"lazy\" width=\"916\" height=\"1039\" data-id=\"18577\"  src=\"https:\/\/www.ifbaiano.edu.br\/unidades\/santaines\/files\/2023\/06\/Mencao-Honrosa-1.jpg\" alt=\"\" class=\"wp-image-18577\" \/><\/a><\/figure>\n<\/figure>\n\n\n\n<hr class=\"wp-block-separator has-alpha-channel-opacity\" \/>\n\n\n\n<p><\/p>\n","protected":false},"excerpt":{"rendered":"<p>No per\u00edodo de 31 de maio\u00a0a\u00a0\u00a02 de junho aconteceu o trig\u00e9simo segundo Congresso Brasileiro de Zootecnia &#8211; O Zootec 2023, promovido pela Associa\u00e7\u00e3o Brasileira de Zootecnia (ABZ). O evento foi realizado de\u00a0\u00a0em\u00a0Natal-RN e o IF Baiano &#8211; Campus Santa In\u00eas marcou presen\u00e7a.\u00a0Estiveram participando, deste evento, os discentes do Bacharelado em Zootecnia do Campus: Vagner da [&hellip;]<\/p>\n","protected":false},"author":86,"featured_media":18574,"comment_status":"closed","ping_status":"closed","sticky":false,"template":"","format":"standard","meta":[],"categories":[4,37,10,57],"tags":[],"_links":{"self":[{"href":"https:\/\/www.ifbaiano.edu.br\/unidades\/santaines\/wp-json\/wp\/v2\/posts\/18570"}],"collection":[{"href":"https:\/\/www.ifbaiano.edu.br\/unidades\/santaines\/wp-json\/wp\/v2\/posts"}],"about":[{"href":"https:\/\/www.ifbaiano.edu.br\/unidades\/santaines\/wp-json\/wp\/v2\/types\/post"}],"author":[{"embeddable":true,"href":"https:\/\/www.ifbaiano.edu.br\/unidades\/santaines\/wp-json\/wp\/v2\/users\/86"}],"replies":[{"embeddable":true,"href":"https:\/\/www.ifbaiano.edu.br\/unidades\/santaines\/wp-json\/wp\/v2\/comments?post=18570"}],"version-history":[{"count":2,"href":"https:\/\/www.ifbaiano.edu.br\/unidades\/santaines\/wp-json\/wp\/v2\/posts\/18570\/revisions"}],"predecessor-version":[{"id":18579,"href":"https:\/\/www.ifbaiano.edu.br\/unidades\/santaines\/wp-json\/wp\/v2\/posts\/18570\/revisions\/18579"}],"wp:featuredmedia":[{"embeddable":true,"href":"https:\/\/www.ifbaiano.edu.br\/unidades\/santaines\/wp-json\/wp\/v2\/media\/18574"}],"wp:attachment":[{"href":"https:\/\/www.ifbaiano.edu.br\/unidades\/santaines\/wp-json\/wp\/v2\/media?parent=18570"}],"wp:term":[{"taxonomy":"category","embeddable":true,"href":"https:\/\/www.ifbaiano.edu.br\/unidades\/santaines\/wp-json\/wp\/v2\/categories?post=18570"},{"taxonomy":"post_tag","embeddable":true,"href":"https:\/\/www.ifbaiano.edu.br\/unidades\/santaines\/wp-json\/wp\/v2\/tags?post=18570"}],"curies":[{"name":"wp","href":"https:\/\/api.w.org\/{rel}","templated":true}]}}