{"id":18580,"date":"2023-06-05T22:37:33","date_gmt":"2023-06-06T01:37:33","guid":{"rendered":"https:\/\/www.ifbaiano.edu.br\/unidades\/santaines\/?p=18580"},"modified":"2023-06-05T22:37:34","modified_gmt":"2023-06-06T01:37:34","slug":"campus-santa-ines-participa-de-evento-em-comemoracao-ao-dia-mundial-do-meio-ambiente","status":"publish","type":"post","link":"https:\/\/www.ifbaiano.edu.br\/unidades\/santaines\/campus-santa-ines-participa-de-evento-em-comemoracao-ao-dia-mundial-do-meio-ambiente\/","title":{"rendered":"Campus Santa In\u00eas participa de evento em  comemora\u00e7\u00e3o ao Dia Mundial do Meio Ambiente"},"content":{"rendered":"\n<p>Hoje (5), o IF Baiano &#8211; <em>Campus <\/em>Santa In\u00eas, marcou presen\u00e7a no evento em comemora\u00e7\u00e3o ao Dia Mundial do Meio Ambiente, na cidade de Cravol\u00e2ndia-BA. Uma a\u00e7\u00e3o conjunta da cooperativa de reciclagem &#8211; Reciclare em parceria com a Prefeitura municipal daquele munic\u00edpio para lembrar da import\u00e2ncia da preserva\u00e7\u00e3o ambiental para sobreviv\u00eancia da humanidade.<\/p>\n\n\n\n<div class=\"wp-block-media-text alignwide is-stacked-on-mobile\"><figure class=\"wp-block-media-text__media\"><img decoding=\"async\" loading=\"lazy\" width=\"1600\" height=\"929\" src=\"https:\/\/www.ifbaiano.edu.br\/unidades\/santaines\/files\/2023\/06\/1.jpeg\" alt=\"\" class=\"wp-image-18582 size-full\" \/><\/figure><div class=\"wp-block-media-text__content\">\n<p>O ato iniciou com a concentra\u00e7\u00e3o de estudantes e professores das escolas municipais, no Col\u00e9gio Municipal de Cravol\u00e2ndia,\u00a0de onde sa\u00edram em passeata. As crian\u00e7as que participaram da passeata, percorrendo ruas da cidade, seguravam cartazes para chamar a aten\u00e7\u00e3o da popula\u00e7\u00e3o, com frases e fotos que elucidavam a import\u00e2ncia do meio ambiente para as futuras gera\u00e7\u00f5es.<\/p>\n<\/div><\/div>\n\n\n\n<p>Ap\u00f3s a passeata, todos se concentraram em frente ao Clube Cultural, na pra\u00e7a central da cidade, onde haviam estandes: de mudas de \u00e1rvores nativas, da Secretaria municipal de Agricultura que foram distribu\u00eddas ao final do evento; de exposi\u00e7\u00e3o de atividades dos alunos da rede municipal de ensino al\u00e9m dos do IF Baiano &#8211; <em>Campus<\/em> Santa In\u00eas. O ato iniciou com a concentra\u00e7\u00e3o de estudantes e professores das escolas municipais, no Col\u00e9gio Municipal de Cravol\u00e2ndia,\u00a0de onde sa\u00edram em passeata. As crian\u00e7as que participaram da passeata, percorrendo ruas da cidade, seguravam cartazes para chamar a aten\u00e7\u00e3o da popula\u00e7\u00e3o, com frases e fotos que elucidavam a import\u00e2ncia do meio ambiente para as futuras gera\u00e7\u00f5es.  <\/p>\n\n\n\n<p>Em um dos <em>stands <\/em>o IF Baiano &#8211; <em>Campus <\/em>Santa In\u00eas exp\u00f4s jogos educativos e brinquedos confeccionados com materiais recicl\u00e1veis, pela servidora T\u00e2nia Nunes. As crian\u00e7as aproveitaram para brincar e se divertir muito! \u201cEsses brinquedos despertam a criatividade das crian\u00e7as, proporcionam o aprendizado e podem ser feitos por elas mesmas, al\u00e9m de ajudar na retirada de materiais que seriam descartados no ambiente\u201d, afirmou T\u00e2nia Nunes.<\/p>\n\n\n\n<figure class=\"wp-block-gallery has-nested-images columns-default is-cropped wp-block-gallery-1 is-layout-flex\">\n<figure class=\"wp-block-image size-large\"><a href=\"https:\/\/www.ifbaiano.edu.br\/unidades\/santaines\/files\/2023\/06\/e2591bcf-cdf5-4da6-bfc5-5e65b5d38aea.jpg\"><img decoding=\"async\" loading=\"lazy\" width=\"1024\" height=\"672\" data-id=\"18592\"  src=\"https:\/\/www.ifbaiano.edu.br\/unidades\/santaines\/files\/2023\/06\/e2591bcf-cdf5-4da6-bfc5-5e65b5d38aea.jpg\" alt=\"\" class=\"wp-image-18592\" \/><\/a><\/figure>\n\n\n\n<figure class=\"wp-block-image size-large\"><a href=\"https:\/\/www.ifbaiano.edu.br\/unidades\/santaines\/files\/2023\/06\/3.jpeg\"><img decoding=\"async\" loading=\"lazy\" width=\"1600\" height=\"901\" data-id=\"18584\"  src=\"https:\/\/www.ifbaiano.edu.br\/unidades\/santaines\/files\/2023\/06\/3.jpeg\" alt=\"\" class=\"wp-image-18584\" \/><\/a><\/figure>\n\n\n\n<figure class=\"wp-block-image size-large\"><a href=\"https:\/\/www.ifbaiano.edu.br\/unidades\/santaines\/files\/2023\/06\/4.jpeg\"><img decoding=\"async\" loading=\"lazy\" width=\"800\" height=\"450\" data-id=\"18585\"  src=\"https:\/\/www.ifbaiano.edu.br\/unidades\/santaines\/files\/2023\/06\/4.jpeg\" alt=\"\" class=\"wp-image-18585\" \/><\/a><\/figure>\n<\/figure>\n\n\n\n<p>Em outro estande, o IF Baiano &#8211; <em>Campus <\/em>Santa In\u00eas, apresentava maquetes e experimentos contextualizando a import\u00e2ncia da preserva\u00e7\u00e3o ambiental e como essas a\u00e7\u00f5es podem salvar vidas e garantir recursos econ\u00f4micos \u00e0 popula\u00e7\u00e3o. O estande foi conduzido pelo Grupo de Estudo em Manejo e Qualidade do Solo \u2013 GEMS, composto por estudantes dos cursos T\u00e9cnicos de n\u00edvel m\u00e9dio do <em>campus<\/em>. <\/p>\n\n\n\n<figure class=\"wp-block-gallery has-nested-images columns-default is-cropped wp-block-gallery-3 is-layout-flex\">\n<figure class=\"wp-block-image size-large\"><a href=\"https:\/\/www.ifbaiano.edu.br\/unidades\/santaines\/files\/2023\/06\/8.jpg\"><img decoding=\"async\" loading=\"lazy\" width=\"768\" height=\"1024\" data-id=\"18590\"  src=\"https:\/\/www.ifbaiano.edu.br\/unidades\/santaines\/files\/2023\/06\/8.jpg\" alt=\"\" class=\"wp-image-18590\" \/><\/a><\/figure>\n\n\n\n<figure class=\"wp-block-image size-large\"><a href=\"https:\/\/www.ifbaiano.edu.br\/unidades\/santaines\/files\/2023\/06\/7.jpg\"><img decoding=\"async\" loading=\"lazy\" width=\"768\" height=\"1024\" data-id=\"18589\"  src=\"https:\/\/www.ifbaiano.edu.br\/unidades\/santaines\/files\/2023\/06\/7.jpg\" alt=\"\" class=\"wp-image-18589\" \/><\/a><\/figure>\n\n\n\n<figure class=\"wp-block-image size-large\"><a href=\"https:\/\/www.ifbaiano.edu.br\/unidades\/santaines\/files\/2023\/06\/6.jpg\"><img decoding=\"async\" loading=\"lazy\" width=\"736\" height=\"1024\" data-id=\"18588\"  src=\"https:\/\/www.ifbaiano.edu.br\/unidades\/santaines\/files\/2023\/06\/6.jpg\" alt=\"\" class=\"wp-image-18588\" \/><\/a><\/figure>\n<\/figure>\n\n\n\n<p>Os estudantes do GEMS, apresentaram uma maquete que lembrava a recente trag\u00e9dia que acometeu os diversos munic\u00edpios do territ\u00f3rio Vale do Jiquiri\u00e7\u00e1, as enchentes! Com a maquete os estudantes puderam apresentar, para a popula\u00e7\u00e3o, as principais interven\u00e7\u00f5es feitas pelo homem que causaram as enchentes. Os estudantes tamb\u00e9m realizaram experimento, na pr\u00e1tica, mostrando como o problema se inicia, todas as suas consequ\u00eancias e o que fazer para evitar esse grave problema. <\/p>\n\n\n\n<figure class=\"wp-block-gallery has-nested-images columns-default is-cropped wp-block-gallery-5 is-layout-flex\">\n<figure class=\"wp-block-image size-large\"><a href=\"https:\/\/www.ifbaiano.edu.br\/unidades\/santaines\/files\/2023\/06\/WhatsApp-Image-2023-06-05-at-09.46.27.jpeg\"><img decoding=\"async\" loading=\"lazy\" width=\"800\" height=\"450\" data-id=\"18587\"  src=\"https:\/\/www.ifbaiano.edu.br\/unidades\/santaines\/files\/2023\/06\/WhatsApp-Image-2023-06-05-at-09.46.27.jpeg\" alt=\"\" class=\"wp-image-18587\" \/><\/a><\/figure>\n\n\n\n<figure class=\"wp-block-image size-large\"><a href=\"https:\/\/www.ifbaiano.edu.br\/unidades\/santaines\/files\/2023\/06\/5.jpeg\"><img decoding=\"async\" loading=\"lazy\" width=\"800\" height=\"450\" data-id=\"18586\"  src=\"https:\/\/www.ifbaiano.edu.br\/unidades\/santaines\/files\/2023\/06\/5.jpeg\" alt=\"\" class=\"wp-image-18586\" \/><\/a><\/figure>\n\n\n\n<figure class=\"wp-block-image size-large\"><a href=\"https:\/\/www.ifbaiano.edu.br\/unidades\/santaines\/files\/2023\/06\/2.jpeg\"><img decoding=\"async\" loading=\"lazy\" width=\"1600\" height=\"901\" data-id=\"18583\"  src=\"https:\/\/www.ifbaiano.edu.br\/unidades\/santaines\/files\/2023\/06\/2.jpeg\" alt=\"\" class=\"wp-image-18583\" \/><\/a><\/figure>\n<\/figure>\n\n\n\n<p>Os professores orientadores do GEMS, Andr\u00e9 Leonardo e Patr\u00edcia Moura, destacaram a import\u00e2ncia dos estudantes se tornarem protagonistas dessas a\u00e7\u00f5es. \u201cAs gera\u00e7\u00f5es futuras devem se engajar em a\u00e7\u00f5es de conscientiza\u00e7\u00e3o e atuar para evitar antes dos acontecimentos\u201d, frisou a professora Patr\u00edcia Moura. O professor Andr\u00e9 Leonardo ressalta que \u201cpara que ocorra um desenvolvimento sustent\u00e1vel e inclusivo, \u00e9 necess\u00e1rio que as gera\u00e7\u00f5es presentes sejam solid\u00e1rias com as gera\u00e7\u00f5es futuras, tendo consci\u00eancia e agindo agora!&#8221;.<\/p>\n\n\n\n<hr class=\"wp-block-separator has-alpha-channel-opacity\" \/>\n","protected":false},"excerpt":{"rendered":"<p>Hoje (5), o IF Baiano &#8211; Campus Santa In\u00eas, marcou presen\u00e7a no evento em comemora\u00e7\u00e3o ao Dia Mundial do Meio Ambiente, na cidade de Cravol\u00e2ndia-BA. Uma a\u00e7\u00e3o conjunta da cooperativa de reciclagem &#8211; Reciclare em parceria com a Prefeitura municipal daquele munic\u00edpio para lembrar da import\u00e2ncia da preserva\u00e7\u00e3o ambiental para sobreviv\u00eancia da humanidade. O ato [&hellip;]<\/p>\n","protected":false},"author":86,"featured_media":18591,"comment_status":"closed","ping_status":"closed","sticky":false,"template":"","format":"standard","meta":[],"categories":[4,37,1,57],"tags":[],"_links":{"self":[{"href":"https:\/\/www.ifbaiano.edu.br\/unidades\/santaines\/wp-json\/wp\/v2\/posts\/18580"}],"collection":[{"href":"https:\/\/www.ifbaiano.edu.br\/unidades\/santaines\/wp-json\/wp\/v2\/posts"}],"about":[{"href":"https:\/\/www.ifbaiano.edu.br\/unidades\/santaines\/wp-json\/wp\/v2\/types\/post"}],"author":[{"embeddable":true,"href":"https:\/\/www.ifbaiano.edu.br\/unidades\/santaines\/wp-json\/wp\/v2\/users\/86"}],"replies":[{"embeddable":true,"href":"https:\/\/www.ifbaiano.edu.br\/unidades\/santaines\/wp-json\/wp\/v2\/comments?post=18580"}],"version-history":[{"count":3,"href":"https:\/\/www.ifbaiano.edu.br\/unidades\/santaines\/wp-json\/wp\/v2\/posts\/18580\/revisions"}],"predecessor-version":[{"id":18594,"href":"https:\/\/www.ifbaiano.edu.br\/unidades\/santaines\/wp-json\/wp\/v2\/posts\/18580\/revisions\/18594"}],"wp:featuredmedia":[{"embeddable":true,"href":"https:\/\/www.ifbaiano.edu.br\/unidades\/santaines\/wp-json\/wp\/v2\/media\/18591"}],"wp:attachment":[{"href":"https:\/\/www.ifbaiano.edu.br\/unidades\/santaines\/wp-json\/wp\/v2\/media?parent=18580"}],"wp:term":[{"taxonomy":"category","embeddable":true,"href":"https:\/\/www.ifbaiano.edu.br\/unidades\/santaines\/wp-json\/wp\/v2\/categories?post=18580"},{"taxonomy":"post_tag","embeddable":true,"href":"https:\/\/www.ifbaiano.edu.br\/unidades\/santaines\/wp-json\/wp\/v2\/tags?post=18580"}],"curies":[{"name":"wp","href":"https:\/\/api.w.org\/{rel}","templated":true}]}}