{"id":18598,"date":"2023-06-06T06:59:09","date_gmt":"2023-06-06T09:59:09","guid":{"rendered":"https:\/\/www.ifbaiano.edu.br\/unidades\/santaines\/?p=18598"},"modified":"2023-06-06T06:59:10","modified_gmt":"2023-06-06T09:59:10","slug":"enem-2023-ja-esta-com-inscricoes-abertas","status":"publish","type":"post","link":"https:\/\/www.ifbaiano.edu.br\/unidades\/santaines\/enem-2023-ja-esta-com-inscricoes-abertas\/","title":{"rendered":"Enem 2023 j\u00e1 est\u00e1 com inscri\u00e7\u00f5es abertas"},"content":{"rendered":"\n<p>As inscri\u00e7\u00f5es para o Exame Nacional do Ensino M\u00e9dio (Enem) est\u00e3o abertas desde segunda-feira, 05. Os interessados em realizar a prova, que d\u00e1 acesso aos cursos de gradua\u00e7\u00e3o do IF Baiano, t\u00eam at\u00e9 o dia 16 de junho para fazer o cadastro na\u00a0<a href=\"https:\/\/enem.inep.gov.br\/participante\/#!\/\"><strong>P\u00e1gina do Participante<\/strong><\/a>. A taxa de inscri\u00e7\u00e3o \u00e9 R$ 85 e deve ser paga at\u00e9 21 de junho.<\/p>\n\n\n\n<p>O exame ser\u00e1 aplicado nos dias 5 e 12 de novembro. O\u00a0<a href=\"https:\/\/www.in.gov.br\/en\/web\/dou\/-\/edital-n-30-de-5-de-maio-de-2023-481632388\"><strong>edital<\/strong><\/a>\u00a0com o cronograma e as regras para o Enem 2023 foi publicado no in\u00edcio do m\u00eas. O edital detalha o cronograma do certame e os documentos necess\u00e1rios para participa\u00e7\u00e3o.O IF Baiano oferta 22 cursos de gradua\u00e7\u00e3o em 10 campi nas cidades de: \u00a0Bom Jesus da Lapa, Catu, Guanambi, Itapetinga, <strong>Santa In\u00eas<\/strong>, Senhor do Bonfim, Serrinha, Teixeira de Freitas, Uru\u00e7uca e Valen\u00e7a.<\/p>\n\n\n\n<p>Os cursos s\u00e3o em Tecnologia em Agroecologia, Bacharelado em Engenharia Agron\u00f4mica, Bacharelado em Sistemas de Informa\u00e7\u00e3o, <strong>Bacharelado em Zootecnia<\/strong>, Engenharia de Alimentos, Gest\u00e3o da Tecnologia da Informa\u00e7\u00e3o, Licenciatura em Ci\u00eancias Agr\u00e1rias, <strong>Licenciatura em Ci\u00eancias Biol\u00f3gicas<\/strong>, Licenciatura em Ci\u00eancias da Computa\u00e7\u00e3o, <strong>Licenciatura em Geografia<\/strong>, Licenciatura em Qu\u00edmica, Tecnologia em Agroind\u00fastria, Tecnologia em An\u00e1lise e Desenvolvimento de Sistemas, Tecnologia em Gastronomia, Tecnologia em Gest\u00e3o de Cooperativas e Tecnologia em Gest\u00e3o de Turismo.<\/p>\n\n\n\n<hr class=\"wp-block-separator has-alpha-channel-opacity\" \/>\n","protected":false},"excerpt":{"rendered":"<p>As inscri\u00e7\u00f5es para o Exame Nacional do Ensino M\u00e9dio (Enem) est\u00e3o abertas desde segunda-feira, 05. Os interessados em realizar a prova, que d\u00e1 acesso aos cursos de gradua\u00e7\u00e3o do IF Baiano, t\u00eam at\u00e9 o dia 16 de junho para fazer o cadastro na\u00a0P\u00e1gina do Participante. A taxa de inscri\u00e7\u00e3o \u00e9 R$ 85 e deve ser [&hellip;]<\/p>\n","protected":false},"author":86,"featured_media":18599,"comment_status":"closed","ping_status":"closed","sticky":false,"template":"","format":"standard","meta":[],"categories":[4,12,5,8,57],"tags":[],"_links":{"self":[{"href":"https:\/\/www.ifbaiano.edu.br\/unidades\/santaines\/wp-json\/wp\/v2\/posts\/18598"}],"collection":[{"href":"https:\/\/www.ifbaiano.edu.br\/unidades\/santaines\/wp-json\/wp\/v2\/posts"}],"about":[{"href":"https:\/\/www.ifbaiano.edu.br\/unidades\/santaines\/wp-json\/wp\/v2\/types\/post"}],"author":[{"embeddable":true,"href":"https:\/\/www.ifbaiano.edu.br\/unidades\/santaines\/wp-json\/wp\/v2\/users\/86"}],"replies":[{"embeddable":true,"href":"https:\/\/www.ifbaiano.edu.br\/unidades\/santaines\/wp-json\/wp\/v2\/comments?post=18598"}],"version-history":[{"count":1,"href":"https:\/\/www.ifbaiano.edu.br\/unidades\/santaines\/wp-json\/wp\/v2\/posts\/18598\/revisions"}],"predecessor-version":[{"id":18600,"href":"https:\/\/www.ifbaiano.edu.br\/unidades\/santaines\/wp-json\/wp\/v2\/posts\/18598\/revisions\/18600"}],"wp:featuredmedia":[{"embeddable":true,"href":"https:\/\/www.ifbaiano.edu.br\/unidades\/santaines\/wp-json\/wp\/v2\/media\/18599"}],"wp:attachment":[{"href":"https:\/\/www.ifbaiano.edu.br\/unidades\/santaines\/wp-json\/wp\/v2\/media?parent=18598"}],"wp:term":[{"taxonomy":"category","embeddable":true,"href":"https:\/\/www.ifbaiano.edu.br\/unidades\/santaines\/wp-json\/wp\/v2\/categories?post=18598"},{"taxonomy":"post_tag","embeddable":true,"href":"https:\/\/www.ifbaiano.edu.br\/unidades\/santaines\/wp-json\/wp\/v2\/tags?post=18598"}],"curies":[{"name":"wp","href":"https:\/\/api.w.org\/{rel}","templated":true}]}}