{"id":18601,"date":"2023-06-06T13:25:03","date_gmt":"2023-06-06T16:25:03","guid":{"rendered":"https:\/\/www.ifbaiano.edu.br\/unidades\/santaines\/?p=18601"},"modified":"2023-06-06T13:25:04","modified_gmt":"2023-06-06T16:25:04","slug":"campus-santa-ines-participa-de-diferentes-acoes-na-semana-do-meio-ambiente","status":"publish","type":"post","link":"https:\/\/www.ifbaiano.edu.br\/unidades\/santaines\/campus-santa-ines-participa-de-diferentes-acoes-na-semana-do-meio-ambiente\/","title":{"rendered":"Campus Santa In\u00eas participa de diferentes a\u00e7\u00f5es na Semana do Meio Ambiente"},"content":{"rendered":"\n<p>A semana Nacional do Meio Ambiente \u00e9 comemorada na primeira semana do m\u00eas de junho, por compor o Dia Nacional da Educa\u00e7\u00e3o Ambiental (3) e o Dia Mundial da Ecologia, Dia Mundial do Meio Ambiente e Dia Nacional da Reciclagem, todos comemorados no dia 5 de junho. Pensando nisso, o IF Baiano &#8211; <em>Campus<\/em> Santa In\u00eas, vem realizando diversas atividades.<\/p>\n\n\n\n<p>Ontem (5) as a\u00e7\u00f5es foram realizadas em parceria com a Cooperativa de Reciclagem \u2013 Reciclare e a Prefeitura municipal de Cravol\u00e2ndia. Hoje (6) a a\u00e7\u00e3o foi feita em parceria com a Prefeitura municipal de Santa In\u00eas, Rede SOS Jiquiri\u00e7\u00e1 e Embasa, como intuito de conscientiza\u00e7\u00e3o da popula\u00e7\u00e3o sobre a import\u00e2ncia de um meio ambiente sustent\u00e1vel e sobre a import\u00e2ncia de proteger o nosso rio Jiquiri\u00e7\u00e1.<\/p>\n\n\n\n<figure class=\"wp-block-gallery has-nested-images columns-default is-cropped wp-block-gallery-1 is-layout-flex\">\n<figure class=\"wp-block-image size-large\"><a href=\"https:\/\/www.ifbaiano.edu.br\/unidades\/santaines\/files\/2023\/06\/15ae57b3-5d0b-472b-8fb3-1fd41f414150.jpg\"><img decoding=\"async\" loading=\"lazy\" width=\"1600\" height=\"900\" data-id=\"18602\"  src=\"https:\/\/www.ifbaiano.edu.br\/unidades\/santaines\/files\/2023\/06\/15ae57b3-5d0b-472b-8fb3-1fd41f414150.jpg\" alt=\"\" class=\"wp-image-18602\" \/><\/a><figcaption class=\"wp-element-caption\">Embasa, IF Baiano e Secretaria de Agricultura<\/figcaption><\/figure>\n<\/figure>\n\n\n\n<p>O IF Baiano &#8211; <em>Campus <\/em>Santa In\u00eas, montou, na pra\u00e7a da B\u00edblia, em frente \u00e0 rodovi\u00e1ria da cidade de Santa In\u00eas, dois <em>stands<\/em> dos Grupos de Estudos em Manejo e Qualidade do Solo &#8211; &#8220;GEMS&#8221; e &#8220;Reflorestar&#8221;, para visita\u00e7\u00e3o da comunidade . Nos <em>stands<\/em>, estudantes dos cursos T\u00e9cnicos de n\u00edvel m\u00e9dio do IF Baiano &#8211; <em>Campus <\/em>Santa In\u00eas, apresentaram uma din\u00e2mica utilizada para consolidar a comunica\u00e7\u00e3o e o protagonismo, elementos fundamentais no processo de forma\u00e7\u00e3o dos estudantes.<\/p>\n\n\n\n<p>No estande do Reflorestar foram exibidas diversas mudas de esp\u00e9cies nativas que s\u00e3o produzidas pelo grupo, no viveiro, do campus. O grupo tem uma atua\u00e7\u00e3o efetiva dentro e fora do IF Baiano, em prol da preserva\u00e7\u00e3o ambiental e sustentabilidade ecol\u00f3gica. \u201cO intuito do nosso estande \u00e9 mostrar para popula\u00e7\u00e3o a diversidade de nossa flora nativa, incentivar a coleta de sementes, o cultivo e replantio.&#8221; destacou o professor Jovan de Jesus, orientador do grupo.<\/p>\n\n\n\n<p>No <em>stand <\/em>do GEMS os estudantes apresentaram maquetes e experimentos contextualizando a import\u00e2ncia da preserva\u00e7\u00e3o ambiental e principalmente as \u00c1reas de Preserva\u00e7\u00e3o Permanentes \u2013 APPs, que s\u00e3o fundamentais para o equil\u00edbrio e preserva\u00e7\u00e3o ambiental. Os estudantes do GEMS, apresentaram uma maquete que lembra a ressente trag\u00e9dia que acometeu os diversos munic\u00edpios do territ\u00f3rio Vale do Jiquiri\u00e7\u00e1, as enchentes!  O professor Andr\u00e9 Leonardo, orientador do GEMS, ressalta que \u201co intuito dessa a\u00e7\u00e3o \u00e9 informar a popula\u00e7\u00e3o a import\u00e2ncia da cobertura vegetal para promover o equil\u00edbrio ambiental, principalmente, a mata ciliar (florestas, ou outros tipos de cobertura vegetal nativa, que ficam \u00e0s margens de rios, igarap\u00e9s, lagos, olhos d\u00b4\u00e1gua e represas), que se existissem ao longo do rio Jiquiri\u00e7\u00e1 poderia ter evitado muitos preju\u00edzos\u201d. Afirmou. Os estudantes tamb\u00e9m realizaram experimento com o simulador de eros\u00e3o, demonstrando, na pr\u00e1tica, como ocorrem os assoreamentos dos rios e como esse fen\u00f4meno contribui para as enchentes, iguais a realidade vivenciada, em 2021, pela popula\u00e7\u00e3o local.<\/p>\n\n\n\n<figure class=\"wp-block-gallery has-nested-images columns-default is-cropped wp-block-gallery-3 is-layout-flex\">\n<figure class=\"wp-block-image size-large\"><a href=\"https:\/\/www.ifbaiano.edu.br\/unidades\/santaines\/files\/2023\/06\/f4cb002a-e5a3-4a4e-a7eb-91f9c1bd5219.jpg\"><img decoding=\"async\" loading=\"lazy\" width=\"1600\" height=\"900\" data-id=\"18607\"  src=\"https:\/\/www.ifbaiano.edu.br\/unidades\/santaines\/files\/2023\/06\/f4cb002a-e5a3-4a4e-a7eb-91f9c1bd5219.jpg\" alt=\"\" class=\"wp-image-18607\" \/><\/a><\/figure>\n\n\n\n<figure class=\"wp-block-image size-large\"><a href=\"https:\/\/www.ifbaiano.edu.br\/unidades\/santaines\/files\/2023\/06\/99f8c570-dae9-4b22-b34f-bd1b09362d38.jpg\"><img decoding=\"async\" loading=\"lazy\" width=\"1600\" height=\"900\" data-id=\"18606\"  src=\"https:\/\/www.ifbaiano.edu.br\/unidades\/santaines\/files\/2023\/06\/99f8c570-dae9-4b22-b34f-bd1b09362d38.jpg\" alt=\"\" class=\"wp-image-18606\" \/><\/a><\/figure>\n\n\n\n<figure class=\"wp-block-image size-large\"><a href=\"https:\/\/www.ifbaiano.edu.br\/unidades\/santaines\/files\/2023\/06\/66840d98-63b4-4f07-ac3b-922353cff393.jpg\"><img decoding=\"async\" loading=\"lazy\" width=\"1600\" height=\"900\" data-id=\"18605\"  src=\"https:\/\/www.ifbaiano.edu.br\/unidades\/santaines\/files\/2023\/06\/66840d98-63b4-4f07-ac3b-922353cff393.jpg\" alt=\"\" class=\"wp-image-18605\" \/><\/a><\/figure>\n\n\n\n<figure class=\"wp-block-image size-large\"><a href=\"https:\/\/www.ifbaiano.edu.br\/unidades\/santaines\/files\/2023\/06\/e03f3ce8-4977-43dc-abfe-3244df2f60c8.jpg\"><img decoding=\"async\" loading=\"lazy\" width=\"1600\" height=\"900\" data-id=\"18608\"  src=\"https:\/\/www.ifbaiano.edu.br\/unidades\/santaines\/files\/2023\/06\/e03f3ce8-4977-43dc-abfe-3244df2f60c8.jpg\" alt=\"\" class=\"wp-image-18608\" \/><\/a><\/figure>\n<\/figure>\n\n\n\n<p>Por fim, foram plantadas, pelos visitantes e expositores, cerca de 30 mudas, \u00e0s margens do rio Jiquiri\u00e7\u00e1, que passa por dentro da cidade de Santa In\u00eas, essa a\u00e7\u00e3o foi coordenada pela Secretaria de Agricultura e as mudas foram doadas pela Embasa.<\/p>\n\n\n\n<figure class=\"wp-block-gallery has-nested-images columns-default is-cropped wp-block-gallery-5 is-layout-flex\">\n<figure class=\"wp-block-image size-large\"><a href=\"https:\/\/www.ifbaiano.edu.br\/unidades\/santaines\/files\/2023\/06\/35673a9a-f92b-4e67-bb0e-9487876dcc8f.jpg\"><img decoding=\"async\" loading=\"lazy\" width=\"768\" height=\"1024\" data-id=\"18609\"  src=\"https:\/\/www.ifbaiano.edu.br\/unidades\/santaines\/files\/2023\/06\/35673a9a-f92b-4e67-bb0e-9487876dcc8f.jpg\" alt=\"\" class=\"wp-image-18609\" \/><\/a><\/figure>\n\n\n\n<figure class=\"wp-block-image size-large\"><a href=\"https:\/\/www.ifbaiano.edu.br\/unidades\/santaines\/files\/2023\/06\/e25e4879-8426-4448-b24a-e90f982d3e43.jpg\"><img decoding=\"async\" loading=\"lazy\" width=\"768\" height=\"1024\" data-id=\"18610\"  src=\"https:\/\/www.ifbaiano.edu.br\/unidades\/santaines\/files\/2023\/06\/e25e4879-8426-4448-b24a-e90f982d3e43.jpg\" alt=\"\" class=\"wp-image-18610\" \/><\/a><\/figure>\n\n\n\n<figure class=\"wp-block-image size-large\"><a href=\"https:\/\/www.ifbaiano.edu.br\/unidades\/santaines\/files\/2023\/06\/801ad23d-d5f3-46f6-acc6-1dc72877065d.jpg\"><img decoding=\"async\" loading=\"lazy\" width=\"768\" height=\"1024\" data-id=\"18611\"  src=\"https:\/\/www.ifbaiano.edu.br\/unidades\/santaines\/files\/2023\/06\/801ad23d-d5f3-46f6-acc6-1dc72877065d.jpg\" alt=\"\" class=\"wp-image-18611\" \/><\/a><\/figure>\n\n\n\n<figure class=\"wp-block-image size-large\"><a href=\"https:\/\/www.ifbaiano.edu.br\/unidades\/santaines\/files\/2023\/06\/WhatsApp-Image-2023-06-06-at-10.47.24.jpeg\"><img decoding=\"async\" loading=\"lazy\" width=\"947\" height=\"490\" data-id=\"18613\"  src=\"https:\/\/www.ifbaiano.edu.br\/unidades\/santaines\/files\/2023\/06\/WhatsApp-Image-2023-06-06-at-10.47.24.jpeg\" alt=\"\" class=\"wp-image-18613\" \/><\/a><\/figure>\n<\/figure>\n\n\n\n<hr class=\"wp-block-separator has-alpha-channel-opacity\" \/>\n\n\n\n<p><a href=\"https:\/\/www.ifbaiano.edu.br\/unidades\/santaines\/campus-santa-ines-participa-de-evento-em-comemoracao-ao-dia-mundial-do-meio-ambiente\/\">Confira mais not\u00edcias dessas a\u00e7\u00f5es<\/a><\/p>\n","protected":false},"excerpt":{"rendered":"<p>A semana Nacional do Meio Ambiente \u00e9 comemorada na primeira semana do m\u00eas de junho, por compor o Dia Nacional da Educa\u00e7\u00e3o Ambiental (3) e o Dia Mundial da Ecologia, Dia Mundial do Meio Ambiente e Dia Nacional da Reciclagem, todos comemorados no dia 5 de junho. Pensando nisso, o IF Baiano &#8211; Campus Santa [&hellip;]<\/p>\n","protected":false},"author":86,"featured_media":18615,"comment_status":"closed","ping_status":"closed","sticky":false,"template":"","format":"standard","meta":[],"categories":[4,37,57],"tags":[],"_links":{"self":[{"href":"https:\/\/www.ifbaiano.edu.br\/unidades\/santaines\/wp-json\/wp\/v2\/posts\/18601"}],"collection":[{"href":"https:\/\/www.ifbaiano.edu.br\/unidades\/santaines\/wp-json\/wp\/v2\/posts"}],"about":[{"href":"https:\/\/www.ifbaiano.edu.br\/unidades\/santaines\/wp-json\/wp\/v2\/types\/post"}],"author":[{"embeddable":true,"href":"https:\/\/www.ifbaiano.edu.br\/unidades\/santaines\/wp-json\/wp\/v2\/users\/86"}],"replies":[{"embeddable":true,"href":"https:\/\/www.ifbaiano.edu.br\/unidades\/santaines\/wp-json\/wp\/v2\/comments?post=18601"}],"version-history":[{"count":2,"href":"https:\/\/www.ifbaiano.edu.br\/unidades\/santaines\/wp-json\/wp\/v2\/posts\/18601\/revisions"}],"predecessor-version":[{"id":18616,"href":"https:\/\/www.ifbaiano.edu.br\/unidades\/santaines\/wp-json\/wp\/v2\/posts\/18601\/revisions\/18616"}],"wp:featuredmedia":[{"embeddable":true,"href":"https:\/\/www.ifbaiano.edu.br\/unidades\/santaines\/wp-json\/wp\/v2\/media\/18615"}],"wp:attachment":[{"href":"https:\/\/www.ifbaiano.edu.br\/unidades\/santaines\/wp-json\/wp\/v2\/media?parent=18601"}],"wp:term":[{"taxonomy":"category","embeddable":true,"href":"https:\/\/www.ifbaiano.edu.br\/unidades\/santaines\/wp-json\/wp\/v2\/categories?post=18601"},{"taxonomy":"post_tag","embeddable":true,"href":"https:\/\/www.ifbaiano.edu.br\/unidades\/santaines\/wp-json\/wp\/v2\/tags?post=18601"}],"curies":[{"name":"wp","href":"https:\/\/api.w.org\/{rel}","templated":true}]}}