{"id":18618,"date":"2023-06-08T11:37:57","date_gmt":"2023-06-08T14:37:57","guid":{"rendered":"https:\/\/www.ifbaiano.edu.br\/unidades\/santaines\/?p=18618"},"modified":"2023-06-08T11:37:58","modified_gmt":"2023-06-08T14:37:58","slug":"aula-da-saudade-relembra-momentos-marcantes-de-estudantes-dos-cursos-tecnicos-de-nivel-medio-no-campus-santa-ines","status":"publish","type":"post","link":"https:\/\/www.ifbaiano.edu.br\/unidades\/santaines\/aula-da-saudade-relembra-momentos-marcantes-de-estudantes-dos-cursos-tecnicos-de-nivel-medio-no-campus-santa-ines\/","title":{"rendered":"Aula da Saudade relembra momentos marcantes de estudantes dos cursos t\u00e9cnicos de n\u00edvel m\u00e9dio, no Campus Santa In\u00eas"},"content":{"rendered":"\n<figure class=\"wp-block-image size-full\"><a href=\"https:\/\/www.ifbaiano.edu.br\/unidades\/santaines\/files\/2023\/06\/33.jpg\"><img decoding=\"async\" loading=\"lazy\" width=\"6000\" height=\"4000\" src=\"https:\/\/www.ifbaiano.edu.br\/unidades\/santaines\/files\/2023\/06\/33.jpg\" alt=\"\" class=\"wp-image-18651\" \/><\/a><\/figure>\n\n\n\n<p>Na noite da \u00faltima ter\u00e7a-feira (6), em celebra\u00e7\u00e3o \u00e0 conclus\u00e3o dos Cursos T\u00e9cnicos integrados em Agropecu\u00e1ria, Alimentos e Zootecnia, do IF Baiano \u2013 <em>Campus <\/em>Santa In\u00eas, estudantes ingressantes em 2020, reuniram-se na quadra poliesportiva da institui\u00e7\u00e3o para realizar a \u201cAULA DA SAUDADE\u201d. O evento \u00e9 um marco de transi\u00e7\u00e3o para os estudantes, pois \u00e9 o \u00faltimo momento de despedidas.<\/p>\n\n\n\n<p>Estiveram presentes o diretor acad\u00eamico do Campus Santa In\u00eas, professor Guilherme Nascimento, tamb\u00e9m representando a diretora Geral, professora Genilda Lima; a coordenadora geral de ensino, professora Tharcilla Pessoa; as coordenadoras dos cursos T\u00e9cnico em Agropecu\u00e1ria e T\u00e9cnico em Alimentos, professora Lucidalva Menezes e professora Marilete Previero, respectivamente; o coordenador de Assuntos Estudantis, \u00c2ngelo Francisco; bem como, servidores, colaboradores e estudantes.<\/p>\n\n\n\n<p>A professora Patr\u00edcia Neves foi a mestra de cerim\u00f4nia, conduzindo todo evento. Ao fazer a abertura deu as boas-vindas e agradeceu a participa\u00e7\u00e3o de todos. Em sequ\u00eancia, convidou o Diretor acad\u00eamico a fazer o uso da palavra, em seguida, as coordenadoras dos cursos que se encontravam presentes. As falas desses participantes foram no sentido de felicita\u00e7\u00f5es aos estudantes, de agradecimentos pela partilha e desejo de sucesso nas novas etapas das suas vidas.<\/p>\n\n\n\n<figure class=\"wp-block-gallery has-nested-images columns-default is-cropped wp-block-gallery-1 is-layout-flex\">\n<figure class=\"wp-block-image size-large\"><a href=\"https:\/\/www.ifbaiano.edu.br\/unidades\/santaines\/files\/2023\/06\/5.jpg\"><img decoding=\"async\" loading=\"lazy\" width=\"6000\" height=\"4000\" data-id=\"18623\"  src=\"https:\/\/www.ifbaiano.edu.br\/unidades\/santaines\/files\/2023\/06\/5.jpg\" alt=\"\" class=\"wp-image-18623\" \/><\/a><\/figure>\n\n\n\n<figure class=\"wp-block-image size-large\"><a href=\"https:\/\/www.ifbaiano.edu.br\/unidades\/santaines\/files\/2023\/06\/16.jpg\"><img decoding=\"async\" loading=\"lazy\" width=\"6000\" height=\"4000\" data-id=\"18634\"  src=\"https:\/\/www.ifbaiano.edu.br\/unidades\/santaines\/files\/2023\/06\/16.jpg\" alt=\"\" class=\"wp-image-18634\" \/><\/a><\/figure>\n\n\n\n<figure class=\"wp-block-image size-large\"><a href=\"https:\/\/www.ifbaiano.edu.br\/unidades\/santaines\/files\/2023\/06\/9.jpg\"><img decoding=\"async\" loading=\"lazy\" width=\"6000\" height=\"4000\" data-id=\"18627\"  src=\"https:\/\/www.ifbaiano.edu.br\/unidades\/santaines\/files\/2023\/06\/9.jpg\" alt=\"\" class=\"wp-image-18627\" \/><\/a><\/figure>\n<\/figure>\n\n\n\n<p>O evento contou com a participa\u00e7\u00e3o de um p\u00fablico estimado em 220 pessoas, entre estudantes e servidores. Aproximadamente 180 estudantes est\u00e3o concluindo os cursos t\u00e9cnico de n\u00edvel m\u00e9dio, no campus. Foram 06 turmas, cada turma teve seu orador que que fez o uso da palavra, em nome da turma, entregou certificados aos homenageados: professor amigo da turma, professor sistem\u00e1tico, professor fofoqueiro, professor resenhista, funcion\u00e1rio amigo da turma (terceirizado), funcion\u00e1rio amigo da turma (Administra\u00e7\u00e3o) e colega amigo da turma. <\/p>\n\n\n\n<p>Ao final das homenagens, cada turma exibiu um v\u00eddeo com imagens e fotos que relembraram os momentos vividos durante os anos de conviv\u00eancia no campus. \u201cUma noite para relembrar, reviver e guardar para sempre no cora\u00e7\u00e3o os momentos marcantes dos anos de conviv\u00eancia na Institui\u00e7\u00e3o\u201d, conclui a professora Patr\u00edcia Neves.<\/p>\n\n\n\n<figure class=\"wp-block-gallery has-nested-images columns-default is-cropped wp-block-gallery-3 is-layout-flex\">\n<figure class=\"wp-block-image size-large\"><a href=\"https:\/\/www.ifbaiano.edu.br\/unidades\/santaines\/files\/2023\/06\/30.jpg\"><img decoding=\"async\" loading=\"lazy\" width=\"6000\" height=\"4000\" data-id=\"18648\"  src=\"https:\/\/www.ifbaiano.edu.br\/unidades\/santaines\/files\/2023\/06\/30.jpg\" alt=\"\" class=\"wp-image-18648\" \/><\/a><\/figure>\n\n\n\n<figure class=\"wp-block-image size-large\"><a href=\"https:\/\/www.ifbaiano.edu.br\/unidades\/santaines\/files\/2023\/06\/28.jpg\"><img decoding=\"async\" loading=\"lazy\" width=\"6000\" height=\"4000\" data-id=\"18646\"  src=\"https:\/\/www.ifbaiano.edu.br\/unidades\/santaines\/files\/2023\/06\/28.jpg\" alt=\"\" class=\"wp-image-18646\" \/><\/a><\/figure>\n\n\n\n<figure class=\"wp-block-image size-large\"><a href=\"https:\/\/www.ifbaiano.edu.br\/unidades\/santaines\/files\/2023\/06\/21.jpg\"><img decoding=\"async\" loading=\"lazy\" width=\"6000\" height=\"4000\" data-id=\"18639\"  src=\"https:\/\/www.ifbaiano.edu.br\/unidades\/santaines\/files\/2023\/06\/21.jpg\" alt=\"\" class=\"wp-image-18639\" \/><\/a><\/figure>\n\n\n\n<figure class=\"wp-block-image size-large\"><a href=\"https:\/\/www.ifbaiano.edu.br\/unidades\/santaines\/files\/2023\/06\/20.jpg\"><img decoding=\"async\" loading=\"lazy\" width=\"6000\" height=\"4000\" data-id=\"18638\"  src=\"https:\/\/www.ifbaiano.edu.br\/unidades\/santaines\/files\/2023\/06\/20.jpg\" alt=\"\" class=\"wp-image-18638\" \/><\/a><\/figure>\n\n\n\n<figure class=\"wp-block-image size-large\"><a href=\"https:\/\/www.ifbaiano.edu.br\/unidades\/santaines\/files\/2023\/06\/IMG_2482.jpg\"><img decoding=\"async\" loading=\"lazy\" width=\"6000\" height=\"4000\" data-id=\"18649\"  src=\"https:\/\/www.ifbaiano.edu.br\/unidades\/santaines\/files\/2023\/06\/IMG_2482.jpg\" alt=\"\" class=\"wp-image-18649\" \/><\/a><\/figure>\n\n\n\n<figure class=\"wp-block-image size-large\"><a href=\"https:\/\/www.ifbaiano.edu.br\/unidades\/santaines\/files\/2023\/06\/25.jpg\"><img decoding=\"async\" loading=\"lazy\" width=\"6000\" height=\"4000\" data-id=\"18643\"  src=\"https:\/\/www.ifbaiano.edu.br\/unidades\/santaines\/files\/2023\/06\/25.jpg\" alt=\"\" class=\"wp-image-18643\" \/><\/a><\/figure>\n\n\n\n<figure class=\"wp-block-image size-large\"><a href=\"https:\/\/www.ifbaiano.edu.br\/unidades\/santaines\/files\/2023\/06\/26.jpg\"><img decoding=\"async\" loading=\"lazy\" width=\"6000\" height=\"4000\" data-id=\"18644\"  src=\"https:\/\/www.ifbaiano.edu.br\/unidades\/santaines\/files\/2023\/06\/26.jpg\" alt=\"\" class=\"wp-image-18644\" \/><\/a><\/figure>\n\n\n\n<figure class=\"wp-block-image size-large\"><a href=\"https:\/\/www.ifbaiano.edu.br\/unidades\/santaines\/files\/2023\/06\/27.jpg\"><img decoding=\"async\" loading=\"lazy\" width=\"6000\" height=\"4000\" data-id=\"18645\"  src=\"https:\/\/www.ifbaiano.edu.br\/unidades\/santaines\/files\/2023\/06\/27.jpg\" alt=\"\" class=\"wp-image-18645\" \/><\/a><\/figure>\n\n\n\n<figure class=\"wp-block-image size-large\"><a href=\"https:\/\/www.ifbaiano.edu.br\/unidades\/santaines\/files\/2023\/06\/23.jpg\"><img decoding=\"async\" loading=\"lazy\" width=\"6000\" height=\"4000\" data-id=\"18641\"  src=\"https:\/\/www.ifbaiano.edu.br\/unidades\/santaines\/files\/2023\/06\/23.jpg\" alt=\"\" class=\"wp-image-18641\" \/><\/a><\/figure>\n\n\n\n<figure class=\"wp-block-image size-large\"><a href=\"https:\/\/www.ifbaiano.edu.br\/unidades\/santaines\/files\/2023\/06\/18.jpg\"><img decoding=\"async\" loading=\"lazy\" width=\"6000\" height=\"4000\" data-id=\"18636\"  src=\"https:\/\/www.ifbaiano.edu.br\/unidades\/santaines\/files\/2023\/06\/18.jpg\" alt=\"\" class=\"wp-image-18636\" \/><\/a><\/figure>\n\n\n\n<figure class=\"wp-block-image size-large\"><a href=\"https:\/\/www.ifbaiano.edu.br\/unidades\/santaines\/files\/2023\/06\/17.jpg\"><img decoding=\"async\" loading=\"lazy\" width=\"6000\" height=\"4000\" data-id=\"18635\"  src=\"https:\/\/www.ifbaiano.edu.br\/unidades\/santaines\/files\/2023\/06\/17.jpg\" alt=\"\" class=\"wp-image-18635\" \/><\/a><\/figure>\n\n\n\n<figure class=\"wp-block-image size-large\"><a href=\"https:\/\/www.ifbaiano.edu.br\/unidades\/santaines\/files\/2023\/06\/15.jpg\"><img decoding=\"async\" loading=\"lazy\" width=\"6000\" height=\"4000\" data-id=\"18633\"  src=\"https:\/\/www.ifbaiano.edu.br\/unidades\/santaines\/files\/2023\/06\/15.jpg\" alt=\"\" class=\"wp-image-18633\" \/><\/a><\/figure>\n\n\n\n<figure class=\"wp-block-image size-large\"><a href=\"https:\/\/www.ifbaiano.edu.br\/unidades\/santaines\/files\/2023\/06\/14.jpg\"><img decoding=\"async\" loading=\"lazy\" width=\"6000\" height=\"4000\" data-id=\"18632\"  src=\"https:\/\/www.ifbaiano.edu.br\/unidades\/santaines\/files\/2023\/06\/14.jpg\" alt=\"\" class=\"wp-image-18632\" \/><\/a><\/figure>\n\n\n\n<figure class=\"wp-block-image size-large\"><a href=\"https:\/\/www.ifbaiano.edu.br\/unidades\/santaines\/files\/2023\/06\/13.jpg\"><img decoding=\"async\" loading=\"lazy\" width=\"6000\" height=\"4000\" data-id=\"18631\"  src=\"https:\/\/www.ifbaiano.edu.br\/unidades\/santaines\/files\/2023\/06\/13.jpg\" alt=\"\" class=\"wp-image-18631\" \/><\/a><\/figure>\n\n\n\n<figure class=\"wp-block-image size-large\"><a href=\"https:\/\/www.ifbaiano.edu.br\/unidades\/santaines\/files\/2023\/06\/IMG_2469.jpg\"><img decoding=\"async\" loading=\"lazy\" width=\"6000\" height=\"4000\" data-id=\"18655\"  src=\"https:\/\/www.ifbaiano.edu.br\/unidades\/santaines\/files\/2023\/06\/IMG_2469.jpg\" alt=\"\" class=\"wp-image-18655\" \/><\/a><\/figure>\n<\/figure>\n\n\n\n<p>\u00c9 importante ressaltar que essas turmas iniciaram os respectivos cursos, ainda durante a pandemia de COVID-19, sendo todo o primeiro ano cursado de forma remota, o segundo ano com per\u00edodos remoto e h\u00edbrido e apenas no terceiro ano, \u00faltimo ano de curso, com aulas totalmente presenciais. \u201cOs la\u00e7os constru\u00eddos \u00e0 dist\u00e2ncia entre os estudantes e com o IF Baiano &#8211; <em>Campus<\/em> Santa In\u00eas, se fortaleceram durante o ano presencial e n\u00e3o ser\u00e3o desfeitos com a conclus\u00e3o dos cursos\u201d, afirmou o professor Andr\u00e9 Leonardo que j\u00e1 presenciou muitas AULAS DA SAUDADE e que mant\u00e9m contato com estudantes egressos.<\/p>\n\n\n\n<p>Todas as falas dos representantes de turmas foram voltadas \u00e0s expectativas dos mesmos em rela\u00e7\u00e3o ao in\u00edcio das aulas presenciais, os medos, as incertezas e os grandes desafios enfrentados no in\u00edcio do curso. Mas, tamb\u00e9m, falaram sobre gratid\u00e3o, principalmente aos professores e ratificaram a import\u00e2ncia destes em sua forma\u00e7\u00e3o como profissional e como pessoa, conhecimentos adquiridos durante a trajet\u00f3ria na institui\u00e7\u00e3o, crescimento pessoal e amizades conquistadas.<\/p>\n\n\n\n<p>Antes de encerrar a cerim\u00f4nia, foi exibido um v\u00eddeo com v\u00e1rios professores se dirigindo aos estudantes com falas de sauda\u00e7\u00f5es, agradecimentos, felicita\u00e7\u00f5es, parabenizando por conclu\u00edrem uma etapa importante de suas vidas e estimando sucesso e outro com as palavras de agradecimento e felicita\u00e7\u00f5es dos motoristas que conduzem os estudantes de seus munic\u00edpios ao <em>campus <\/em>e que criam la\u00e7os com os estudantes ao realizarem o transporte durante o ano letivo.<\/p>\n\n\n\n<figure class=\"wp-block-gallery has-nested-images columns-default is-cropped wp-block-gallery-5 is-layout-flex\">\n<figure class=\"wp-block-image size-full\"><a href=\"https:\/\/www.ifbaiano.edu.br\/unidades\/santaines\/files\/2023\/06\/33.jpg\"><img decoding=\"async\" loading=\"lazy\" width=\"6000\" height=\"4000\" data-id=\"18651\"  src=\"https:\/\/www.ifbaiano.edu.br\/unidades\/santaines\/files\/2023\/06\/33.jpg\" alt=\"\" class=\"wp-image-18651\" \/><\/a><\/figure>\n\n\n\n<figure class=\"wp-block-image size-full\"><a href=\"https:\/\/www.ifbaiano.edu.br\/unidades\/santaines\/files\/2023\/06\/31.jpg\"><img decoding=\"async\" loading=\"lazy\" width=\"6000\" height=\"4000\" data-id=\"18650\"  src=\"https:\/\/www.ifbaiano.edu.br\/unidades\/santaines\/files\/2023\/06\/31.jpg\" alt=\"\" class=\"wp-image-18650\" \/><\/a><\/figure>\n\n\n\n<figure class=\"wp-block-image size-full\"><a href=\"https:\/\/www.ifbaiano.edu.br\/unidades\/santaines\/files\/2023\/06\/11.jpg\"><img decoding=\"async\" loading=\"lazy\" width=\"6000\" height=\"4000\" data-id=\"18629\"  src=\"https:\/\/www.ifbaiano.edu.br\/unidades\/santaines\/files\/2023\/06\/11.jpg\" alt=\"\" class=\"wp-image-18629\" \/><\/a><\/figure>\n\n\n\n<figure class=\"wp-block-image size-full\"><a href=\"https:\/\/www.ifbaiano.edu.br\/unidades\/santaines\/files\/2023\/06\/3.jpg\"><img decoding=\"async\" loading=\"lazy\" width=\"6000\" height=\"4000\" data-id=\"18621\"  src=\"https:\/\/www.ifbaiano.edu.br\/unidades\/santaines\/files\/2023\/06\/3.jpg\" alt=\"\" class=\"wp-image-18621\" \/><\/a><\/figure>\n\n\n\n<figure class=\"wp-block-image size-full\"><a href=\"https:\/\/www.ifbaiano.edu.br\/unidades\/santaines\/files\/2023\/06\/4.jpg\"><img decoding=\"async\" loading=\"lazy\" width=\"6000\" height=\"4000\" data-id=\"18622\"  src=\"https:\/\/www.ifbaiano.edu.br\/unidades\/santaines\/files\/2023\/06\/4.jpg\" alt=\"\" class=\"wp-image-18622\" \/><\/a><\/figure>\n\n\n\n<figure class=\"wp-block-image size-full\"><a href=\"https:\/\/www.ifbaiano.edu.br\/unidades\/santaines\/files\/2023\/06\/6-1.jpg\"><img decoding=\"async\" loading=\"lazy\" width=\"6000\" height=\"4000\" data-id=\"18624\"  src=\"https:\/\/www.ifbaiano.edu.br\/unidades\/santaines\/files\/2023\/06\/6-1.jpg\" alt=\"\" class=\"wp-image-18624\" \/><\/a><\/figure>\n\n\n\n<figure class=\"wp-block-image size-full\"><a href=\"https:\/\/www.ifbaiano.edu.br\/unidades\/santaines\/files\/2023\/06\/7-1.jpg\"><img decoding=\"async\" loading=\"lazy\" width=\"6000\" height=\"4000\" data-id=\"18625\"  src=\"https:\/\/www.ifbaiano.edu.br\/unidades\/santaines\/files\/2023\/06\/7-1.jpg\" alt=\"\" class=\"wp-image-18625\" \/><\/a><\/figure>\n\n\n\n<figure class=\"wp-block-image size-full\"><a href=\"https:\/\/www.ifbaiano.edu.br\/unidades\/santaines\/files\/2023\/06\/8-1.jpg\"><img decoding=\"async\" loading=\"lazy\" width=\"6000\" height=\"4000\" data-id=\"18626\"  src=\"https:\/\/www.ifbaiano.edu.br\/unidades\/santaines\/files\/2023\/06\/8-1.jpg\" alt=\"\" class=\"wp-image-18626\" \/><\/a><\/figure>\n\n\n\n<figure class=\"wp-block-image size-full\"><a href=\"https:\/\/www.ifbaiano.edu.br\/unidades\/santaines\/files\/2023\/06\/IMG_2678.jpg\"><img decoding=\"async\" loading=\"lazy\" width=\"6000\" height=\"4000\" data-id=\"18652\"  src=\"https:\/\/www.ifbaiano.edu.br\/unidades\/santaines\/files\/2023\/06\/IMG_2678.jpg\" alt=\"\" class=\"wp-image-18652\" \/><\/a><\/figure>\n<\/figure>\n\n\n\n<hr class=\"wp-block-separator has-alpha-channel-opacity\" \/>\n\n\n\n<p><\/p>\n","protected":false},"excerpt":{"rendered":"<p>Na noite da \u00faltima ter\u00e7a-feira (6), em celebra\u00e7\u00e3o \u00e0 conclus\u00e3o dos Cursos T\u00e9cnicos integrados em Agropecu\u00e1ria, Alimentos e Zootecnia, do IF Baiano \u2013 Campus Santa In\u00eas, estudantes ingressantes em 2020, reuniram-se na quadra poliesportiva da institui\u00e7\u00e3o para realizar a \u201cAULA DA SAUDADE\u201d. O evento \u00e9 um marco de transi\u00e7\u00e3o para os estudantes, pois \u00e9 o [&hellip;]<\/p>\n","protected":false},"author":86,"featured_media":18654,"comment_status":"closed","ping_status":"closed","sticky":false,"template":"","format":"standard","meta":[],"categories":[4,5,57],"tags":[],"_links":{"self":[{"href":"https:\/\/www.ifbaiano.edu.br\/unidades\/santaines\/wp-json\/wp\/v2\/posts\/18618"}],"collection":[{"href":"https:\/\/www.ifbaiano.edu.br\/unidades\/santaines\/wp-json\/wp\/v2\/posts"}],"about":[{"href":"https:\/\/www.ifbaiano.edu.br\/unidades\/santaines\/wp-json\/wp\/v2\/types\/post"}],"author":[{"embeddable":true,"href":"https:\/\/www.ifbaiano.edu.br\/unidades\/santaines\/wp-json\/wp\/v2\/users\/86"}],"replies":[{"embeddable":true,"href":"https:\/\/www.ifbaiano.edu.br\/unidades\/santaines\/wp-json\/wp\/v2\/comments?post=18618"}],"version-history":[{"count":2,"href":"https:\/\/www.ifbaiano.edu.br\/unidades\/santaines\/wp-json\/wp\/v2\/posts\/18618\/revisions"}],"predecessor-version":[{"id":18658,"href":"https:\/\/www.ifbaiano.edu.br\/unidades\/santaines\/wp-json\/wp\/v2\/posts\/18618\/revisions\/18658"}],"wp:featuredmedia":[{"embeddable":true,"href":"https:\/\/www.ifbaiano.edu.br\/unidades\/santaines\/wp-json\/wp\/v2\/media\/18654"}],"wp:attachment":[{"href":"https:\/\/www.ifbaiano.edu.br\/unidades\/santaines\/wp-json\/wp\/v2\/media?parent=18618"}],"wp:term":[{"taxonomy":"category","embeddable":true,"href":"https:\/\/www.ifbaiano.edu.br\/unidades\/santaines\/wp-json\/wp\/v2\/categories?post=18618"},{"taxonomy":"post_tag","embeddable":true,"href":"https:\/\/www.ifbaiano.edu.br\/unidades\/santaines\/wp-json\/wp\/v2\/tags?post=18618"}],"curies":[{"name":"wp","href":"https:\/\/api.w.org\/{rel}","templated":true}]}}