{"id":18659,"date":"2023-06-08T17:16:39","date_gmt":"2023-06-08T20:16:39","guid":{"rendered":"https:\/\/www.ifbaiano.edu.br\/unidades\/santaines\/?p=18659"},"modified":"2023-06-08T20:02:23","modified_gmt":"2023-06-08T23:02:23","slug":"iforro-2023-agitou-a-noite-da-comunidade-do-if-baiano-campus-santa-ines","status":"publish","type":"post","link":"https:\/\/www.ifbaiano.edu.br\/unidades\/santaines\/iforro-2023-agitou-a-noite-da-comunidade-do-if-baiano-campus-santa-ines\/","title":{"rendered":"IForr\u00f3 2023 agitou a noite da comunidade do IF Baiano \u2013 Campus Santa In\u00eas"},"content":{"rendered":"\n<figure class=\"wp-block-image size-full\"><a href=\"https:\/\/www.ifbaiano.edu.br\/unidades\/santaines\/files\/2023\/06\/83d5b5cc-e782-4fa3-9f80-9f1bd34185.jpg\"><img decoding=\"async\" loading=\"lazy\" width=\"1593\" height=\"686\" src=\"https:\/\/www.ifbaiano.edu.br\/unidades\/santaines\/files\/2023\/06\/83d5b5cc-e782-4fa3-9f80-9f1bd34185.jpg\" alt=\"\" class=\"wp-image-18691\" \/><\/a><\/figure>\n\n\n\n<p>Na noite de ontem (8), em ritmo junino, servidores t\u00e9cnico-administrativos e docentes, discentes de todos os cursos <em>Campus<\/em>, funcion\u00e1rios terceirizados e colaboradores confraternizaram-se, com muita anima\u00e7\u00e3o, em uma festa promovida pelo IF Baiano &#8211;<em>Campus <\/em>Santa In\u00eas.<\/p>\n\n\n\n<p>A tradicional trilha sonora junina deu ritmo ao IForr\u00f3 2023 e animou as brincadeiras, apresenta\u00e7\u00f5es art\u00edsticas dos estudantes (Os Panthers e as Fadas Baianas), al\u00e9m de quadrilha maluca. Em v\u00e9spera de feriado e finaliza\u00e7\u00e3o de semestre letivo, o IForr\u00f3 2023 proporcionou um momento de lazer, comemora\u00e7\u00e3o, despedida, integra\u00e7\u00e3o e muita divers\u00e3o que durou seis horas. A festa teve in\u00edcio \u00e0s 17h e se estendeu at\u00e9 as 23h, na quadra poliesportiva do <em>campus<\/em>.<\/p>\n\n\n\n<figure class=\"wp-block-gallery has-nested-images columns-default is-cropped wp-block-gallery-1 is-layout-flex\">\n<figure class=\"wp-block-image size-full\"><a href=\"https:\/\/www.ifbaiano.edu.br\/unidades\/santaines\/files\/2023\/06\/048468c3-801c-42b3-8722-3899a192587a.jpg\"><img decoding=\"async\" loading=\"lazy\" width=\"576\" height=\"1024\" data-id=\"18687\"  src=\"https:\/\/www.ifbaiano.edu.br\/unidades\/santaines\/files\/2023\/06\/048468c3-801c-42b3-8722-3899a192587a.jpg\" alt=\"\" class=\"wp-image-18687\" \/><\/a><\/figure>\n\n\n\n<figure class=\"wp-block-image size-large\"><a href=\"https:\/\/www.ifbaiano.edu.br\/unidades\/santaines\/files\/2023\/06\/32ff191b-b8ec-467c-9612-c597d7804989-1.jpg\"><img decoding=\"async\" loading=\"lazy\" width=\"1200\" height=\"1600\" data-id=\"18665\"  src=\"https:\/\/www.ifbaiano.edu.br\/unidades\/santaines\/files\/2023\/06\/32ff191b-b8ec-467c-9612-c597d7804989-1.jpg\" alt=\"\" class=\"wp-image-18665\" \/><\/a><\/figure>\n\n\n\n<figure class=\"wp-block-image size-large\"><a href=\"https:\/\/www.ifbaiano.edu.br\/unidades\/santaines\/files\/2023\/06\/71e940b4-e6e0-492f-bcbd-4dcd219fd68a.jpg\"><img decoding=\"async\" loading=\"lazy\" width=\"1200\" height=\"1600\" data-id=\"18667\"  src=\"https:\/\/www.ifbaiano.edu.br\/unidades\/santaines\/files\/2023\/06\/71e940b4-e6e0-492f-bcbd-4dcd219fd68a.jpg\" alt=\"\" class=\"wp-image-18667\" \/><\/a><\/figure>\n<\/figure>\n\n\n\n<p>Como atra\u00e7\u00f5es musicais a comunidade assistiu os cantores e bandas locais: Os Gonzagas, Jorge Caf\u00e9, Malaz do forr\u00f3, Ubaldino e Valdino e banda. O p\u00fablico que se fez presente teve tamb\u00e9m, \u00e0 disposi\u00e7\u00e3o, variadas comidas t\u00edpicas regionais da festividade junina: laranja, pa\u00e7oca, p\u00e9 de moleque, milho cozido, mingau de milho, mungunz\u00e1, bolo de milho, bolo de aipim, bolo de carim\u00e3, espetinho, al\u00e9m de sucos e refrigerantes.<\/p>\n\n\n\n<figure class=\"wp-block-gallery has-nested-images columns-default is-cropped wp-block-gallery-3 is-layout-flex\">\n<figure class=\"wp-block-image size-large\"><a href=\"https:\/\/www.ifbaiano.edu.br\/unidades\/santaines\/files\/2023\/06\/603df230-1d5b-4177-9744-2eaec4b07163.jpg\"><img decoding=\"async\" loading=\"lazy\" width=\"1599\" height=\"899\" data-id=\"18688\"  src=\"https:\/\/www.ifbaiano.edu.br\/unidades\/santaines\/files\/2023\/06\/603df230-1d5b-4177-9744-2eaec4b07163.jpg\" alt=\"\" class=\"wp-image-18688\" \/><\/a><\/figure>\n\n\n\n<figure class=\"wp-block-image size-large\"><a href=\"https:\/\/www.ifbaiano.edu.br\/unidades\/santaines\/files\/2023\/06\/8db47390-4b43-4d5d-95aa-949159682aeb.jpg\"><img decoding=\"async\" loading=\"lazy\" width=\"1200\" height=\"1600\" data-id=\"18686\"  src=\"https:\/\/www.ifbaiano.edu.br\/unidades\/santaines\/files\/2023\/06\/8db47390-4b43-4d5d-95aa-949159682aeb.jpg\" alt=\"\" class=\"wp-image-18686\" \/><\/a><\/figure>\n\n\n\n<figure class=\"wp-block-image size-large\"><a href=\"https:\/\/www.ifbaiano.edu.br\/unidades\/santaines\/files\/2023\/06\/49ca4700-246c-4479-b25a-9b56f84030bf.jpg\"><img decoding=\"async\" loading=\"lazy\" width=\"1280\" height=\"685\" data-id=\"18685\"  src=\"https:\/\/www.ifbaiano.edu.br\/unidades\/santaines\/files\/2023\/06\/49ca4700-246c-4479-b25a-9b56f84030bf.jpg\" alt=\"\" class=\"wp-image-18685\" \/><\/a><\/figure>\n\n\n\n<figure class=\"wp-block-image size-large\"><a href=\"https:\/\/www.ifbaiano.edu.br\/unidades\/santaines\/files\/2023\/06\/afcf69cf-759a-4ea5-94c1-0c5c1b673012.jpg\"><img decoding=\"async\" loading=\"lazy\" width=\"1600\" height=\"901\" data-id=\"18690\"  src=\"https:\/\/www.ifbaiano.edu.br\/unidades\/santaines\/files\/2023\/06\/afcf69cf-759a-4ea5-94c1-0c5c1b673012.jpg\" alt=\"\" class=\"wp-image-18690\" \/><\/a><\/figure>\n\n\n\n<figure class=\"wp-block-image size-large\"><a href=\"https:\/\/www.ifbaiano.edu.br\/unidades\/santaines\/files\/2023\/06\/1f47246f-2a6a-4067-b125-796e53966bb2.jpg\"><img decoding=\"async\" loading=\"lazy\" width=\"1039\" height=\"707\" data-id=\"18684\"  src=\"https:\/\/www.ifbaiano.edu.br\/unidades\/santaines\/files\/2023\/06\/1f47246f-2a6a-4067-b125-796e53966bb2.jpg\" alt=\"\" class=\"wp-image-18684\" \/><\/a><\/figure>\n\n\n\n<figure class=\"wp-block-image size-large\"><a href=\"https:\/\/www.ifbaiano.edu.br\/unidades\/santaines\/files\/2023\/06\/66343f90-f049-4107-b759-007d02c1e611.jpg\"><img decoding=\"async\" loading=\"lazy\" width=\"1600\" height=\"901\" data-id=\"18683\"  src=\"https:\/\/www.ifbaiano.edu.br\/unidades\/santaines\/files\/2023\/06\/66343f90-f049-4107-b759-007d02c1e611.jpg\" alt=\"\" class=\"wp-image-18683\" \/><\/a><\/figure>\n\n\n\n<figure class=\"wp-block-image size-large\"><a href=\"https:\/\/www.ifbaiano.edu.br\/unidades\/santaines\/files\/2023\/06\/c63df294-9bcf-47d3-b2da-78d29e511f22.jpg\"><img decoding=\"async\" loading=\"lazy\" width=\"1200\" height=\"1600\" data-id=\"18677\"  src=\"https:\/\/www.ifbaiano.edu.br\/unidades\/santaines\/files\/2023\/06\/c63df294-9bcf-47d3-b2da-78d29e511f22.jpg\" alt=\"\" class=\"wp-image-18677\" \/><\/a><\/figure>\n\n\n\n<figure class=\"wp-block-image size-large\"><a href=\"https:\/\/www.ifbaiano.edu.br\/unidades\/santaines\/files\/2023\/06\/c4b73fc0-4f86-4467-bcb0-ecc8fdd34351.jpg\"><img decoding=\"async\" loading=\"lazy\" width=\"1200\" height=\"1600\" data-id=\"18676\"  src=\"https:\/\/www.ifbaiano.edu.br\/unidades\/santaines\/files\/2023\/06\/c4b73fc0-4f86-4467-bcb0-ecc8fdd34351.jpg\" alt=\"\" class=\"wp-image-18676\" \/><\/a><\/figure>\n\n\n\n<figure class=\"wp-block-image size-large\"><a href=\"https:\/\/www.ifbaiano.edu.br\/unidades\/santaines\/files\/2023\/06\/a89a0d71-ab81-4f62-a255-1927f3fed587.jpg\"><img decoding=\"async\" loading=\"lazy\" width=\"1200\" height=\"1600\" data-id=\"18674\"  src=\"https:\/\/www.ifbaiano.edu.br\/unidades\/santaines\/files\/2023\/06\/a89a0d71-ab81-4f62-a255-1927f3fed587.jpg\" alt=\"\" class=\"wp-image-18674\" \/><\/a><\/figure>\n\n\n\n<figure class=\"wp-block-image size-large\"><a href=\"https:\/\/www.ifbaiano.edu.br\/unidades\/santaines\/files\/2023\/06\/23142839-4a2e-4fc0-9e5f-4cc60cb564dd.jpg\"><img decoding=\"async\" loading=\"lazy\" width=\"1200\" height=\"1600\" data-id=\"18673\"  src=\"https:\/\/www.ifbaiano.edu.br\/unidades\/santaines\/files\/2023\/06\/23142839-4a2e-4fc0-9e5f-4cc60cb564dd.jpg\" alt=\"\" class=\"wp-image-18673\" \/><\/a><\/figure>\n\n\n\n<figure class=\"wp-block-image size-large\"><a href=\"https:\/\/www.ifbaiano.edu.br\/unidades\/santaines\/files\/2023\/06\/8fb45070-db7f-47fc-aaf9-36d603178011.jpg\"><img decoding=\"async\" loading=\"lazy\" width=\"1200\" height=\"1600\" data-id=\"18664\"  src=\"https:\/\/www.ifbaiano.edu.br\/unidades\/santaines\/files\/2023\/06\/8fb45070-db7f-47fc-aaf9-36d603178011.jpg\" alt=\"\" class=\"wp-image-18664\" \/><\/a><\/figure>\n\n\n\n<figure class=\"wp-block-image size-large\"><a href=\"https:\/\/www.ifbaiano.edu.br\/unidades\/santaines\/files\/2023\/06\/08d5a8af-5fac-41e6-85aa-1eacb14348df.jpg\"><img decoding=\"async\" loading=\"lazy\" width=\"1200\" height=\"1600\" data-id=\"18663\"  src=\"https:\/\/www.ifbaiano.edu.br\/unidades\/santaines\/files\/2023\/06\/08d5a8af-5fac-41e6-85aa-1eacb14348df.jpg\" alt=\"\" class=\"wp-image-18663\" \/><\/a><\/figure>\n<\/figure>\n\n\n\n<hr class=\"wp-block-separator has-alpha-channel-opacity\" \/>\n\n\n\n<p><\/p>\n","protected":false},"excerpt":{"rendered":"<p>Na noite de ontem (8), em ritmo junino, servidores t\u00e9cnico-administrativos e docentes, discentes de todos os cursos Campus, funcion\u00e1rios terceirizados e colaboradores confraternizaram-se, com muita anima\u00e7\u00e3o, em uma festa promovida pelo IF Baiano &#8211;Campus Santa In\u00eas. A tradicional trilha sonora junina deu ritmo ao IForr\u00f3 2023 e animou as brincadeiras, apresenta\u00e7\u00f5es art\u00edsticas dos estudantes (Os [&hellip;]<\/p>\n","protected":false},"author":86,"featured_media":18691,"comment_status":"closed","ping_status":"closed","sticky":false,"template":"","format":"standard","meta":[],"categories":[4,23,57],"tags":[],"_links":{"self":[{"href":"https:\/\/www.ifbaiano.edu.br\/unidades\/santaines\/wp-json\/wp\/v2\/posts\/18659"}],"collection":[{"href":"https:\/\/www.ifbaiano.edu.br\/unidades\/santaines\/wp-json\/wp\/v2\/posts"}],"about":[{"href":"https:\/\/www.ifbaiano.edu.br\/unidades\/santaines\/wp-json\/wp\/v2\/types\/post"}],"author":[{"embeddable":true,"href":"https:\/\/www.ifbaiano.edu.br\/unidades\/santaines\/wp-json\/wp\/v2\/users\/86"}],"replies":[{"embeddable":true,"href":"https:\/\/www.ifbaiano.edu.br\/unidades\/santaines\/wp-json\/wp\/v2\/comments?post=18659"}],"version-history":[{"count":4,"href":"https:\/\/www.ifbaiano.edu.br\/unidades\/santaines\/wp-json\/wp\/v2\/posts\/18659\/revisions"}],"predecessor-version":[{"id":18697,"href":"https:\/\/www.ifbaiano.edu.br\/unidades\/santaines\/wp-json\/wp\/v2\/posts\/18659\/revisions\/18697"}],"wp:featuredmedia":[{"embeddable":true,"href":"https:\/\/www.ifbaiano.edu.br\/unidades\/santaines\/wp-json\/wp\/v2\/media\/18691"}],"wp:attachment":[{"href":"https:\/\/www.ifbaiano.edu.br\/unidades\/santaines\/wp-json\/wp\/v2\/media?parent=18659"}],"wp:term":[{"taxonomy":"category","embeddable":true,"href":"https:\/\/www.ifbaiano.edu.br\/unidades\/santaines\/wp-json\/wp\/v2\/categories?post=18659"},{"taxonomy":"post_tag","embeddable":true,"href":"https:\/\/www.ifbaiano.edu.br\/unidades\/santaines\/wp-json\/wp\/v2\/tags?post=18659"}],"curies":[{"name":"wp","href":"https:\/\/api.w.org\/{rel}","templated":true}]}}