{"id":1869,"date":"2012-05-03T11:33:21","date_gmt":"2012-05-03T14:33:21","guid":{"rendered":"http:\/\/www.ifbaiano.edu.br\/unidades\/santaines\/?p=1869"},"modified":"2012-05-16T11:34:20","modified_gmt":"2012-05-16T14:34:20","slug":"retorno-das-aulas-do-programa-mulheres-mil","status":"publish","type":"post","link":"https:\/\/www.ifbaiano.edu.br\/unidades\/santaines\/retorno-das-aulas-do-programa-mulheres-mil\/","title":{"rendered":"Retorno das aulas do programa Mulheres Mil"},"content":{"rendered":"<p style=\"text-align: justify\">Ontem (02) o programa Mulheres Mil retornou suas aulas para as mulheres das diversas comunidades atendidas pelo IF Baiano \u2013 Campus Santa In\u00eas. Na ocasi\u00e3o o Setor T\u00e9cnico Pedag\u00f3gico deu as boas vindas e elucidou algumas d\u00favidas das estudantes quanto cronograma e tamb\u00e9m quest\u00f5es como bolsas e outros assuntos.<\/p>\n<div id=\"attachment_1870\" style=\"width: 310px\" class=\"wp-caption alignright\"><a href=\"http:\/\/www.ifbaiano.edu.br\/unidades\/santaines\/files\/2012\/05\/Estudantes-apresentando-opniao-sobre-a-materia.jpg\"><img aria-describedby=\"caption-attachment-1870\" decoding=\"async\" loading=\"lazy\" class=\"size-medium wp-image-1870\" src=\"http:\/\/www.ifbaiano.edu.br\/unidades\/santaines\/files\/2012\/05\/Estudantes-apresentando-opniao-sobre-a-materia-300x225.jpg\" alt=\"\" width=\"300\" height=\"225\" srcset=\"https:\/\/www.ifbaiano.edu.br\/unidades\/santaines\/files\/2012\/05\/Estudantes-apresentando-opniao-sobre-a-materia-300x225.jpg 300w, https:\/\/www.ifbaiano.edu.br\/unidades\/santaines\/files\/2012\/05\/Estudantes-apresentando-opniao-sobre-a-materia-1024x768.jpg 1024w, https:\/\/www.ifbaiano.edu.br\/unidades\/santaines\/files\/2012\/05\/Estudantes-apresentando-opniao-sobre-a-materia-400x300.jpg 400w, https:\/\/www.ifbaiano.edu.br\/unidades\/santaines\/files\/2012\/05\/Estudantes-apresentando-opniao-sobre-a-materia.jpg 1280w\" sizes=\"(max-width: 300px) 100vw, 300px\" \/><\/a><p id=\"caption-attachment-1870\" class=\"wp-caption-text\">Estudantes apresentando opni\u00e3o sobre a mat\u00e9ria<\/p><\/div>\n<p style=\"text-align: justify\">Tamb\u00e9m foi exibida uma reportagem televisiva onde o tema era uma associa\u00e7\u00e3o de mulheres da cidade de Feira de Santana. Ap\u00f3s este v\u00eddeo, foram formados grupos de discuss\u00e3o para debater sobre o conte\u00fado da reportagem, analisando a possibilidade de realizarem um trabalho conjunto similar ao da associa\u00e7\u00e3o apresentada. Para conferir outras fotos da aula, confiram nossa p\u00e1gina no <a href=\"http:\/\/www.facebook.com\/#!\/profile.php?id=100003227175737\" target=\"_blank\">Facebook<\/a>.<\/p>\n","protected":false},"excerpt":{"rendered":"<p>Ontem (02) o programa Mulheres Mil retornou suas aulas para as mulheres das diversas comunidades atendidas pelo IF Baiano \u2013 Campus Santa In\u00eas. Na ocasi\u00e3o o Setor T\u00e9cnico Pedag\u00f3gico deu as boas vindas e elucidou algumas d\u00favidas das estudantes quanto cronograma e tamb\u00e9m quest\u00f5es como bolsas e outros assuntos. Tamb\u00e9m foi exibida uma reportagem televisiva [&hellip;]<\/p>\n","protected":false},"author":26,"featured_media":0,"comment_status":"closed","ping_status":"closed","sticky":false,"template":"","format":"standard","meta":[],"categories":[10],"tags":[],"_links":{"self":[{"href":"https:\/\/www.ifbaiano.edu.br\/unidades\/santaines\/wp-json\/wp\/v2\/posts\/1869"}],"collection":[{"href":"https:\/\/www.ifbaiano.edu.br\/unidades\/santaines\/wp-json\/wp\/v2\/posts"}],"about":[{"href":"https:\/\/www.ifbaiano.edu.br\/unidades\/santaines\/wp-json\/wp\/v2\/types\/post"}],"author":[{"embeddable":true,"href":"https:\/\/www.ifbaiano.edu.br\/unidades\/santaines\/wp-json\/wp\/v2\/users\/26"}],"replies":[{"embeddable":true,"href":"https:\/\/www.ifbaiano.edu.br\/unidades\/santaines\/wp-json\/wp\/v2\/comments?post=1869"}],"version-history":[{"count":7,"href":"https:\/\/www.ifbaiano.edu.br\/unidades\/santaines\/wp-json\/wp\/v2\/posts\/1869\/revisions"}],"predecessor-version":[{"id":15293,"href":"https:\/\/www.ifbaiano.edu.br\/unidades\/santaines\/wp-json\/wp\/v2\/posts\/1869\/revisions\/15293"}],"wp:attachment":[{"href":"https:\/\/www.ifbaiano.edu.br\/unidades\/santaines\/wp-json\/wp\/v2\/media?parent=1869"}],"wp:term":[{"taxonomy":"category","embeddable":true,"href":"https:\/\/www.ifbaiano.edu.br\/unidades\/santaines\/wp-json\/wp\/v2\/categories?post=1869"},{"taxonomy":"post_tag","embeddable":true,"href":"https:\/\/www.ifbaiano.edu.br\/unidades\/santaines\/wp-json\/wp\/v2\/tags?post=1869"}],"curies":[{"name":"wp","href":"https:\/\/api.w.org\/{rel}","templated":true}]}}