{"id":18733,"date":"2023-06-13T22:47:19","date_gmt":"2023-06-14T01:47:19","guid":{"rendered":"https:\/\/www.ifbaiano.edu.br\/unidades\/santaines\/?p=18733"},"modified":"2023-06-14T09:44:43","modified_gmt":"2023-06-14T12:44:43","slug":"curso-de-pos-graduacao-do-if-baiano-campus-santa-ines-tem-sua-primeira-defesa-de-tcc-em-formato-presencial","status":"publish","type":"post","link":"https:\/\/www.ifbaiano.edu.br\/unidades\/santaines\/curso-de-pos-graduacao-do-if-baiano-campus-santa-ines-tem-sua-primeira-defesa-de-tcc-em-formato-presencial\/","title":{"rendered":"Curso de P\u00f3s-gradua\u00e7\u00e3o do IF Baiano \u2013 Campus Santa In\u00eas tem sua primeira defesa de TCC em formato presencial"},"content":{"rendered":"\n<div class=\"wp-block-media-text alignwide is-stacked-on-mobile\"><figure class=\"wp-block-media-text__media\"><img decoding=\"async\" loading=\"lazy\" width=\"1024\" height=\"577\" src=\"https:\/\/www.ifbaiano.edu.br\/unidades\/santaines\/files\/2023\/06\/defesa-mestrado-tania-nunes-junho-2023-4.jpeg\" alt=\"\" class=\"wp-image-18744 size-full\" \/><\/figure><div class=\"wp-block-media-text__content\">\n<p>Na tarde de hoje (13), no pavilh\u00e3o dos cursos superiores do IF Baiano \u2013 <em>Campus <\/em>Santa In\u00eas, aconteceu a primeira defesa de Trabalho de Conclus\u00e3o de Curso (TCC), no formato presencial, da primeira turma de estudantes da\u00a0P\u00f3s-gradua\u00e7\u00e3o em Desenvolvimento Regional e Meio Ambiente (DRMA).<\/p>\n<\/div><\/div>\n\n\n\n<p>A\u00a0primeira turma de estudantes, cujas atividades tiveram in\u00edcio em 30 de julho de 2021, ainda durante a pandemia de COVID-19, cumpriu onze componentes curriculares e atualmente se encontra em processo de desenvolvimento dos Trabalhos de Conclus\u00e3o de Curso.<\/p>\n\n\n\n<p>J\u00e1 foram realizadas quatro defesas de TCC dessa primeira turma. Sendo que as defesas dos estudantes: Rafael Rodrigo Ferreira de Lima, Leandro Santos Leal e Giovanna Martins Sampaio, aconteceram em formato <em>online<\/em>. Hoje, em formato presencial, a estudante T\u00e2nia de Santana Nunes apresentou\u00a0seu trabalho intitulado &#8220;Jogos Educativos: Uma Proposta para Trabalhar Educa\u00e7\u00e3o Ambiental na Escola\u201d. A banca examinadora foi composta pela prof.\u00aa M.\u00aa Patr\u00edcia Moura Neves (orientadora), prof. Dr. Andr\u00e9 Leonardo Vasconcelos Souza (coorientador), ambos docentes do curso DRMA, e pelos T\u00e9cnico-Administrativos em Educa\u00e7\u00e3o, M.\u00aa Merilande de Oliveira Soares Eloi e Me. Romilson de Souza Barreto.<\/p>\n\n\n\n<div class=\"wp-block-group is-layout-constrained\"><div class=\"wp-block-group__inner-container\">\n<p>O Curso de p\u00f3s-gradua\u00e7\u00e3o em DRMA \u00e9 uma oportunidade de capacita\u00e7\u00e3o de profissionais das mais diversas \u00e1reas do conhecimento que sejam portadores de diploma de n\u00edvel superior, devidamente reconhecido pelo Minist\u00e9rio da Educa\u00e7\u00e3o: pesquisadores, extensionistas, educadores, t\u00e9cnicos, gestores e l\u00edderes de movimentos sociais.<\/p>\n\n\n\n<figure class=\"wp-block-gallery has-nested-images columns-default is-cropped wp-block-gallery-1 is-layout-flex\">\n<figure class=\"wp-block-image size-full\"><a href=\"https:\/\/www.ifbaiano.edu.br\/unidades\/santaines\/files\/2023\/06\/defesa-mestrado-tania-nunes-junho-2023-1.jpeg\"><img decoding=\"async\" loading=\"lazy\" width=\"1024\" height=\"498\" src=\"https:\/\/www.ifbaiano.edu.br\/unidades\/santaines\/files\/2023\/06\/defesa-mestrado-tania-nunes-junho-2023-1.jpeg\" alt=\"\" class=\"wp-image-18741\" \/><\/a><\/figure>\n\n\n\n<figure class=\"wp-block-image size-full\"><a href=\"https:\/\/www.ifbaiano.edu.br\/unidades\/santaines\/files\/2023\/06\/defesa-mestrado-tania-nunes-junho-2023-2.jpeg\"><img decoding=\"async\" loading=\"lazy\" width=\"1024\" height=\"498\" src=\"https:\/\/www.ifbaiano.edu.br\/unidades\/santaines\/files\/2023\/06\/defesa-mestrado-tania-nunes-junho-2023-2.jpeg\" alt=\"\" class=\"wp-image-18742\" \/><\/a><\/figure>\n\n\n\n<figure class=\"wp-block-image size-full\"><a href=\"https:\/\/www.ifbaiano.edu.br\/unidades\/santaines\/files\/2023\/06\/defesa-mestrado-tania-nunes-junho-2023-3.jpeg\"><img decoding=\"async\" loading=\"lazy\" width=\"1024\" height=\"498\" src=\"https:\/\/www.ifbaiano.edu.br\/unidades\/santaines\/files\/2023\/06\/defesa-mestrado-tania-nunes-junho-2023-3.jpeg\" alt=\"\" class=\"wp-image-18743\" \/><\/a><\/figure>\n<\/figure>\n<\/div><\/div>\n\n\n\n<p>De acordo com o professor Nelson Vieira, coordenador do curso, \u201ca defesa da estudante T\u00e2nia Nunes, tamb\u00e9m servidora deste campus, ratifica a import\u00e2ncia dos cursos de p\u00f3s-gradua\u00e7\u00e3o do IF Baiano como uma possibilidade de capacita\u00e7\u00e3o de seus servidores. Al\u00e9m disso, a participa\u00e7\u00e3o dos servidores Merilande Eloi, e Romison Barreto,&nbsp;como membros da banca examinadora demonstra a qualidade profissional dos nossos servidores t\u00e9cnico-administrativos\u201d. Concluiu.<\/p>\n\n\n\n<p>Com a proximidade do encerramento do bi\u00eanio 2021\/2023, modalidade prevista inicialmente no Projeto Pol\u00edtico Pedag\u00f3gico (PPC) do curso, ap\u00f3s processo seletivo realizado mediante edital, estar\u00e1 ingressando, em agosto de 2023, a segunda turma. A partir desta, com altera\u00e7\u00e3o ocorrida no PPC, o ingresso de estudantes ocorrer\u00e1 anualmente. Assim, a terceira turma estar\u00e1 sendo selecionada para 2024.<\/p>\n\n\n\n<hr class=\"wp-block-separator has-alpha-channel-opacity\" \/>\n","protected":false},"excerpt":{"rendered":"<p>Na tarde de hoje (13), no pavilh\u00e3o dos cursos superiores do IF Baiano \u2013 Campus Santa In\u00eas, aconteceu a primeira defesa de Trabalho de Conclus\u00e3o de Curso (TCC), no formato presencial, da primeira turma de estudantes da\u00a0P\u00f3s-gradua\u00e7\u00e3o em Desenvolvimento Regional e Meio Ambiente (DRMA). A\u00a0primeira turma de estudantes, cujas atividades tiveram in\u00edcio em 30 de [&hellip;]<\/p>\n","protected":false},"author":86,"featured_media":14953,"comment_status":"closed","ping_status":"closed","sticky":false,"template":"","format":"standard","meta":[],"categories":[4,5,10,57],"tags":[],"_links":{"self":[{"href":"https:\/\/www.ifbaiano.edu.br\/unidades\/santaines\/wp-json\/wp\/v2\/posts\/18733"}],"collection":[{"href":"https:\/\/www.ifbaiano.edu.br\/unidades\/santaines\/wp-json\/wp\/v2\/posts"}],"about":[{"href":"https:\/\/www.ifbaiano.edu.br\/unidades\/santaines\/wp-json\/wp\/v2\/types\/post"}],"author":[{"embeddable":true,"href":"https:\/\/www.ifbaiano.edu.br\/unidades\/santaines\/wp-json\/wp\/v2\/users\/86"}],"replies":[{"embeddable":true,"href":"https:\/\/www.ifbaiano.edu.br\/unidades\/santaines\/wp-json\/wp\/v2\/comments?post=18733"}],"version-history":[{"count":5,"href":"https:\/\/www.ifbaiano.edu.br\/unidades\/santaines\/wp-json\/wp\/v2\/posts\/18733\/revisions"}],"predecessor-version":[{"id":18749,"href":"https:\/\/www.ifbaiano.edu.br\/unidades\/santaines\/wp-json\/wp\/v2\/posts\/18733\/revisions\/18749"}],"wp:featuredmedia":[{"embeddable":true,"href":"https:\/\/www.ifbaiano.edu.br\/unidades\/santaines\/wp-json\/wp\/v2\/media\/14953"}],"wp:attachment":[{"href":"https:\/\/www.ifbaiano.edu.br\/unidades\/santaines\/wp-json\/wp\/v2\/media?parent=18733"}],"wp:term":[{"taxonomy":"category","embeddable":true,"href":"https:\/\/www.ifbaiano.edu.br\/unidades\/santaines\/wp-json\/wp\/v2\/categories?post=18733"},{"taxonomy":"post_tag","embeddable":true,"href":"https:\/\/www.ifbaiano.edu.br\/unidades\/santaines\/wp-json\/wp\/v2\/tags?post=18733"}],"curies":[{"name":"wp","href":"https:\/\/api.w.org\/{rel}","templated":true}]}}