{"id":18793,"date":"2023-07-06T08:26:06","date_gmt":"2023-07-06T11:26:06","guid":{"rendered":"https:\/\/www.ifbaiano.edu.br\/unidades\/santaines\/?p=18793"},"modified":"2023-07-06T08:26:06","modified_gmt":"2023-07-06T11:26:06","slug":"if-baiano-recebe-inscricoes-de-servidores-para-atuarem-em-cursos-fic-nos-campi-de-serrinha-e-governador-mangabeira","status":"publish","type":"post","link":"https:\/\/www.ifbaiano.edu.br\/unidades\/santaines\/if-baiano-recebe-inscricoes-de-servidores-para-atuarem-em-cursos-fic-nos-campi-de-serrinha-e-governador-mangabeira\/","title":{"rendered":"IF Baiano recebe inscri\u00e7\u00f5es de servidores para atuarem em cursos FIC nos campi de Serrinha e Governador Mangabeira"},"content":{"rendered":"\n<p>Entre os dias 07 e 21 de julho, o Instituto Federal Baiano (IF Baiano) estar\u00e1 com inscri\u00e7\u00f5es abertas para servidores da institui\u00e7\u00e3o interessados em atuarem como professores formadores, apoio acad\u00eamico e apoio financeiro em cursos de Forma\u00e7\u00e3o Inicial e Continuada (FIC) nos campi de Serrinha e Governador Mangabeira.&nbsp;<\/p>\n\n\n\n<p>As inscri\u00e7\u00f5es, gratuitas, ser\u00e3o realizadas exclusivamente por meio de um&nbsp;<a href=\"https:\/\/forms.gle\/R8JENDJxG75DYC98A\">formul\u00e1rio digital<\/a>. Para efetuar a inscri\u00e7\u00e3o, o candidato dever\u00e1 preencher o formul\u00e1rio e encaminhar os documentos exigidos em formato PDF para o e-mail qualificamais.proex@reitoria.ifbaiano.edu.br.<\/p>\n\n\n\n<p>O objetivo do processo seletivo \u00e9 selecionar servidores para atuarem no Programa Qualifica Mais EnergIF, em cursos com os seguintes componentes curriculares: Comunica\u00e7\u00e3o oral e escrita, Matem\u00e1tica B\u00e1sica, Inform\u00e1tica B\u00e1sica, \u00c9tica, cidadania e trabalho, Eletricidade b\u00e1sica aplicada a Sistemas Fotovoltaicos, Fundamentos de Energia Solar Fotovoltaica, Tecnologia Fotovoltaica: M\u00f3dulos, Arranjos, C\u00e9lula, Sistemas Fotovoltaicos: Isolados, conectados \u00e0 Rede, H\u00edbridos, Bombeamento de \u00c1gua, Medidas de Seguran\u00e7a do Trabalho Aplicadas ao Setor Fotovoltaico, Montagem de Sistemas Fotovoltaicos (teoria e pr\u00e1tica), e Estudo de Viabilidade de Neg\u00f3cio.<\/p>\n\n\n\n<p>O edital ressalta que, caso n\u00e3o haja interessados habilitados nesta sele\u00e7\u00e3o, o IF Baiano reserva-se o direito de convidar servidores da pr\u00f3pria institui\u00e7\u00e3o que atendam aos requisitos m\u00ednimos estabelecidos no edital. Esses convites poder\u00e3o ser estendidos tanto a servidores ativos quanto inativos do quadro interno do IF Baiano, bem como a membros da rede ETEC, desde que atendam \u00e0s exig\u00eancias m\u00ednimas para a fun\u00e7\u00e3o proposta.<\/p>\n\n\n\n<p>Os resultados das indica\u00e7\u00f5es, se houver, ser\u00e3o divulgados no endere\u00e7o eletr\u00f4nico<a href=\"http:\/\/concurso.ifbaiano.edu.br\/\">&nbsp;http:\/\/concurso.ifbaiano.edu.br<\/a>. Al\u00e9m disso, ser\u00e1 formado um cadastro reserva, com a ordem de classifica\u00e7\u00e3o dos candidatos, incluindo tanto os selecionados quanto os n\u00e3o selecionados.<\/p>\n\n\n\n<p>O edital tamb\u00e9m destaca que os candidatos \u00e0 fun\u00e7\u00e3o de professor formador poder\u00e3o ser convocados para atuar em \u00e1reas afins, de acordo com a necessidade institucional. Em caso de demanda, as listas de uma determinada localidade poder\u00e3o ser aproveitadas para outras localidades ou turnos de trabalho.<\/p>\n\n\n\n<p>Confira o\u00a0<a href=\"https:\/\/concurso.ifbaiano.edu.br\/portal\/apoio-qualifica-mais-energif-julho-2023\/wp-content\/uploads\/sites\/825\/2023\/07\/Edital-116-2023-Qualifica-Mais-EnergIF.pdf\">edital<\/a>\u00a0para mais informa\u00e7\u00f5es.<\/p>\n\n\n\n<hr class=\"wp-block-separator has-alpha-channel-opacity\" \/>\n","protected":false},"excerpt":{"rendered":"<p>Entre os dias 07 e 21 de julho, o Instituto Federal Baiano (IF Baiano) estar\u00e1 com inscri\u00e7\u00f5es abertas para servidores da institui\u00e7\u00e3o interessados em atuarem como professores formadores, apoio acad\u00eamico e apoio financeiro em cursos de Forma\u00e7\u00e3o Inicial e Continuada (FIC) nos campi de Serrinha e Governador Mangabeira.&nbsp; As inscri\u00e7\u00f5es, gratuitas, ser\u00e3o realizadas exclusivamente por [&hellip;]<\/p>\n","protected":false},"author":86,"featured_media":18794,"comment_status":"closed","ping_status":"closed","sticky":false,"template":"","format":"standard","meta":[],"categories":[4,38,57],"tags":[],"_links":{"self":[{"href":"https:\/\/www.ifbaiano.edu.br\/unidades\/santaines\/wp-json\/wp\/v2\/posts\/18793"}],"collection":[{"href":"https:\/\/www.ifbaiano.edu.br\/unidades\/santaines\/wp-json\/wp\/v2\/posts"}],"about":[{"href":"https:\/\/www.ifbaiano.edu.br\/unidades\/santaines\/wp-json\/wp\/v2\/types\/post"}],"author":[{"embeddable":true,"href":"https:\/\/www.ifbaiano.edu.br\/unidades\/santaines\/wp-json\/wp\/v2\/users\/86"}],"replies":[{"embeddable":true,"href":"https:\/\/www.ifbaiano.edu.br\/unidades\/santaines\/wp-json\/wp\/v2\/comments?post=18793"}],"version-history":[{"count":1,"href":"https:\/\/www.ifbaiano.edu.br\/unidades\/santaines\/wp-json\/wp\/v2\/posts\/18793\/revisions"}],"predecessor-version":[{"id":18795,"href":"https:\/\/www.ifbaiano.edu.br\/unidades\/santaines\/wp-json\/wp\/v2\/posts\/18793\/revisions\/18795"}],"wp:featuredmedia":[{"embeddable":true,"href":"https:\/\/www.ifbaiano.edu.br\/unidades\/santaines\/wp-json\/wp\/v2\/media\/18794"}],"wp:attachment":[{"href":"https:\/\/www.ifbaiano.edu.br\/unidades\/santaines\/wp-json\/wp\/v2\/media?parent=18793"}],"wp:term":[{"taxonomy":"category","embeddable":true,"href":"https:\/\/www.ifbaiano.edu.br\/unidades\/santaines\/wp-json\/wp\/v2\/categories?post=18793"},{"taxonomy":"post_tag","embeddable":true,"href":"https:\/\/www.ifbaiano.edu.br\/unidades\/santaines\/wp-json\/wp\/v2\/tags?post=18793"}],"curies":[{"name":"wp","href":"https:\/\/api.w.org\/{rel}","templated":true}]}}