{"id":18796,"date":"2023-07-06T11:45:25","date_gmt":"2023-07-06T14:45:25","guid":{"rendered":"https:\/\/www.ifbaiano.edu.br\/unidades\/santaines\/?p=18796"},"modified":"2024-11-01T14:20:24","modified_gmt":"2024-11-01T17:20:24","slug":"if-baiano-campus-santa-ines-lanca-o-if-de-portas-abertas-e-recebe-visitas-de-escolas-da-regiao","status":"publish","type":"post","link":"https:\/\/www.ifbaiano.edu.br\/unidades\/santaines\/if-baiano-campus-santa-ines-lanca-o-if-de-portas-abertas-e-recebe-visitas-de-escolas-da-regiao\/","title":{"rendered":"IF Baiano &#8211; Campus Santa In\u00eas recebe visitas de escolas da regi\u00e3o atrav\u00e9s do Programa &#8220;IF de Portas Abertas&#8221;"},"content":{"rendered":"\n<p>O IF Baiano \u2013 Campus Santa In\u00eas est\u00e1 DE PORTAS ABERTAS para receber visitas de estudantes dos ensinos fundamental e m\u00e9dio das escolas p\u00fablicas e privadas da regi\u00e3o.<\/p>\n\n\n\n<p>O Programa &#8220;IF de Portas Abertas&#8221; do Campus Santa In\u00eas tem a finalidade de apresentar, para os estudantes do vale do Jiquiri\u00e7\u00e1, a estrutura do campus, os projetos de ensino, pesquisa e extens\u00e3o desenvolvidos pelos seus estudantes e os cursos ofertados pelo IF Baiano.<\/p>\n\n\n\n<p>O IF DE PORTAS ABERTAS tamb\u00e9m visa orientar os jovens sobre processo seletivo e formas de ingresso de estudantes nas diversas modalidades de cursos ofertados pela institui\u00e7\u00e3o.<\/p>\n\n\n\n<p>Para esta edi\u00e7\u00e3o de 2023 o campus Santa In\u00eas j\u00e1 est\u00e1 com datas pr\u00e9-agendadas, no per\u00edodo de julho a novembro deste ano, , onde cada escola poder\u00e1 optar pelo melhor per\u00edodo para visita\u00e7\u00e3o:<\/p>\n\n\n\n<ul>\n<li>Dias 20 e 21 de julho de 2023;<\/li>\n\n\n\n<li>Dias 28 e 29 de agosto de 2023;<\/li>\n\n\n\n<li>Dias 30 e 31 de outubro de 2023;<\/li>\n\n\n\n<li>Dias 16 e 17 de novembro de 2023.<\/li>\n<\/ul>\n\n\n\n<p>A visita poder\u00e1 ser agendada de forma digital atrav\u00e9s de <a href=\"https:\/\/forms.gle\/zt9GBF7MrjgrSJw69\">FORMUL\u00c1RIO DIGITAL<\/a> ou via e-mail: gabinete@si.ifbaiano.edu.br.<\/p>\n\n\n\n<hr class=\"wp-block-separator has-alpha-channel-opacity\" \/>\n","protected":false},"excerpt":{"rendered":"<p>O IF Baiano \u2013 Campus Santa In\u00eas est\u00e1 DE PORTAS ABERTAS para receber visitas de estudantes dos ensinos fundamental e m\u00e9dio das escolas p\u00fablicas e privadas da regi\u00e3o. O Programa &#8220;IF de Portas Abertas&#8221; do Campus Santa In\u00eas tem a finalidade de apresentar, para os estudantes do vale do Jiquiri\u00e7\u00e1, a estrutura do campus, os [&hellip;]<\/p>\n","protected":false},"author":86,"featured_media":0,"comment_status":"closed","ping_status":"closed","sticky":false,"template":"","format":"standard","meta":[],"categories":[4,5,7,57],"tags":[],"_links":{"self":[{"href":"https:\/\/www.ifbaiano.edu.br\/unidades\/santaines\/wp-json\/wp\/v2\/posts\/18796"}],"collection":[{"href":"https:\/\/www.ifbaiano.edu.br\/unidades\/santaines\/wp-json\/wp\/v2\/posts"}],"about":[{"href":"https:\/\/www.ifbaiano.edu.br\/unidades\/santaines\/wp-json\/wp\/v2\/types\/post"}],"author":[{"embeddable":true,"href":"https:\/\/www.ifbaiano.edu.br\/unidades\/santaines\/wp-json\/wp\/v2\/users\/86"}],"replies":[{"embeddable":true,"href":"https:\/\/www.ifbaiano.edu.br\/unidades\/santaines\/wp-json\/wp\/v2\/comments?post=18796"}],"version-history":[{"count":2,"href":"https:\/\/www.ifbaiano.edu.br\/unidades\/santaines\/wp-json\/wp\/v2\/posts\/18796\/revisions"}],"predecessor-version":[{"id":22712,"href":"https:\/\/www.ifbaiano.edu.br\/unidades\/santaines\/wp-json\/wp\/v2\/posts\/18796\/revisions\/22712"}],"wp:attachment":[{"href":"https:\/\/www.ifbaiano.edu.br\/unidades\/santaines\/wp-json\/wp\/v2\/media?parent=18796"}],"wp:term":[{"taxonomy":"category","embeddable":true,"href":"https:\/\/www.ifbaiano.edu.br\/unidades\/santaines\/wp-json\/wp\/v2\/categories?post=18796"},{"taxonomy":"post_tag","embeddable":true,"href":"https:\/\/www.ifbaiano.edu.br\/unidades\/santaines\/wp-json\/wp\/v2\/tags?post=18796"}],"curies":[{"name":"wp","href":"https:\/\/api.w.org\/{rel}","templated":true}]}}