{"id":18805,"date":"2023-07-12T10:17:14","date_gmt":"2023-07-12T13:17:14","guid":{"rendered":"https:\/\/www.ifbaiano.edu.br\/unidades\/santaines\/?p=18805"},"modified":"2023-07-12T10:17:15","modified_gmt":"2023-07-12T13:17:15","slug":"especializacao-do-campus-santa-ines-realiza-encontro-do-forum-eja-do-vale-do-jiquirica-e-lanca-e-book","status":"publish","type":"post","link":"https:\/\/www.ifbaiano.edu.br\/unidades\/santaines\/especializacao-do-campus-santa-ines-realiza-encontro-do-forum-eja-do-vale-do-jiquirica-e-lanca-e-book\/","title":{"rendered":"Especializa\u00e7\u00e3o do Campus Santa In\u00eas realiza Encontro do F\u00f3rum EJA do Vale do Jiquiri\u00e7\u00e1 e lan\u00e7a e-book"},"content":{"rendered":"\n<p>No dia 25 de julho, ter\u00e7a-feira, acontece o Encontro do F\u00f3rum de Educa\u00e7\u00e3o de Jovens e Adultos (EJA) do Vale do Jiquiri\u00e7\u00e1, evento mobilizado pelo F\u00f3rum EJA do Vale do Jiquiri\u00e7\u00e1. O evento acontecer\u00e1 no audit\u00f3rio da biblioteca do IF Baiano \u2013 Campus Santa In\u00eas e tem como objetivo realizar um encontro, presencial, de estudantes, professores\/as da Educa\u00e7\u00e3o B\u00e1sica e demais profissionais da educa\u00e7\u00e3o, para avalia\u00e7\u00e3o coletiva de a\u00e7\u00f5es realizadas no primeiro semestre de 2023 e para discuss\u00e3o de a\u00e7\u00f5es a serem organizadas para o segundo semestre.<br><br>Esse ser\u00e1 o primeiro encontro presencial ap\u00f3s o per\u00edodo pand\u00eamico. Segundo a professora Patr\u00edcia Pena, coordenadora da P\u00f3s-Gradua\u00e7\u00e3o em EJA articulada \u00e0 Educa\u00e7\u00e3o Profissional do Campus, esse ser\u00e1, tamb\u00e9m, um momento de discuss\u00e3o de pautas emergentes e urgentes como o Programa Nacional do Livro Did\u00e1tico de Educa\u00e7\u00e3o de Jovens e Adultos (PNLD &#8211; EJA) e o diagn\u00f3stico da EJA na Bahia e, mais especificamente, no Vale do Jiquiri\u00e7\u00e1.<br><br>Nesse encontro tamb\u00e9m haver\u00e1 o lan\u00e7amento do e-book \u201cPor que formar professores\/professoras especialistas em EJA? Desafios e possibilidades da forma\u00e7\u00e3o do\/a educador\/a popular\u201d. A professora Patr\u00edcia conta qual o objetivo do e-book: \u201cfoi tentar responder a uma quest\u00e3o que emergiu em nossos debates junto a educadores(as) em forma\u00e7\u00e3o inicial e\/ou continuada que t\u00eam se dedicado \u00e0 Educa\u00e7\u00e3o de Jovens e Adultos (EJA) no Territ\u00f3rio de Identidade do Vale do Jiquiri\u00e7\u00e1\u201d.<br><br>A professora explica que os textos que comp\u00f5em essa colet\u00e2nea, tecidos em parcerias entre docentes e discentes dos cursos de Licenciatura em Geografia e Especializa\u00e7\u00e3o em EJA articulada \u00e0 Educa\u00e7\u00e3o Profissional \u2013 ambos ofertados no IF Baiano &#8211; Campus Santa In\u00eas \u2013 , tomam como objeto de suas reflex\u00f5es o seguinte questionamento: por que investir na forma\u00e7\u00e3o de professores(as) especialistas em EJA a partir de uma concep\u00e7\u00e3o de Educa\u00e7\u00e3o Popular?<br><br>O Livro, segundo a professora, foi escrito em um cen\u00e1rio de vida amplamente desolador, com epis\u00f3dios cotidianos de desumaniza\u00e7\u00e3o e nega\u00e7\u00e3o da ci\u00eancia, do conhecimento, de sonhos e possibilidades de ser mais, atingindo, prioritariamente, a condi\u00e7\u00e3o de vida e de sobreviv\u00eancia dos grupos populares. \u201cAcreditamos, portanto, ser necess\u00e1rio refletir o fazer pedag\u00f3gico a partir de referenciais mais humanizadores e, para tanto, propomos considerar os trabalhadores jovens e adultos que estudam na Educa\u00e7\u00e3o B\u00e1sica como protagonistas de uma perspectiva de educa\u00e7\u00e3o capaz de nos salvar, de reinventar e reencantar o mundo. Diversos olhares tomaram diferentes pontos de an\u00e1lise\u201d conclui a professora.<br><br>O encontro, que tem a parceria do F\u00f3rum EJA do Vale do Jiquiri\u00e7\u00e1, espera um p\u00fablico de, pelo menos, 35 pessoas, entre estudantes da turma 2022 da P\u00f3s-gradua\u00e7\u00e3o do campus, egressos(as), professores(as) e t\u00e9cnicos(as) da p\u00f3s-Gradua\u00e7\u00e3o que s\u00e3o autores do livro, professores e professoras da educa\u00e7\u00e3o b\u00e1sica de munic\u00edpios do Vale do Jiquiri\u00e7\u00e1 que integram o F\u00f3rum EJA do Vale do Jiquiri\u00e7\u00e1.<\/p>\n\n\n\n<hr class=\"wp-block-separator has-alpha-channel-opacity\" \/>\n\n\n\n<p><\/p>\n","protected":false},"excerpt":{"rendered":"<p>No dia 25 de julho, ter\u00e7a-feira, acontece o Encontro do F\u00f3rum de Educa\u00e7\u00e3o de Jovens e Adultos (EJA) do Vale do Jiquiri\u00e7\u00e1, evento mobilizado pelo F\u00f3rum EJA do Vale do Jiquiri\u00e7\u00e1. O evento acontecer\u00e1 no audit\u00f3rio da biblioteca do IF Baiano \u2013 Campus Santa In\u00eas e tem como objetivo realizar um encontro, presencial, de estudantes, [&hellip;]<\/p>\n","protected":false},"author":86,"featured_media":18806,"comment_status":"closed","ping_status":"closed","sticky":false,"template":"","format":"standard","meta":[],"categories":[4,5,37,57],"tags":[],"_links":{"self":[{"href":"https:\/\/www.ifbaiano.edu.br\/unidades\/santaines\/wp-json\/wp\/v2\/posts\/18805"}],"collection":[{"href":"https:\/\/www.ifbaiano.edu.br\/unidades\/santaines\/wp-json\/wp\/v2\/posts"}],"about":[{"href":"https:\/\/www.ifbaiano.edu.br\/unidades\/santaines\/wp-json\/wp\/v2\/types\/post"}],"author":[{"embeddable":true,"href":"https:\/\/www.ifbaiano.edu.br\/unidades\/santaines\/wp-json\/wp\/v2\/users\/86"}],"replies":[{"embeddable":true,"href":"https:\/\/www.ifbaiano.edu.br\/unidades\/santaines\/wp-json\/wp\/v2\/comments?post=18805"}],"version-history":[{"count":1,"href":"https:\/\/www.ifbaiano.edu.br\/unidades\/santaines\/wp-json\/wp\/v2\/posts\/18805\/revisions"}],"predecessor-version":[{"id":18807,"href":"https:\/\/www.ifbaiano.edu.br\/unidades\/santaines\/wp-json\/wp\/v2\/posts\/18805\/revisions\/18807"}],"wp:featuredmedia":[{"embeddable":true,"href":"https:\/\/www.ifbaiano.edu.br\/unidades\/santaines\/wp-json\/wp\/v2\/media\/18806"}],"wp:attachment":[{"href":"https:\/\/www.ifbaiano.edu.br\/unidades\/santaines\/wp-json\/wp\/v2\/media?parent=18805"}],"wp:term":[{"taxonomy":"category","embeddable":true,"href":"https:\/\/www.ifbaiano.edu.br\/unidades\/santaines\/wp-json\/wp\/v2\/categories?post=18805"},{"taxonomy":"post_tag","embeddable":true,"href":"https:\/\/www.ifbaiano.edu.br\/unidades\/santaines\/wp-json\/wp\/v2\/tags?post=18805"}],"curies":[{"name":"wp","href":"https:\/\/api.w.org\/{rel}","templated":true}]}}