{"id":18820,"date":"2023-07-13T10:47:14","date_gmt":"2023-07-13T13:47:14","guid":{"rendered":"https:\/\/www.ifbaiano.edu.br\/unidades\/santaines\/?p=18820"},"modified":"2023-07-13T10:59:25","modified_gmt":"2023-07-13T13:59:25","slug":"campus-santa-ines-realiza-segunda-reuniao-anual-com-pais-de-estudantes-das-primeiras-series","status":"publish","type":"post","link":"https:\/\/www.ifbaiano.edu.br\/unidades\/santaines\/campus-santa-ines-realiza-segunda-reuniao-anual-com-pais-de-estudantes-das-primeiras-series\/","title":{"rendered":"Campus Santa In\u00eas realiza segunda reuni\u00e3o anual com pais de estudantes das primeiras s\u00e9ries"},"content":{"rendered":"\n<p>Na tarde de ontem, quarta-feira (12), na quadra poliesportiva do Campus Santa In\u00eas, aconteceu a segunda reuni\u00e3o com os pais\/respons\u00e1veis pelos estudantes das primeiras s\u00e9ries dos cursos t\u00e9cnicos integrados, professores e servidores do Campus.<\/p>\n\n\n\n<figure class=\"wp-block-image size-full\"><a href=\"https:\/\/www.ifbaiano.edu.br\/unidades\/santaines\/files\/2023\/07\/11.jpg\"><img decoding=\"async\" loading=\"lazy\" width=\"1280\" height=\"575\" src=\"https:\/\/www.ifbaiano.edu.br\/unidades\/santaines\/files\/2023\/07\/11.jpg\" alt=\"\" class=\"wp-image-18821\" \/><\/a><\/figure>\n\n\n\n<p>A Diretora Geral deu in\u00edcio \u00e0 reuni\u00e3o onde deu as boas vindas aos convidados e falou sobre a import\u00e2ncia desses momentos de di\u00e1logo e intera\u00e7\u00e3o entre a escola e a fam\u00edlia. Houve uma palestra com a Psic\u00f3loga do IF Baiano \u2013 Campus Santa In\u00eas, Claudim\u00e9ia Barreto Lago, com o tema: \u201cFam\u00edlia e escola que acolhem, educam para a vida\u201d.<\/p>\n\n\n\n<p>Nesse momento de bate papo, houve, tamb\u00e9m, a apresenta\u00e7\u00e3o de dois n\u00facleos do campus: A professora Marilete C\u00e2ndido de Mattos Previero, coordenadora do Curso T\u00e9cnico em Alimentos, fez a apresenta\u00e7\u00e3o do N\u00facleo de Estudo de G\u00eaneros e Sexualidade (GENI); e a professora de Atendimento Educacional Especializado (AEE), N\u00fabia dos Santos Cruz, falou sobre o N\u00facleo de Apoio aos Portadores de Necessidades Espec\u00edficas (NAPNE).<\/p>\n\n\n\n<figure class=\"wp-block-gallery has-nested-images columns-default is-cropped wp-block-gallery-1 is-layout-flex\">\n<figure class=\"wp-block-image size-large\"><a href=\"https:\/\/www.ifbaiano.edu.br\/unidades\/santaines\/files\/2023\/07\/8.jpg\"><img decoding=\"async\" loading=\"lazy\" width=\"1280\" height=\"575\" data-id=\"18830\"  src=\"https:\/\/www.ifbaiano.edu.br\/unidades\/santaines\/files\/2023\/07\/8.jpg\" alt=\"\" class=\"wp-image-18830\" \/><\/a><\/figure>\n\n\n\n<figure class=\"wp-block-image size-large\"><a href=\"https:\/\/www.ifbaiano.edu.br\/unidades\/santaines\/files\/2023\/07\/1.jpg\"><img decoding=\"async\" loading=\"lazy\" width=\"1280\" height=\"575\" data-id=\"18824\"  src=\"https:\/\/www.ifbaiano.edu.br\/unidades\/santaines\/files\/2023\/07\/1.jpg\" alt=\"\" class=\"wp-image-18824\" \/><\/a><\/figure>\n\n\n\n<figure class=\"wp-block-image size-large\"><a href=\"https:\/\/www.ifbaiano.edu.br\/unidades\/santaines\/files\/2023\/07\/4.jpg\"><img decoding=\"async\" loading=\"lazy\" width=\"1280\" height=\"575\" data-id=\"18823\"  src=\"https:\/\/www.ifbaiano.edu.br\/unidades\/santaines\/files\/2023\/07\/4.jpg\" alt=\"\" class=\"wp-image-18823\" \/><\/a><\/figure>\n<\/figure>\n\n\n\n<p>As coordena\u00e7\u00f5es dos cursos t\u00e9cnicos em Alimentos, Agropecu\u00e1ria e Zootecnia fizeram a entrega dos boletins dos estudantes aos respectivos pais\/respons\u00e1veis e estes tiveram a oportunidade de atendimentos individuais com os docentes e a equipe pedag\u00f3gica do campus.<\/p>\n\n\n\n<hr class=\"wp-block-separator has-alpha-channel-opacity\" \/>\n","protected":false},"excerpt":{"rendered":"<p>Na tarde de ontem, quarta-feira (12), na quadra poliesportiva do Campus Santa In\u00eas, aconteceu a segunda reuni\u00e3o com os pais\/respons\u00e1veis pelos estudantes das primeiras s\u00e9ries dos cursos t\u00e9cnicos integrados, professores e servidores do Campus. A Diretora Geral deu in\u00edcio \u00e0 reuni\u00e3o onde deu as boas vindas aos convidados e falou sobre a import\u00e2ncia desses momentos [&hellip;]<\/p>\n","protected":false},"author":86,"featured_media":18831,"comment_status":"closed","ping_status":"closed","sticky":false,"template":"","format":"standard","meta":[],"categories":[4,13,10,57],"tags":[],"_links":{"self":[{"href":"https:\/\/www.ifbaiano.edu.br\/unidades\/santaines\/wp-json\/wp\/v2\/posts\/18820"}],"collection":[{"href":"https:\/\/www.ifbaiano.edu.br\/unidades\/santaines\/wp-json\/wp\/v2\/posts"}],"about":[{"href":"https:\/\/www.ifbaiano.edu.br\/unidades\/santaines\/wp-json\/wp\/v2\/types\/post"}],"author":[{"embeddable":true,"href":"https:\/\/www.ifbaiano.edu.br\/unidades\/santaines\/wp-json\/wp\/v2\/users\/86"}],"replies":[{"embeddable":true,"href":"https:\/\/www.ifbaiano.edu.br\/unidades\/santaines\/wp-json\/wp\/v2\/comments?post=18820"}],"version-history":[{"count":2,"href":"https:\/\/www.ifbaiano.edu.br\/unidades\/santaines\/wp-json\/wp\/v2\/posts\/18820\/revisions"}],"predecessor-version":[{"id":18834,"href":"https:\/\/www.ifbaiano.edu.br\/unidades\/santaines\/wp-json\/wp\/v2\/posts\/18820\/revisions\/18834"}],"wp:featuredmedia":[{"embeddable":true,"href":"https:\/\/www.ifbaiano.edu.br\/unidades\/santaines\/wp-json\/wp\/v2\/media\/18831"}],"wp:attachment":[{"href":"https:\/\/www.ifbaiano.edu.br\/unidades\/santaines\/wp-json\/wp\/v2\/media?parent=18820"}],"wp:term":[{"taxonomy":"category","embeddable":true,"href":"https:\/\/www.ifbaiano.edu.br\/unidades\/santaines\/wp-json\/wp\/v2\/categories?post=18820"},{"taxonomy":"post_tag","embeddable":true,"href":"https:\/\/www.ifbaiano.edu.br\/unidades\/santaines\/wp-json\/wp\/v2\/tags?post=18820"}],"curies":[{"name":"wp","href":"https:\/\/api.w.org\/{rel}","templated":true}]}}