{"id":18875,"date":"2023-07-20T08:44:17","date_gmt":"2023-07-20T11:44:17","guid":{"rendered":"https:\/\/www.ifbaiano.edu.br\/unidades\/santaines\/?p=18875"},"modified":"2023-07-20T08:44:18","modified_gmt":"2023-07-20T11:44:18","slug":"if-baiano-inicia-nova-etapa-de-avaliacao-institucional","status":"publish","type":"post","link":"https:\/\/www.ifbaiano.edu.br\/unidades\/santaines\/if-baiano-inicia-nova-etapa-de-avaliacao-institucional\/","title":{"rendered":"IF Baiano inicia nova etapa de avalia\u00e7\u00e3o institucional"},"content":{"rendered":"\n<p>O Campus Santa In\u00eas, assim como todos os campi que possuem n\u00edvel superior, est\u00e1 em mais um ciclo de avalia\u00e7\u00e3o institucional no per\u00edodo de 17 de julho a 15 de agosto. Neste ciclo, o que est\u00e1 sendo avaliado \u00e9 a Infraestrutura F\u00edsica (Dimens\u00e3o 7 do Eixo 5, estabelecido pelo Sistema Nacional de Avalia\u00e7\u00e3o da Educa\u00e7\u00e3o Superior \u2013 Sinaes) da unidade.\u00a0<\/p>\n\n\n\n<p>A Comiss\u00e3o Pr\u00f3pria de Avalia\u00e7\u00e3o \u00e9 respons\u00e1vel por realizar a avalia\u00e7\u00e3o institucional interna nas Institui\u00e7\u00f5es de Ensino Superior \u2013 IES. Ela atende \u00e0 obrigatoriedade de realizar a avalia\u00e7\u00e3o do Ensino Superior institu\u00edda pelo Sistema Nacional de Avalia\u00e7\u00e3o da Educa\u00e7\u00e3o Superior (Sinaes), atrav\u00e9s da Lei n\u00b0 10.861, de 14 de abril de 2004.<\/p>\n\n\n\n<p>Cada&nbsp;<em>campus&nbsp;<\/em>avaliado est\u00e1 conduzindo a pesquisa junto \u00e0 comunidade atrav\u00e9s de formul\u00e1rios digitais.&nbsp; A avalia\u00e7\u00e3o visa promover a melhoria da qualidade da educa\u00e7\u00e3o superior, a orienta\u00e7\u00e3o da expans\u00e3o da sua oferta, o aumento permanente da sua efic\u00e1cia institucional, da sua efetividade acad\u00eamica e social e, especialmente, do aprofundamento dos seus compromissos e responsabilidades sociais.&nbsp;&nbsp;<\/p>\n\n\n\n<p>Devem participar docentes, discentes do n\u00edvel superior, t\u00e9cnicos-administrativos e sociedade civil, cada grupo em formul\u00e1rio pr\u00f3prio. A avalia\u00e7\u00e3o \u00e9 an\u00f4nima e os links de acesso est\u00e3o disponibilizados abaixo, por categoria.<\/p>\n\n\n\n<ul>\n<li><a href=\"https:\/\/opinanovo.ifbaiano.edu.br\/index.php\/985826?lang=pt-BR\">Docentes<\/a><\/li>\n\n\n\n<li><a href=\"https:\/\/opinanovo.ifbaiano.edu.br\/index.php\/682621?lang=pt-BR\">Discentes do n\u00edvel superior<\/a><\/li>\n\n\n\n<li><a href=\"https:\/\/opinanovo.ifbaiano.edu.br\/index.php\/661375?lang=pt-BR\">T\u00e9cnicos-administrativos<\/a><\/li>\n\n\n\n<li><a href=\"https:\/\/opinanovo.ifbaiano.edu.br\/index.php\/794224?lang=pt-BR\">Sociedade civil<\/a><\/li>\n<\/ul>\n\n\n\n<hr class=\"wp-block-separator has-alpha-channel-opacity\" \/>\n\n\n\n<p><\/p>\n","protected":false},"excerpt":{"rendered":"<p>O Campus Santa In\u00eas, assim como todos os campi que possuem n\u00edvel superior, est\u00e1 em mais um ciclo de avalia\u00e7\u00e3o institucional no per\u00edodo de 17 de julho a 15 de agosto. Neste ciclo, o que est\u00e1 sendo avaliado \u00e9 a Infraestrutura F\u00edsica (Dimens\u00e3o 7 do Eixo 5, estabelecido pelo Sistema Nacional de Avalia\u00e7\u00e3o da Educa\u00e7\u00e3o [&hellip;]<\/p>\n","protected":false},"author":86,"featured_media":18876,"comment_status":"closed","ping_status":"closed","sticky":false,"template":"","format":"standard","meta":[],"categories":[4,5,10,57],"tags":[],"_links":{"self":[{"href":"https:\/\/www.ifbaiano.edu.br\/unidades\/santaines\/wp-json\/wp\/v2\/posts\/18875"}],"collection":[{"href":"https:\/\/www.ifbaiano.edu.br\/unidades\/santaines\/wp-json\/wp\/v2\/posts"}],"about":[{"href":"https:\/\/www.ifbaiano.edu.br\/unidades\/santaines\/wp-json\/wp\/v2\/types\/post"}],"author":[{"embeddable":true,"href":"https:\/\/www.ifbaiano.edu.br\/unidades\/santaines\/wp-json\/wp\/v2\/users\/86"}],"replies":[{"embeddable":true,"href":"https:\/\/www.ifbaiano.edu.br\/unidades\/santaines\/wp-json\/wp\/v2\/comments?post=18875"}],"version-history":[{"count":1,"href":"https:\/\/www.ifbaiano.edu.br\/unidades\/santaines\/wp-json\/wp\/v2\/posts\/18875\/revisions"}],"predecessor-version":[{"id":18877,"href":"https:\/\/www.ifbaiano.edu.br\/unidades\/santaines\/wp-json\/wp\/v2\/posts\/18875\/revisions\/18877"}],"wp:featuredmedia":[{"embeddable":true,"href":"https:\/\/www.ifbaiano.edu.br\/unidades\/santaines\/wp-json\/wp\/v2\/media\/18876"}],"wp:attachment":[{"href":"https:\/\/www.ifbaiano.edu.br\/unidades\/santaines\/wp-json\/wp\/v2\/media?parent=18875"}],"wp:term":[{"taxonomy":"category","embeddable":true,"href":"https:\/\/www.ifbaiano.edu.br\/unidades\/santaines\/wp-json\/wp\/v2\/categories?post=18875"},{"taxonomy":"post_tag","embeddable":true,"href":"https:\/\/www.ifbaiano.edu.br\/unidades\/santaines\/wp-json\/wp\/v2\/tags?post=18875"}],"curies":[{"name":"wp","href":"https:\/\/api.w.org\/{rel}","templated":true}]}}