{"id":18883,"date":"2023-07-21T12:50:01","date_gmt":"2023-07-21T15:50:01","guid":{"rendered":"https:\/\/www.ifbaiano.edu.br\/unidades\/santaines\/?p=18883"},"modified":"2023-07-21T12:50:02","modified_gmt":"2023-07-21T15:50:02","slug":"expediente-no-campus-santa-ines-nos-dias-de-jogos-da-copa-do-mundo-feminina-da-fifa-2023","status":"publish","type":"post","link":"https:\/\/www.ifbaiano.edu.br\/unidades\/santaines\/expediente-no-campus-santa-ines-nos-dias-de-jogos-da-copa-do-mundo-feminina-da-fifa-2023\/","title":{"rendered":"Expediente, no Campus Santa In\u00eas, nos dias de jogos da Copa do Mundo Feminina da FIFA 2023"},"content":{"rendered":"\n<p>Considerando a <a href=\"https:\/\/www.in.gov.br\/en\/web\/dou\/-\/portaria-mgi-n-3.814-de-17-de-julho-de-2023-497021156\">Portaria do Minist\u00e9rio da Gest\u00e3o e da Inova\u00e7\u00e3o (MGI) n\u00ba 3.814<\/a>, de\u00a017 de julho\u00a0de 2023, que estabelece orienta\u00e7\u00f5es aos \u00f3rg\u00e3os e entidades integrantes da administra\u00e7\u00e3o p\u00fablica federal direta, aut\u00e1rquica e fundacional, acerca do expediente nos dias de jogos da Sele\u00e7\u00e3o Brasileira de Futebol na Copa do Mundo Feminina da FIFA 2023, a Diretora-Geral do IF Baiano &#8211; <em>Campus<\/em> Santa In\u00eas, professora Genilda de Souza Lima, divulga os dias e hor\u00e1rios em que ser\u00e3o facultados aos servidores do <em>Campus <\/em>Santa In\u00eas, em car\u00e1ter\u00a0excepcional, alterar os seus respectivos hor\u00e1rios de expedientes:\u00a0<\/p>\n\n\n\n<ul>\n<li>Dia 24\/07 (segunda-feira) \u2013 Jogo Brasil x Panam\u00e1, \u00e0s 8h: O expediente obrigat\u00f3rio se iniciar\u00e1 \u00e0s 12h.<\/li>\n<\/ul>\n\n\n\n<p>\u00a0Neste dia (24), as aulas do turno matutino est\u00e3o suspensas. Est\u00e3o mantidas as aulas dos turnos vespertino e noturno.<\/p>\n\n\n\n<ul>\n<li>Dia 29\/07 (s\u00e1bado\u00a0letivo) \u2013 Jogo Brasil x Fran\u00e7a, \u00e0s 7:30h: Dia letivo suspenso e remanejado para outra data a ser divulgada.<\/li>\n\n\n\n<li>Dia 02\/08 (quarta-feira) \u2013 Jogo Brasil x Jamaica, \u00e0s 7h: O expediente obrigat\u00f3rio se iniciar\u00e1 \u00e0s 11h.<\/li>\n<\/ul>\n\n\n\n<p>Ficam suspensas as aulas dos turnos matutino e vespertino, no dia 2, sendo mantidas as aulas do turno noturno.<\/p>\n\n\n\n<p><strong>Obs 01<\/strong>: Devido \u00e0 log\u00edstica dos transportes dos estudantes, que dependem da organiza\u00e7\u00e3o dos munic\u00edpios, decidiu-se pela suspens\u00e3o das Aulas. Entretanto, as atividades de apoio ao Ensino, Pesquisa e Extens\u00e3o que n\u00e3o dependerem de estudantes est\u00e3o facultadas aos servidores docentes nas datas supracitadas.<\/p>\n\n\n\n<p><strong>Obs 02<\/strong>: Conforme estabelecido na Portaria MGI n\u00ba 3.814, as horas n\u00e3o trabalhadas, em decorr\u00eancia do exerc\u00edcio da faculdade de que trata o art. 2\u00ba, ser\u00e3o objeto de compensa\u00e7\u00e3o no per\u00edodo de 1\u00ba de agosto de 2023 a\u00a029 de dezembro\u00a0de 2023.<\/p>\n\n\n\n<p><strong>Obs 03<\/strong>: Seguindo o que prescreve o art. 4\u00b0 da Portaria, o <em>Campus <\/em>Santa In\u00eas\u00a0 permanecer\u00e1 em funcionamento nos hor\u00e1rios dos jogos da Sele\u00e7\u00e3o Brasileira de Futebol na Copa do Mundo Feminina da FIFA 2023, garantindo a possibilidade aos servidores que optarem por exercer suas atividades no hor\u00e1rio de expediente ordin\u00e1rio.<\/p>\n\n\n\n<p>Assim, a Dire\u00e7\u00e3o-Geral orienta aos servidores optantes da altera\u00e7\u00e3o de expediente sobre os procedimentos que devem ser adotados pelos mesmos, nos dias e hor\u00e1rios supracitados:<\/p>\n\n\n\n<ul>\n<li><strong>Docentes que exercem atividades de apoio ao ensino<\/strong> devem comunicar, previamente, \u00e0 coordena\u00e7\u00e3o de ensino, por e-mail, e anexar\u00a0 o plano de compensa\u00e7\u00e3o;<\/li>\n\n\n\n<li><strong>Os docente que exercem a fun\u00e7\u00e3o de dire\u00e7\u00e3o, chefia e assessoramento<\/strong> devem comunicar, previamente, \u00e0s suas respectivas chefias imediatas e apresentar o plano de compensa\u00e7\u00e3o;<\/li>\n\n\n\n<li><strong>Os servidores  t\u00e9cnico-administrativos em Educa\u00e7\u00e3o<\/strong> devem comunicar, previamente, \u00e0s suas respectivas chefias imediatas e apresentar o plano de compensa\u00e7\u00e3o.<\/li>\n<\/ul>\n\n\n\n<hr class=\"wp-block-separator has-alpha-channel-opacity\" \/>\n","protected":false},"excerpt":{"rendered":"<p>Considerando a Portaria do Minist\u00e9rio da Gest\u00e3o e da Inova\u00e7\u00e3o (MGI) n\u00ba 3.814, de\u00a017 de julho\u00a0de 2023, que estabelece orienta\u00e7\u00f5es aos \u00f3rg\u00e3os e entidades integrantes da administra\u00e7\u00e3o p\u00fablica federal direta, aut\u00e1rquica e fundacional, acerca do expediente nos dias de jogos da Sele\u00e7\u00e3o Brasileira de Futebol na Copa do Mundo Feminina da FIFA 2023, a Diretora-Geral [&hellip;]<\/p>\n","protected":false},"author":86,"featured_media":0,"comment_status":"closed","ping_status":"closed","sticky":false,"template":"","format":"standard","meta":[],"categories":[10],"tags":[],"_links":{"self":[{"href":"https:\/\/www.ifbaiano.edu.br\/unidades\/santaines\/wp-json\/wp\/v2\/posts\/18883"}],"collection":[{"href":"https:\/\/www.ifbaiano.edu.br\/unidades\/santaines\/wp-json\/wp\/v2\/posts"}],"about":[{"href":"https:\/\/www.ifbaiano.edu.br\/unidades\/santaines\/wp-json\/wp\/v2\/types\/post"}],"author":[{"embeddable":true,"href":"https:\/\/www.ifbaiano.edu.br\/unidades\/santaines\/wp-json\/wp\/v2\/users\/86"}],"replies":[{"embeddable":true,"href":"https:\/\/www.ifbaiano.edu.br\/unidades\/santaines\/wp-json\/wp\/v2\/comments?post=18883"}],"version-history":[{"count":1,"href":"https:\/\/www.ifbaiano.edu.br\/unidades\/santaines\/wp-json\/wp\/v2\/posts\/18883\/revisions"}],"predecessor-version":[{"id":18884,"href":"https:\/\/www.ifbaiano.edu.br\/unidades\/santaines\/wp-json\/wp\/v2\/posts\/18883\/revisions\/18884"}],"wp:attachment":[{"href":"https:\/\/www.ifbaiano.edu.br\/unidades\/santaines\/wp-json\/wp\/v2\/media?parent=18883"}],"wp:term":[{"taxonomy":"category","embeddable":true,"href":"https:\/\/www.ifbaiano.edu.br\/unidades\/santaines\/wp-json\/wp\/v2\/categories?post=18883"},{"taxonomy":"post_tag","embeddable":true,"href":"https:\/\/www.ifbaiano.edu.br\/unidades\/santaines\/wp-json\/wp\/v2\/tags?post=18883"}],"curies":[{"name":"wp","href":"https:\/\/api.w.org\/{rel}","templated":true}]}}