{"id":18885,"date":"2023-07-21T13:21:08","date_gmt":"2023-07-21T16:21:08","guid":{"rendered":"https:\/\/www.ifbaiano.edu.br\/unidades\/santaines\/?p=18885"},"modified":"2023-07-21T13:27:52","modified_gmt":"2023-07-21T16:27:52","slug":"campus-santa-publica-edital-de-vagas-remanescentes-para-curso-de-pos-graduacao","status":"publish","type":"post","link":"https:\/\/www.ifbaiano.edu.br\/unidades\/santaines\/campus-santa-publica-edital-de-vagas-remanescentes-para-curso-de-pos-graduacao\/","title":{"rendered":"Campus Santa publica edital de vagas remanescentes para Curso de P\u00f3s-gradua\u00e7\u00e3o"},"content":{"rendered":"\n<p>Hoje, 21, IF Baiano &#8211; Campus Santa In\u00eas publicou o Edital n\u00ba 129, de 20 de julho de 2023, que prev\u00ea a sele\u00e7\u00e3o de estudantes para provimento de vagas remanescentes do Edital N\u00ba 34, de 21 de mar\u00e7o de<br>2023, para ingresso, no segundo semestre de 2023, no Curso de P\u00f3s-gradua\u00e7\u00e3o Lato Sensu em Desenvolvimento Regional e Meio Ambiente, ofertado pelo campus.<\/p>\n\n\n\n<p>S\u00e3o ofertadas 06 (seis) vagas remanescentes, distribu\u00eddas da seguinte forma: 04 (quatro) vagas para ampla concorr\u00eancia; 01 (uma) vaga para candidatos(as) pretos(as), pardos(as) e ind\u00edgenas (20%); e 01 (uma) vaga para candidato(a) pessoa com defici\u00eancia (5%).<\/p>\n\n\n\n<p>As inscri\u00e7\u00f5es ser\u00e3o gratuitas e realizadas, exclusivamente, atrav\u00e9s do envio dos documentos exigidos para o endere\u00e7o eletr\u00f4nico (e-mail): prosel.drma@si.ifbaiano.edu.br, no per\u00edodo de 25 a 30 de julho de 2023. O candidato precisa estar atento \u00e0s informa\u00e7\u00f5es. Para a inscri\u00e7\u00e3o, dever\u00e1 ser colocado como assunto do e-mail a identifica\u00e7\u00e3o: PROSEL PGDRMA + \u201cNOME COMPLETO DO CANDIDATO\u201d. Todos os documentos a serem anexados dever\u00e3o estar digitalizados no formato PDF em arquivo \u00fanico respeitando a ordem descrita no edital e esse arquivo n\u00e3o poder\u00e1 ultrapassar 19MB. <\/p>\n\n\n\n<p>Todas as informa\u00e7\u00f5es referentes a esse processo seletivo constam do edital que dever\u00e1 ser consultado pelo candidato e, em caso de d\u00favidas, as mesmas dever\u00e3o ser encaminhadas para o e-mail prosel.drma@si.ifbaiano.edu.br.<\/p>\n\n\n\n<p>O Curso de P\u00f3s-gradua\u00e7\u00e3o <em>Lato Sensu<\/em> em Desenvolvimento Regional e Meio Ambiente tem como objetivo central proporcionar a forma\u00e7\u00e3o continuada de profissionais de \u00e1reas afins \u00e0 tem\u00e1tica desenvolvimento regional e meio ambiente, visando o aprofundamento te\u00f3rico-metodol\u00f3gico nas \u00e1reas educacional, da pesquisa cient\u00edfica e pr\u00e1tica profissional, de acordo com as especifica\u00e7\u00f5es da P\u00f3s-gradua\u00e7\u00e3o Lato Sensu.<\/p>\n\n\n\n<hr class=\"wp-block-separator has-alpha-channel-opacity\" \/>\n\n\n\n<p>DOCUMENTOS DESSE PROCESSO SELETIVO<\/p>\n\n\n\n<ul>\n<li><a rel=\"noreferrer noopener\" href=\"https:\/\/concurso.ifbaiano.edu.br\/portal\/pos-desenvolvimento-regional-santa-ines-julho-2023\/wp-content\/uploads\/sites\/837\/2023\/07\/Edital-129-2023-assinado.pdf\" target=\"_blank\">Edital n\u00ba 129<\/a><\/li>\n\n\n\n<li><a rel=\"noreferrer noopener\" href=\"https:\/\/concurso.ifbaiano.edu.br\/portal\/pos-desenvolvimento-regional-santa-ines-julho-2023\/wp-content\/uploads\/sites\/837\/2023\/07\/ANEXO-I-FORMULARIO-PARA-IMPUGNACAO-DO-EDITAL.pdf\" target=\"_blank\">ANEXO I \u2013 FORMUL\u00c1RIO PARA IMPUGNA\u00c7\u00c3O DO EDITAL<\/a><\/li>\n\n\n\n<li><a rel=\"noreferrer noopener\" href=\"https:\/\/concurso.ifbaiano.edu.br\/portal\/pos-desenvolvimento-regional-santa-ines-julho-2023\/wp-content\/uploads\/sites\/837\/2023\/07\/ANEXO-II-FICHA-DE-INSCRICAO.pdf\" target=\"_blank\">ANEXO II \u2013 FICHA DE INSCRI\u00c7\u00c3O<\/a><\/li>\n\n\n\n<li><a rel=\"noreferrer noopener\" href=\"https:\/\/concurso.ifbaiano.edu.br\/portal\/pos-desenvolvimento-regional-santa-ines-julho-2023\/wp-content\/uploads\/sites\/837\/2023\/07\/ANEXO-III-DECLARACAO-DE-DISPONIBILIDADE.pdf\" target=\"_blank\">ANEXO III \u2013 DECLARA\u00c7\u00c3O DE DISPONIBILIDADE<\/a><\/li>\n\n\n\n<li><a rel=\"noreferrer noopener\" href=\"https:\/\/concurso.ifbaiano.edu.br\/portal\/pos-desenvolvimento-regional-santa-ines-julho-2023\/wp-content\/uploads\/sites\/837\/2023\/07\/ANEXO-IV-FORMULARIO-DE-AUTODECLARACAO.pdf\" target=\"_blank\">ANEXO IV \u2013 FORMUL\u00c1RIO DE AUTODECLARA\u00c7\u00c3O<\/a><\/li>\n\n\n\n<li><a rel=\"noreferrer noopener\" href=\"https:\/\/concurso.ifbaiano.edu.br\/portal\/pos-desenvolvimento-regional-santa-ines-julho-2023\/wp-content\/uploads\/sites\/837\/2023\/07\/ANEXO-V-FORMULARIO-DE-DECLARACAO-DE-DEFICIENCIA.pdf\" target=\"_blank\">ANEXO V \u2013 FORMUL\u00c1RIO DE DECLARA\u00c7\u00c3O DE DEFICI\u00cbNCIA<\/a><\/li>\n\n\n\n<li><a rel=\"noreferrer noopener\" href=\"https:\/\/concurso.ifbaiano.edu.br\/portal\/pos-desenvolvimento-regional-santa-ines-julho-2023\/wp-content\/uploads\/sites\/837\/2023\/07\/ANEXO-VI-BAREMA.pdf\" target=\"_blank\">ANEXO VI \u2013 BAREMA<\/a><\/li>\n\n\n\n<li><a rel=\"noreferrer noopener\" href=\"https:\/\/concurso.ifbaiano.edu.br\/portal\/pos-desenvolvimento-regional-santa-ines-julho-2023\/wp-content\/uploads\/sites\/837\/2023\/07\/ANEXO-VII-BAREMA-REFERENCIA.pdf\" target=\"_blank\">ANEXO VII \u2013 BAREMA REFER\u00cbNCIA<\/a><\/li>\n\n\n\n<li><a rel=\"noreferrer noopener\" href=\"https:\/\/concurso.ifbaiano.edu.br\/portal\/pos-desenvolvimento-regional-santa-ines-julho-2023\/wp-content\/uploads\/sites\/837\/2023\/07\/ANEXO-VIII-PLANO-DE-TRABALHO.pdf\" target=\"_blank\">ANEXO VIII \u2013 PLANO DE TRABALHO<\/a><\/li>\n\n\n\n<li><a rel=\"noreferrer noopener\" href=\"https:\/\/concurso.ifbaiano.edu.br\/portal\/pos-desenvolvimento-regional-santa-ines-julho-2023\/wp-content\/uploads\/sites\/837\/2023\/07\/ANEXO-IX-BAREMA-PLANO-DE-TRABALHO.pdf\" target=\"_blank\">ANEXO IX \u2013 BAREMA PLANO DE TRABALHO<\/a><\/li>\n\n\n\n<li><a rel=\"noreferrer noopener\" href=\"https:\/\/concurso.ifbaiano.edu.br\/portal\/pos-desenvolvimento-regional-santa-ines-julho-2023\/wp-content\/uploads\/sites\/837\/2023\/07\/ANEXO-X-FORMULARIO-PARA-RECURSO.pdf\" target=\"_blank\">ANEXO X \u2013 FORMUL\u00c1RIO PARA RECURSO<\/a><\/li>\n<\/ul>\n\n\n\n<hr class=\"wp-block-separator has-alpha-channel-opacity\" \/>\n\n\n\n<p><\/p>\n","protected":false},"excerpt":{"rendered":"<p>Hoje, 21, IF Baiano &#8211; Campus Santa In\u00eas publicou o Edital n\u00ba 129, de 20 de julho de 2023, que prev\u00ea a sele\u00e7\u00e3o de estudantes para provimento de vagas remanescentes do Edital N\u00ba 34, de 21 de mar\u00e7o de2023, para ingresso, no segundo semestre de 2023, no Curso de P\u00f3s-gradua\u00e7\u00e3o Lato Sensu em Desenvolvimento Regional [&hellip;]<\/p>\n","protected":false},"author":86,"featured_media":14953,"comment_status":"closed","ping_status":"closed","sticky":false,"template":"","format":"standard","meta":[],"categories":[4,5,8,57],"tags":[],"_links":{"self":[{"href":"https:\/\/www.ifbaiano.edu.br\/unidades\/santaines\/wp-json\/wp\/v2\/posts\/18885"}],"collection":[{"href":"https:\/\/www.ifbaiano.edu.br\/unidades\/santaines\/wp-json\/wp\/v2\/posts"}],"about":[{"href":"https:\/\/www.ifbaiano.edu.br\/unidades\/santaines\/wp-json\/wp\/v2\/types\/post"}],"author":[{"embeddable":true,"href":"https:\/\/www.ifbaiano.edu.br\/unidades\/santaines\/wp-json\/wp\/v2\/users\/86"}],"replies":[{"embeddable":true,"href":"https:\/\/www.ifbaiano.edu.br\/unidades\/santaines\/wp-json\/wp\/v2\/comments?post=18885"}],"version-history":[{"count":2,"href":"https:\/\/www.ifbaiano.edu.br\/unidades\/santaines\/wp-json\/wp\/v2\/posts\/18885\/revisions"}],"predecessor-version":[{"id":18887,"href":"https:\/\/www.ifbaiano.edu.br\/unidades\/santaines\/wp-json\/wp\/v2\/posts\/18885\/revisions\/18887"}],"wp:featuredmedia":[{"embeddable":true,"href":"https:\/\/www.ifbaiano.edu.br\/unidades\/santaines\/wp-json\/wp\/v2\/media\/14953"}],"wp:attachment":[{"href":"https:\/\/www.ifbaiano.edu.br\/unidades\/santaines\/wp-json\/wp\/v2\/media?parent=18885"}],"wp:term":[{"taxonomy":"category","embeddable":true,"href":"https:\/\/www.ifbaiano.edu.br\/unidades\/santaines\/wp-json\/wp\/v2\/categories?post=18885"},{"taxonomy":"post_tag","embeddable":true,"href":"https:\/\/www.ifbaiano.edu.br\/unidades\/santaines\/wp-json\/wp\/v2\/tags?post=18885"}],"curies":[{"name":"wp","href":"https:\/\/api.w.org\/{rel}","templated":true}]}}