{"id":18916,"date":"2023-08-14T16:48:00","date_gmt":"2023-08-14T19:48:00","guid":{"rendered":"https:\/\/www.ifbaiano.edu.br\/unidades\/santaines\/?p=18916"},"modified":"2023-08-17T09:26:54","modified_gmt":"2023-08-17T12:26:54","slug":"campus-santa-ines-abre-selecao-para-preenchimento-de-13-vagas-ociosas-nos-cursos-superiores-para-transferencia-interna-externa-e-para-portador-de-diploma","status":"publish","type":"post","link":"https:\/\/www.ifbaiano.edu.br\/unidades\/santaines\/campus-santa-ines-abre-selecao-para-preenchimento-de-13-vagas-ociosas-nos-cursos-superiores-para-transferencia-interna-externa-e-para-portador-de-diploma\/","title":{"rendered":"Campus Santa In\u00eas abre sele\u00e7\u00e3o para preenchimento de 13 vagas ociosas nos cursos superiores, para transfer\u00eancia interna, externa e para portador de diploma"},"content":{"rendered":"\n<p>O Instituto Federal Baiano (IF Baiano) &#8211; Campus Santa In\u00eas est\u00e1 com inscri\u00e7\u00f5es abertas para treze vagas ociosas nos cursos de gradua\u00e7\u00e3o ofertados pela institui\u00e7\u00e3o. Do total de vagas ofertadas, cinco para o curso de Licenciatura em Ci\u00eancias Biol\u00f3gicas, tr\u00eas para a Licenciatura em Geografia e cinco para o Bacharelado em Zootecnia.<\/p>\n\n\n\n<p>Poder\u00e3o se candidatar \u00e0s vagas para a transfer\u00eancia externa (TE), entre cursos similares, o aluno de outra institui\u00e7\u00e3o de ensino superior vinculado a curso de gradua\u00e7\u00e3o autorizado ou reconhecido pelo MEC; no \u00e2mbito da transfer\u00eancia interna (TI), entre cursos similares, poder\u00e3o concorrer \u00e0s vagas, os alunos do IF Baiano;  para ingresso, portadores de diploma de cursos superiores de gradua\u00e7\u00e3o em \u00e1reas afins; e reop\u00e7\u00e3o de Curso, mudan\u00e7a para outro curso de gradua\u00e7\u00e3o no mesmo Campus.<\/p>\n\n\n\n<p>As inscri\u00e7\u00f5es s\u00e3o gratuitas e realizadas mediante formaliza\u00e7\u00e3o de <a href=\"https:\/\/www.ifbaiano.edu.br\/unidades\/santaines\/files\/2023\/07\/Ficha-de-Inscricao_Anexo-III_Edital-25.2023.pdf\">requerimento <\/a>e juntada da documenta\u00e7\u00e3o exigida pelo edital (tudo em um \u00fanico arquivo de PDF), no per\u00edodo de 25 de julho a 04 de agosto. O candidato poder\u00e1, tamb\u00e9m, preencher o formul\u00e1rio fixado no site do curso, assin\u00e1-lo e envi\u00e1-lo para o e-mail secretaria@si.ifbaiano.edu.br, anexando todos os documentos exigidos, conforme edital.<\/p>\n\n\n\n<p>O resultado final do processo seletivo est\u00e1 previsto para ser divulgado no dia 16 de agosto de 2023, quando tamb\u00e9m ser\u00e1 publicado no mural da Secretaria de Registro Acad\u00eamico &#8211; SRA do Campus. O candidato dever\u00e1 ficar atento em todas as etapas do processo seletivo e ter conhecimento de todas as informa\u00e7\u00f5es constantes no edital.<\/p>\n\n\n\n<p>O candidato selecionado dever\u00e1 contatar a SRA do IF Baiano &#8211; Campus Santa In\u00eas para realiza\u00e7\u00e3o de matr\u00edcula, do dia 17 at\u00e9 o dia 20 de agosto de 2023, no hor\u00e1rio normal de expediente.<\/p>\n\n\n\n<p>Os detalhes sobre a sele\u00e7\u00e3o, bem como o cronograma do processo seletivo, est\u00e3o dispon\u00edveis no site do IF Baiano &#8211; Campus Santa In\u00eas, bem como na p\u00e1gina de concursos, no portal do IF Baiano. Eventuais d\u00favidas relativas a este edital poder\u00e3o ser dirimidas pelos Colegiados dos Cursos Superiores ou Diretoria Acad\u00eamica.<\/p>\n\n\n\n<hr class=\"wp-block-separator has-alpha-channel-opacity\" \/>\n\n\n\n<ul>\n<li><strong><a href=\"https:\/\/concurso.ifbaiano.edu.br\/portal\/transferencia-santa-ines-julho-2023\/wp-content\/uploads\/sites\/840\/2023\/07\/Edital-no-25.pdf\">EDITAL<\/a><\/strong> <\/li>\n\n\n\n<li><strong><a href=\"https:\/\/www.ifbaiano.edu.br\/unidades\/santaines\/files\/2023\/07\/Ficha-de-Inscricao_Anexo-III_Edital-25.2023.pdf\">FICHA DE INSCRI\u00c7\u00c3O<\/a><\/strong><\/li>\n\n\n\n<li><strong><a href=\"https:\/\/www.ifbaiano.edu.br\/unidades\/santaines\/files\/2023\/08\/Resultado-Preliminar-Transferencia-2023.pdf\">RESULTADO PRELIMINAR TRANSFER\u00caNCIA 2023<\/a><\/strong><\/li>\n\n\n\n<li><strong><a href=\"https:\/\/www.ifbaiano.edu.br\/unidades\/santaines\/files\/2023\/08\/EDITAL-DE-RETIFICACAO-No-29_2023.pdf\">EDITAL DE RETIFICA\u00c7\u00c3O N\u00ba 29\/2023<\/a><\/strong><\/li>\n\n\n\n<li><strong><a href=\"https:\/\/www.ifbaiano.edu.br\/unidades\/santaines\/files\/2023\/08\/RESULTADO-FNAL-DE-TRANSFERENCIA-2023.pdf\" target=\"_blank\" rel=\"noreferrer noopener\">RESULTADO FINAL DE TRANSFER\u00caNCIA 2023<\/a><\/strong><\/li>\n<\/ul>\n\n\n\n<hr class=\"wp-block-separator has-alpha-channel-opacity\" \/>\n\n\n\n<p><\/p>\n","protected":false},"excerpt":{"rendered":"<p>O Instituto Federal Baiano (IF Baiano) &#8211; Campus Santa In\u00eas est\u00e1 com inscri\u00e7\u00f5es abertas para treze vagas ociosas nos cursos de gradua\u00e7\u00e3o ofertados pela institui\u00e7\u00e3o. Do total de vagas ofertadas, cinco para o curso de Licenciatura em Ci\u00eancias Biol\u00f3gicas, tr\u00eas para a Licenciatura em Geografia e cinco para o Bacharelado em Zootecnia. Poder\u00e3o se candidatar [&hellip;]<\/p>\n","protected":false},"author":86,"featured_media":0,"comment_status":"closed","ping_status":"closed","sticky":false,"template":"","format":"standard","meta":[],"categories":[4,12,5,8,57],"tags":[],"_links":{"self":[{"href":"https:\/\/www.ifbaiano.edu.br\/unidades\/santaines\/wp-json\/wp\/v2\/posts\/18916"}],"collection":[{"href":"https:\/\/www.ifbaiano.edu.br\/unidades\/santaines\/wp-json\/wp\/v2\/posts"}],"about":[{"href":"https:\/\/www.ifbaiano.edu.br\/unidades\/santaines\/wp-json\/wp\/v2\/types\/post"}],"author":[{"embeddable":true,"href":"https:\/\/www.ifbaiano.edu.br\/unidades\/santaines\/wp-json\/wp\/v2\/users\/86"}],"replies":[{"embeddable":true,"href":"https:\/\/www.ifbaiano.edu.br\/unidades\/santaines\/wp-json\/wp\/v2\/comments?post=18916"}],"version-history":[{"count":9,"href":"https:\/\/www.ifbaiano.edu.br\/unidades\/santaines\/wp-json\/wp\/v2\/posts\/18916\/revisions"}],"predecessor-version":[{"id":19150,"href":"https:\/\/www.ifbaiano.edu.br\/unidades\/santaines\/wp-json\/wp\/v2\/posts\/18916\/revisions\/19150"}],"wp:attachment":[{"href":"https:\/\/www.ifbaiano.edu.br\/unidades\/santaines\/wp-json\/wp\/v2\/media?parent=18916"}],"wp:term":[{"taxonomy":"category","embeddable":true,"href":"https:\/\/www.ifbaiano.edu.br\/unidades\/santaines\/wp-json\/wp\/v2\/categories?post=18916"},{"taxonomy":"post_tag","embeddable":true,"href":"https:\/\/www.ifbaiano.edu.br\/unidades\/santaines\/wp-json\/wp\/v2\/tags?post=18916"}],"curies":[{"name":"wp","href":"https:\/\/api.w.org\/{rel}","templated":true}]}}