{"id":18961,"date":"2023-07-28T21:38:10","date_gmt":"2023-07-29T00:38:10","guid":{"rendered":"https:\/\/www.ifbaiano.edu.br\/unidades\/santaines\/?p=18961"},"modified":"2023-07-28T21:38:10","modified_gmt":"2023-07-29T00:38:10","slug":"ultimo-dia-de-inscricoes-no-famif-2023-participe","status":"publish","type":"post","link":"https:\/\/www.ifbaiano.edu.br\/unidades\/santaines\/ultimo-dia-de-inscricoes-no-famif-2023-participe\/","title":{"rendered":"\u00daltimo dia de inscri\u00e7\u00f5es no FAMIF 2023: Participe!"},"content":{"rendered":"\n<p>Ainda restam algumas horas para se inscrever no Festival de Arte e M\u00fasica do IF Baiano. As inscri\u00e7\u00f5es v\u00e3o at\u00e9 \u00e0s 23h59 desta sexta-feira, 28. &nbsp;<\/p>\n\n\n\n<p>Estudantes, ex-alunos, servidores efetivos ou colaboradores podem participar das seletivas locais do Festival com performances art\u00edsticas nas seguintes modalidades: &nbsp;<\/p>\n\n\n\n<p><strong>1) Interpreta\u00e7\u00e3o musical autoral;&nbsp;<\/strong>&nbsp;<\/p>\n\n\n\n<p><strong>2) Interpreta\u00e7\u00e3o musical n\u00e3o autoral;&nbsp;<\/strong>&nbsp;<\/p>\n\n\n\n<p><strong>3) M\u00fasica instrumental autoral e n\u00e3o autoral;&nbsp;<\/strong>&nbsp;<\/p>\n\n\n\n<p><strong>4) Declama\u00e7\u00e3o de poema;&nbsp;<\/strong>&nbsp;<\/p>\n\n\n\n<p><strong>5) Performance c\u00eanica (teatro, stand up comedy, arte circense, etc.);&nbsp;<\/strong>&nbsp;<\/p>\n\n\n\n<p><strong>6) Dan\u00e7a; e&nbsp;<\/strong>&nbsp;<\/p>\n\n\n\n<p><strong>7) Artes visuais (pintura, desenho, colagem, grafite, fotografia, escultura, gravura, arte t\u00eaxtil, vitral e maquiagem art\u00edstica)<\/strong>.&nbsp;<\/p>\n\n\n\n<p>As inscri\u00e7\u00f5es devem ser feitas por meio do<a href=\"https:\/\/docs.google.com\/forms\/d\/e\/1FAIpQLSfcbnfhCAie3vGtksR3Vn4MInX_izETouGyN5-9CRBXCbhAMg\/closedform\" target=\"_blank\" rel=\"noreferrer noopener\"><strong>&nbsp;preenchimento do formul\u00e1rio<\/strong><\/a>, contido no<a href=\"https:\/\/concurso.ifbaiano.edu.br\/portal\/famif-2023\/wp-content\/uploads\/sites\/807\/2023\/05\/Edital-82-2023-FAMIF-BAIANO-2023.pdf\" target=\"_blank\" rel=\"noreferrer noopener\"><strong>&nbsp;edital<\/strong><\/a>. Um mesmo candidato poder\u00e1 realizar at\u00e9 duas inscri\u00e7\u00f5es, em mais de uma modalidade e formato de apresenta\u00e7\u00e3o, por\u00e9m em apenas uma das categorias.&nbsp;<\/p>\n\n\n\n<p><strong>\u201cVem ver o que a Bahia tem\u201d<\/strong>&nbsp;\u00e9 o tema da quarta edi\u00e7\u00e3o do festival, que ter\u00e1 sua etapa final realizada no Campus Bom Jesus da Lapa. O FAMIF re\u00fane artistas de todas as unidades do IF Baiano e revela&nbsp;a diversidade cultural dos 17 territ\u00f3rios onde o Instituto atua.&nbsp;<\/p>\n","protected":false},"excerpt":{"rendered":"<p>Ainda restam algumas horas para se inscrever no Festival de Arte e M\u00fasica do IF Baiano. As inscri\u00e7\u00f5es v\u00e3o at\u00e9 \u00e0s 23h59 desta sexta-feira, 28. &nbsp; Estudantes, ex-alunos, servidores efetivos ou colaboradores podem participar das seletivas locais do Festival com performances art\u00edsticas nas seguintes modalidades: &nbsp; 1) Interpreta\u00e7\u00e3o musical autoral;&nbsp;&nbsp; 2) Interpreta\u00e7\u00e3o musical n\u00e3o autoral;&nbsp;&nbsp; [&hellip;]<\/p>\n","protected":false},"author":86,"featured_media":18962,"comment_status":"closed","ping_status":"closed","sticky":false,"template":"","format":"standard","meta":[],"categories":[4,57],"tags":[],"_links":{"self":[{"href":"https:\/\/www.ifbaiano.edu.br\/unidades\/santaines\/wp-json\/wp\/v2\/posts\/18961"}],"collection":[{"href":"https:\/\/www.ifbaiano.edu.br\/unidades\/santaines\/wp-json\/wp\/v2\/posts"}],"about":[{"href":"https:\/\/www.ifbaiano.edu.br\/unidades\/santaines\/wp-json\/wp\/v2\/types\/post"}],"author":[{"embeddable":true,"href":"https:\/\/www.ifbaiano.edu.br\/unidades\/santaines\/wp-json\/wp\/v2\/users\/86"}],"replies":[{"embeddable":true,"href":"https:\/\/www.ifbaiano.edu.br\/unidades\/santaines\/wp-json\/wp\/v2\/comments?post=18961"}],"version-history":[{"count":1,"href":"https:\/\/www.ifbaiano.edu.br\/unidades\/santaines\/wp-json\/wp\/v2\/posts\/18961\/revisions"}],"predecessor-version":[{"id":18964,"href":"https:\/\/www.ifbaiano.edu.br\/unidades\/santaines\/wp-json\/wp\/v2\/posts\/18961\/revisions\/18964"}],"wp:featuredmedia":[{"embeddable":true,"href":"https:\/\/www.ifbaiano.edu.br\/unidades\/santaines\/wp-json\/wp\/v2\/media\/18962"}],"wp:attachment":[{"href":"https:\/\/www.ifbaiano.edu.br\/unidades\/santaines\/wp-json\/wp\/v2\/media?parent=18961"}],"wp:term":[{"taxonomy":"category","embeddable":true,"href":"https:\/\/www.ifbaiano.edu.br\/unidades\/santaines\/wp-json\/wp\/v2\/categories?post=18961"},{"taxonomy":"post_tag","embeddable":true,"href":"https:\/\/www.ifbaiano.edu.br\/unidades\/santaines\/wp-json\/wp\/v2\/tags?post=18961"}],"curies":[{"name":"wp","href":"https:\/\/api.w.org\/{rel}","templated":true}]}}