{"id":18980,"date":"2023-08-01T09:04:06","date_gmt":"2023-08-01T12:04:06","guid":{"rendered":"https:\/\/www.ifbaiano.edu.br\/unidades\/santaines\/?p=18980"},"modified":"2023-08-04T15:35:02","modified_gmt":"2023-08-04T18:35:02","slug":"aprovados-no-processo-seletivo-para-o-curso-tecnico-subsequente-em-informatica-ja-podem-efetuar-a-matricula","status":"publish","type":"post","link":"https:\/\/www.ifbaiano.edu.br\/unidades\/santaines\/aprovados-no-processo-seletivo-para-o-curso-tecnico-subsequente-em-informatica-ja-podem-efetuar-a-matricula\/","title":{"rendered":"Aprovados no processo seletivo para o Curso T\u00e9cnico Subsequente em Inform\u00e1tica j\u00e1 podem efetuar a matr\u00edcula"},"content":{"rendered":"\n<p>Candidatos(as) aprovados no processo seletivo para o Curso T\u00e9cnico Subsequente em Inform\u00e1tica (<a href=\"https:\/\/www.ifbaiano.edu.br\/unidades\/santaines\/files\/2023\/05\/Processo-seletivo-para-ingresso-de-estudantes-no-curso-tecnico-em-informatica-subsequente-Edital-20-2023.pdf\">Edital n\u00ba 20\/2023<\/a>),  devem efetuar a matr\u00edcula at\u00e9 a pr\u00f3xima sexta-feira, dia 11 de agosto de 2023. Para a efetiva\u00e7\u00e3o da matr\u00edcula, os(as) candidatos(as)  convocados(as) e\/ou seus respons\u00e1veis legais dever\u00e3o comparecer na Secretaria de Registros Acad\u00eamicos (SRA) do IF Baiano &#8211; Campus Santa In\u00eas, no hor\u00e1rio das 8h \u00e0s 11h30min e 13h30min \u00e0s 16h, munidos das c\u00f3pias e originais dos documentos descritos no <a href=\"https:\/\/www.ifbaiano.edu.br\/unidades\/santaines\/files\/2023\/07\/Edital-matricula-Subsequente-Informatica.pdf\">Edital de Matr\u00edcula<\/a>. <\/p>\n\n\n\n<p>O per\u00edodo de matr\u00edcula que, inicialmente, de acordo com o primeiro <a href=\"https:\/\/www.ifbaiano.edu.br\/unidades\/santaines\/files\/2023\/08\/Edital-de-Retificacao-No-27-2023-Informatica-Subsequente.pdf\">Edital de Retifica\u00e7\u00e3o n\u00ba 27\/2023<\/a> seria de 01 a 04 de agosto de 2023, foi prorrogado para de <strong>01 a 11 de agosto de 2023<\/strong>, conforme <a href=\"https:\/\/concurso.ifbaiano.edu.br\/portal\/ingresso-subsequente-informatica-santa-ines-maio-2023\/wp-content\/uploads\/sites\/806\/2023\/08\/Edital-de-Retificacao-No-28-2023-de-04-08-2023.pdf\">Edital de Retifica\u00e7\u00e3o n\u00ba 28\/2023<\/a>.<\/p>\n\n\n\n<p><strong>Documenta\u00e7\u00e3o para candidatos(as) de Ampla Concorr\u00eancia (A0)<\/strong><br>I. Documento de Identifica\u00e7\u00e3o (RG, CNH, Carteira de Trabalho e Previd\u00eancia Social ou Carteira de Identidade Profissional)<\/p>\n\n\n\n<p>II. CPF;<\/p>\n\n\n\n<p>III. Certid\u00e3o de Nascimento ou casamento;<\/p>\n\n\n\n<p>IV. &#8211; Hist\u00f3rico escolar do ensino m\u00e9dio, ou comprovante de certifica\u00e7\u00e3o do ensino m\u00e9dio pelo ENEM ou pelo ENCCEJA. Quando oriundo de pa\u00eds estrangeiro, esse documento dever\u00e1 estar revalidado e devidamente acompanhado da respectiva tradu\u00e7\u00e3o juramentada; <\/p>\n\n\n\n<p>V. Grupo sangu\u00edneo do sistema ABO e fator RH;<\/p>\n\n\n\n<p>VI. Cart\u00e3o de vacina\u00e7\u00e3o constando vacina contra t\u00e9tano nos \u00fal@mos dez anos;<\/p>\n\n\n\n<p>VII. Cart\u00e3o do SUS;<\/p>\n\n\n\n<p>VIII. Comprovante de resid\u00eancia do ano corrente ou declara\u00e7\u00e3o de domic\u00edlio;<\/p>\n\n\n\n<p>IX. Certificado de Quita\u00e7\u00e3o do Servi\u00e7o Militar (para candidatos do sexo masculino a partir dos 18 anos);<\/p>\n\n\n\n<p>X. <a href=\"\/\/www.treba.jus.br\/eleitor\/cer@does\/cer@dao-de-quitacao-eleitoral\">Quita\u00e7\u00e3o da Justi\u00e7a Eleitoral<\/a> para candidatos maiores de 18 anos;<\/p>\n\n\n\n<p>XI. RG e CPF do(a) respons\u00e1vel se o(a) candidato(a) for menor de 18 anos;<\/p>\n\n\n\n<p>XII. 02 fotos 3\u00d74 (recentes).<\/p>\n\n\n\n<p>Os(as) candidatos(as) que concorreram \u00e0s cotas precisam apresentar, al\u00e9m da documenta\u00e7\u00e3o descrita acima, documenta\u00e7\u00f5es espec\u00edficas referentes \u00e0 respectiva vaga concorrida. Todas as documenta\u00e7\u00f5es est\u00e3o descritas no <a href=\"https:\/\/www.ifbaiano.edu.br\/unidades\/santaines\/files\/2023\/07\/Edital-matricula-Subsequente-Informatica.pdf\">Edital de Matr\u00edcula<\/a>.<\/p>\n\n\n\n<p>\u00c9 imprescind\u00edvel que o(a) candidato(a) realize a matr\u00edcula, pois este \u00e9 um ato obrigat\u00f3rio e, caso esta n\u00e3o seja realizada no per\u00edodo de 01 a 04\/08\/2023, o(a) candidato(a) poder\u00e1 perder o direito \u00e0 vaga para o curso.<\/p>\n\n\n\n<hr class=\"wp-block-separator has-alpha-channel-opacity\" \/>\n\n\n\n<p><a href=\"https:\/\/www.ifbaiano.edu.br\/unidades\/santaines\/o-instituto-federal-de-educacao-ciencia-e-tecnologia-baiano-campus-santa-ines-abre-vagas-para-o-curso-tecnico-subsequente-em-informatica\/\">CLIQUE AQUI<\/a> para outras informa\u00e7\u00f5es sobre este Processo Seletivo.<\/p>\n\n\n\n<p><br><\/p>\n","protected":false},"excerpt":{"rendered":"<p>Candidatos(as) aprovados no processo seletivo para o Curso T\u00e9cnico Subsequente em Inform\u00e1tica (Edital n\u00ba 20\/2023), devem efetuar a matr\u00edcula at\u00e9 a pr\u00f3xima sexta-feira, dia 11 de agosto de 2023. Para a efetiva\u00e7\u00e3o da matr\u00edcula, os(as) candidatos(as) convocados(as) e\/ou seus respons\u00e1veis legais dever\u00e3o comparecer na Secretaria de Registros Acad\u00eamicos (SRA) do IF Baiano &#8211; Campus Santa [&hellip;]<\/p>\n","protected":false},"author":86,"featured_media":0,"comment_status":"closed","ping_status":"closed","sticky":false,"template":"","format":"standard","meta":[],"categories":[4,5,8,57],"tags":[],"_links":{"self":[{"href":"https:\/\/www.ifbaiano.edu.br\/unidades\/santaines\/wp-json\/wp\/v2\/posts\/18980"}],"collection":[{"href":"https:\/\/www.ifbaiano.edu.br\/unidades\/santaines\/wp-json\/wp\/v2\/posts"}],"about":[{"href":"https:\/\/www.ifbaiano.edu.br\/unidades\/santaines\/wp-json\/wp\/v2\/types\/post"}],"author":[{"embeddable":true,"href":"https:\/\/www.ifbaiano.edu.br\/unidades\/santaines\/wp-json\/wp\/v2\/users\/86"}],"replies":[{"embeddable":true,"href":"https:\/\/www.ifbaiano.edu.br\/unidades\/santaines\/wp-json\/wp\/v2\/comments?post=18980"}],"version-history":[{"count":7,"href":"https:\/\/www.ifbaiano.edu.br\/unidades\/santaines\/wp-json\/wp\/v2\/posts\/18980\/revisions"}],"predecessor-version":[{"id":19027,"href":"https:\/\/www.ifbaiano.edu.br\/unidades\/santaines\/wp-json\/wp\/v2\/posts\/18980\/revisions\/19027"}],"wp:attachment":[{"href":"https:\/\/www.ifbaiano.edu.br\/unidades\/santaines\/wp-json\/wp\/v2\/media?parent=18980"}],"wp:term":[{"taxonomy":"category","embeddable":true,"href":"https:\/\/www.ifbaiano.edu.br\/unidades\/santaines\/wp-json\/wp\/v2\/categories?post=18980"},{"taxonomy":"post_tag","embeddable":true,"href":"https:\/\/www.ifbaiano.edu.br\/unidades\/santaines\/wp-json\/wp\/v2\/tags?post=18980"}],"curies":[{"name":"wp","href":"https:\/\/api.w.org\/{rel}","templated":true}]}}