{"id":1902,"date":"2012-05-16T12:40:30","date_gmt":"2012-05-16T15:40:30","guid":{"rendered":"http:\/\/www.ifbaiano.edu.br\/unidades\/santaines\/?p=1902"},"modified":"2012-05-16T12:40:30","modified_gmt":"2012-05-16T15:40:30","slug":"campus-santa-ines-oferece-3-cursos-de-curta-duracao-para-a-comunidade-interna","status":"publish","type":"post","link":"https:\/\/www.ifbaiano.edu.br\/unidades\/santaines\/campus-santa-ines-oferece-3-cursos-de-curta-duracao-para-a-comunidade-interna\/","title":{"rendered":"Campus Santa In\u00eas oferece 3 cursos de curta dura\u00e7\u00e3o para a comunidade interna"},"content":{"rendered":"<p style=\"text-align: justify\">Os cursos de Interpreta\u00e7\u00e3o, Filmagem e Edi\u00e7\u00e3o ser\u00e3o ofertados para toda a comunidade escolar (estudantes, t\u00e9cnicos, docentes e colaboradores), e ter\u00e3o curta dura\u00e7\u00e3o, com conte\u00fado voltado em maior parte para a pr\u00e1tica. Ao final, os estudantes que obtiverem bom desempenho receber\u00e3o certificados e um DVD de portf\u00f3lio, e poder\u00e3o compor o N\u00facleo de Comunica\u00e7\u00e3o e Audiovisual do c\u00e2mpus.<\/p>\n<p>AS INSCRI\u00c7\u00d5ES: Os interessados devem enviar email com dados (nome, s\u00e9rie, turma, idade e fun\u00e7\u00e3o, caso servidor) at\u00e9 o dia 31 de maio, para<a href=\"mailto:comunicacao@si.ifbaiano.edu.br\"> comunicacao@si.ifbaiano.edu.br<\/a> e informar, no t\u00edtulo, o(s) curso(s) que deseja(m) participar, e em anexo um pequeno texto dissertativo explicando o motivo da escolha do curso (ser\u00e1 a forma de julgamento utilizada pela banca avaliadora). Cada estudante poder\u00e1 escolher qualquer um dos cursos, at\u00e9 os tr\u00eas ao mesmo tempo, por\u00e9m para cada curso, um texto dissertativo diferente. Vagas limitadas!<\/p>\n<p style=\"text-align: justify\">Confira o cartaz do Evento<\/p>\n<div id=\"attachment_1904\" style=\"width: 310px\" class=\"wp-caption alignleft\"><a href=\"http:\/\/www.ifbaiano.edu.br\/unidades\/santaines\/files\/2012\/05\/CARTAZ-CURSO-NUCLEO1.jpg\"><img aria-describedby=\"caption-attachment-1904\" decoding=\"async\" loading=\"lazy\" class=\"size-medium wp-image-1904\" src=\"http:\/\/www.ifbaiano.edu.br\/unidades\/santaines\/files\/2012\/05\/CARTAZ-CURSO-NUCLEO1-300x212.jpg\" alt=\"\" width=\"300\" height=\"212\" srcset=\"https:\/\/www.ifbaiano.edu.br\/unidades\/santaines\/files\/2012\/05\/CARTAZ-CURSO-NUCLEO1-300x212.jpg 300w, https:\/\/www.ifbaiano.edu.br\/unidades\/santaines\/files\/2012\/05\/CARTAZ-CURSO-NUCLEO1-1024x724.jpg 1024w, https:\/\/www.ifbaiano.edu.br\/unidades\/santaines\/files\/2012\/05\/CARTAZ-CURSO-NUCLEO1-400x282.jpg 400w, https:\/\/www.ifbaiano.edu.br\/unidades\/santaines\/files\/2012\/05\/CARTAZ-CURSO-NUCLEO1.jpg 1280w\" sizes=\"(max-width: 300px) 100vw, 300px\" \/><\/a><p id=\"caption-attachment-1904\" class=\"wp-caption-text\">Clique na imagem para ampliar<\/p><\/div>\n<p style=\"text-align: justify\">\n<a href=\"http:\/\/www.ifbaiano.edu.br\/unidades\/santaines\/files\/2012\/05\/CARTAZ-CURSO-NUCLEO.jpg\"><br \/>\n<\/a><\/p>\n","protected":false},"excerpt":{"rendered":"<p>Os cursos de Interpreta\u00e7\u00e3o, Filmagem e Edi\u00e7\u00e3o ser\u00e3o ofertados para toda a comunidade escolar (estudantes, t\u00e9cnicos, docentes e colaboradores), e ter\u00e3o curta dura\u00e7\u00e3o, com conte\u00fado voltado em maior parte para a pr\u00e1tica. Ao final, os estudantes que obtiverem bom desempenho receber\u00e3o certificados e um DVD de portf\u00f3lio, e poder\u00e3o compor o N\u00facleo de Comunica\u00e7\u00e3o e [&hellip;]<\/p>\n","protected":false},"author":26,"featured_media":0,"comment_status":"closed","ping_status":"closed","sticky":false,"template":"","format":"standard","meta":[],"categories":[10],"tags":[],"_links":{"self":[{"href":"https:\/\/www.ifbaiano.edu.br\/unidades\/santaines\/wp-json\/wp\/v2\/posts\/1902"}],"collection":[{"href":"https:\/\/www.ifbaiano.edu.br\/unidades\/santaines\/wp-json\/wp\/v2\/posts"}],"about":[{"href":"https:\/\/www.ifbaiano.edu.br\/unidades\/santaines\/wp-json\/wp\/v2\/types\/post"}],"author":[{"embeddable":true,"href":"https:\/\/www.ifbaiano.edu.br\/unidades\/santaines\/wp-json\/wp\/v2\/users\/26"}],"replies":[{"embeddable":true,"href":"https:\/\/www.ifbaiano.edu.br\/unidades\/santaines\/wp-json\/wp\/v2\/comments?post=1902"}],"version-history":[{"count":1,"href":"https:\/\/www.ifbaiano.edu.br\/unidades\/santaines\/wp-json\/wp\/v2\/posts\/1902\/revisions"}],"predecessor-version":[{"id":1905,"href":"https:\/\/www.ifbaiano.edu.br\/unidades\/santaines\/wp-json\/wp\/v2\/posts\/1902\/revisions\/1905"}],"wp:attachment":[{"href":"https:\/\/www.ifbaiano.edu.br\/unidades\/santaines\/wp-json\/wp\/v2\/media?parent=1902"}],"wp:term":[{"taxonomy":"category","embeddable":true,"href":"https:\/\/www.ifbaiano.edu.br\/unidades\/santaines\/wp-json\/wp\/v2\/categories?post=1902"},{"taxonomy":"post_tag","embeddable":true,"href":"https:\/\/www.ifbaiano.edu.br\/unidades\/santaines\/wp-json\/wp\/v2\/tags?post=1902"}],"curies":[{"name":"wp","href":"https:\/\/api.w.org\/{rel}","templated":true}]}}