{"id":19033,"date":"2023-08-07T08:31:32","date_gmt":"2023-08-07T11:31:32","guid":{"rendered":"https:\/\/www.ifbaiano.edu.br\/unidades\/santaines\/?p=19033"},"modified":"2023-08-07T08:31:33","modified_gmt":"2023-08-07T11:31:33","slug":"if-baiano-lanca-consulta-publica-para-contribuicoes-com-a-politica-de-privacidade-da-instituicao","status":"publish","type":"post","link":"https:\/\/www.ifbaiano.edu.br\/unidades\/santaines\/if-baiano-lanca-consulta-publica-para-contribuicoes-com-a-politica-de-privacidade-da-instituicao\/","title":{"rendered":"IF Baiano lan\u00e7a consulta p\u00fablica para contribui\u00e7\u00f5es com a Pol\u00edtica de Privacidade da Institui\u00e7\u00e3o"},"content":{"rendered":"\n<p>A&nbsp;<a href=\"https:\/\/ifbaiano.edu.br\/portal\/wp-content\/uploads\/2023\/06\/Politica-de-Privacidade-LGPD.pdf\" target=\"_blank\" rel=\"noreferrer noopener\">minuta da Pol\u00edtica de Privacidade no Tratamento de Dados Pessoais<\/a>&nbsp;do IF Baiano j\u00e1 est\u00e1 dispon\u00edvel para consulta e contribui\u00e7\u00f5es. As contribui\u00e7\u00f5es ser\u00e3o realizadas atrav\u00e9s de&nbsp;<a href=\"https:\/\/opinanovo.ifbaiano.edu.br\/index.php\/885179?lang=pt-BR\" target=\"_blank\" rel=\"noreferrer noopener\">formul\u00e1rio na Plataforma Opina<\/a>&nbsp;at\u00e9 o dia 31 de agosto. Servidores e estudantes podem propor altera\u00e7\u00e3o, exclus\u00e3o e inclus\u00e3o de artigos, trechos ou palavras. A Pol\u00edtica \u00e9 criada para melhor atender as determina\u00e7\u00f5es da&nbsp;<a href=\"http:\/\/www.planalto.gov.br\/ccivil_03\/_ato2015-2018\/2018\/lei\/L13709.htm\" target=\"_blank\" rel=\"noreferrer noopener\">Lei Geral de Prote\u00e7\u00e3o de Dados Pessoais (Lei Federal de n\u00ba 13.709, de 14 de agosto de 2018)<\/a>, que entrou em vigor em setembro de 2018.&nbsp;<\/p>\n\n\n\n<p>Considerando a vig\u00eancia da Lei, o IF Baiano tem adotado medidas com o fim de se adequar \u00e0 legisla\u00e7\u00e3o e garantir a seguran\u00e7a e a privacidade dos dados dos cidad\u00e3os e de seus servidores. O tema da prote\u00e7\u00e3o de dados \u00e9 muito relevante neste momento em que vivemos, no qual os documentos e dados pessoais recebidos e tratados pelas empresas e institui\u00e7\u00f5es deixaram de ser conservados em arquivos f\u00edsicos. &nbsp;<\/p>\n\n\n\n<p>Hoje, dados como nome, endere\u00e7o, telefone e hist\u00f3rico de cr\u00e9dito ficam armazenados em computadores. Os arquivos virtuais s\u00e3o mais acess\u00edveis e compartilh\u00e1veis, o que facilita e acelera muitos servi\u00e7os, mas tamb\u00e9m gera novas discuss\u00f5es sobre privacidade e seguran\u00e7a no tratamento de dados.&nbsp;<\/p>\n\n\n\n<p>A implementa\u00e7\u00e3o da LGPD \u00e9 um grande avan\u00e7o para o Brasil, que ingressa no rol dos pa\u00edses que possuem uma lei exclusiva para regulamentar a pol\u00edtica de privacidade de dados pessoais. A inten\u00e7\u00e3o da legisla\u00e7\u00e3o \u00e9 garantir que as pessoas tenham mais controle sobre seus dados, fazendo com que as institui\u00e7\u00f5es tratem essas informa\u00e7\u00f5es de forma respons\u00e1vel e segura. Visa tamb\u00e9m estimular o desenvolvimento tecnol\u00f3gico e econ\u00f4mico do pa\u00eds, com base no respeito \u00e0 privacidade e \u00e0 prote\u00e7\u00e3o de dados pessoais.<\/p>\n\n\n\n<p><strong>Conhe\u00e7a alguns direitos garantidos pela LGPD:<\/strong>&nbsp;<\/p>\n\n\n\n<ul>\n<li>Direito \u00e0 confirma\u00e7\u00e3o da exist\u00eancia de tratamento de dados pessoais;&nbsp;<\/li>\n\n\n\n<li>Direito de acesso aos dados pessoais tratados;&nbsp;<\/li>\n\n\n\n<li>Direito \u00e0 corre\u00e7\u00e3o de dados incompletos, inexatos ou desatualizados;&nbsp;<\/li>\n\n\n\n<li>Direito \u00e0 anonimiza\u00e7\u00e3o, bloqueio ou elimina\u00e7\u00e3o de dados desnecess\u00e1rios ou excessivos;&nbsp;<\/li>\n\n\n\n<li>Direito \u00e0 portabilidade dos dados a outro fornecedor de servi\u00e7o ou produto;&nbsp;<\/li>\n\n\n\n<li>Direito \u00e0 elimina\u00e7\u00e3o dos dados pessoais tratados com o consentimento do titular;&nbsp;<\/li>\n\n\n\n<li>Direito \u00e0 informa\u00e7\u00e3o das entidades p\u00fablicas e privadas com as quais o controlador realizou uso compartilhado de dados;&nbsp;<\/li>\n\n\n\n<li>Direito \u00e0 informa\u00e7\u00e3o sobre a possibilidade de n\u00e3o fornecer consentimento e sobre as consequ\u00eancias da negativa;&nbsp;<\/li>\n\n\n\n<li>Direito \u00e0 revoga\u00e7\u00e3o do consentimento.\u00a0<\/li>\n<\/ul>\n\n\n\n<hr class=\"wp-block-separator has-alpha-channel-opacity\" \/>\n\n\n\n<p><\/p>\n","protected":false},"excerpt":{"rendered":"<p>A&nbsp;minuta da Pol\u00edtica de Privacidade no Tratamento de Dados Pessoais&nbsp;do IF Baiano j\u00e1 est\u00e1 dispon\u00edvel para consulta e contribui\u00e7\u00f5es. As contribui\u00e7\u00f5es ser\u00e3o realizadas atrav\u00e9s de&nbsp;formul\u00e1rio na Plataforma Opina&nbsp;at\u00e9 o dia 31 de agosto. Servidores e estudantes podem propor altera\u00e7\u00e3o, exclus\u00e3o e inclus\u00e3o de artigos, trechos ou palavras. A Pol\u00edtica \u00e9 criada para melhor atender as [&hellip;]<\/p>\n","protected":false},"author":86,"featured_media":19034,"comment_status":"closed","ping_status":"closed","sticky":false,"template":"","format":"standard","meta":[],"categories":[4,57],"tags":[],"_links":{"self":[{"href":"https:\/\/www.ifbaiano.edu.br\/unidades\/santaines\/wp-json\/wp\/v2\/posts\/19033"}],"collection":[{"href":"https:\/\/www.ifbaiano.edu.br\/unidades\/santaines\/wp-json\/wp\/v2\/posts"}],"about":[{"href":"https:\/\/www.ifbaiano.edu.br\/unidades\/santaines\/wp-json\/wp\/v2\/types\/post"}],"author":[{"embeddable":true,"href":"https:\/\/www.ifbaiano.edu.br\/unidades\/santaines\/wp-json\/wp\/v2\/users\/86"}],"replies":[{"embeddable":true,"href":"https:\/\/www.ifbaiano.edu.br\/unidades\/santaines\/wp-json\/wp\/v2\/comments?post=19033"}],"version-history":[{"count":1,"href":"https:\/\/www.ifbaiano.edu.br\/unidades\/santaines\/wp-json\/wp\/v2\/posts\/19033\/revisions"}],"predecessor-version":[{"id":19035,"href":"https:\/\/www.ifbaiano.edu.br\/unidades\/santaines\/wp-json\/wp\/v2\/posts\/19033\/revisions\/19035"}],"wp:featuredmedia":[{"embeddable":true,"href":"https:\/\/www.ifbaiano.edu.br\/unidades\/santaines\/wp-json\/wp\/v2\/media\/19034"}],"wp:attachment":[{"href":"https:\/\/www.ifbaiano.edu.br\/unidades\/santaines\/wp-json\/wp\/v2\/media?parent=19033"}],"wp:term":[{"taxonomy":"category","embeddable":true,"href":"https:\/\/www.ifbaiano.edu.br\/unidades\/santaines\/wp-json\/wp\/v2\/categories?post=19033"},{"taxonomy":"post_tag","embeddable":true,"href":"https:\/\/www.ifbaiano.edu.br\/unidades\/santaines\/wp-json\/wp\/v2\/tags?post=19033"}],"curies":[{"name":"wp","href":"https:\/\/api.w.org\/{rel}","templated":true}]}}